{"id":43585,"date":"2024-10-07T09:55:16","date_gmt":"2024-10-07T09:55:16","guid":{"rendered":"https:\/\/dekkbi.com\/?p=43585"},"modified":"2024-10-07T09:55:16","modified_gmt":"2024-10-07T09:55:16","slug":"legislatives-du-17-novembre-babacar-gaye-leader-de-mankoo-mucc-exprime-son-soutien-a-toutes-les-candidatures-de-lopposition","status":"publish","type":"post","link":"https:\/\/dekkbi.com\/?p=43585","title":{"rendered":"L\u00e9gislatives du 17 Novembre : Babacar Gaye, Leader de Mankoo Mucc exprime son soutien \u00e0 \u00ab toutes les candidatures de l&rsquo;opposition \u00bb"},"content":{"rendered":"\n<h3 class=\"wp-block-heading\">Tout sauf l\u2019actuel r\u00e9gime, c\u2019est ce que semble exprimer, le Leader de Mankoo Mucc, Babacar Gaye. \u00ab Contre la volont\u00e9 de la g\u00e9n\u00e9ration Gatsa Gatsa, Mortal kombat, Tik-tok , sur sa page Facebook, il opte pour toutes les candidatures de l&rsquo;opposition et encourage particuli\u00e8rement les coalitions \u201cTakku W\u00e0llu S\u00e9n\u00e9gal\u201d, \u201cS\u00e0mm Sa K\u00e0ddu\u201d, \u201cJ\u00e0mm ak Njari\u00f1\u201d <\/h3>\n\n\n\n<p>L\u2019int\u00e9gralit\u00e9 de son Post :<\/p>\n\n\n\n<p>Oui \u00e0 un Pacte de Solidarit\u00e9 et de Victoire<br>Comme je l&rsquo;ai d\u00e9cid\u00e9 depuis 2014, je ne cours plus derri\u00e8re des postes ou des mandats. La politique m&rsquo;a tout donn\u00e9 et je n&rsquo;ai plus rien \u00e0 prouver. Et il arrive des moments o\u00f9 il faut avoir la g\u00e9n\u00e9rosit\u00e9 de faire de la place aux plus jeunes. Pour autant, le devenir du S\u00e9n\u00e9gal ne me laissera jamais indiff\u00e9rent. A l&rsquo;image de toutes les autres, ma g\u00e9n\u00e9ration a une mission \u00e0 accomplir.<\/p>\n\n\n\n<p>Dans son testament intellectuel posthume, Frantz Fanon a \u00e9crit : \u201cChaque g\u00e9n\u00e9ration doit, dans une relative opacit\u00e9, \u00acaffronter sa mission : la remplir ou la trahir\u201d. Apr\u00e8s seulement 6 mois au pouvoir, Pastef entre dans une crise profonde de comp\u00e9tences, pi\u00e9tine les institutions et bafoue tous les acquis d\u00e9mocratiques s&rsquo;il ne brutalise pas les derniers remparts contre le fascisme. Le populisme gagne du terrain, menace partout et tout le monde.<\/p>\n\n\n\n<p>Tous les signaux montrent que nous sommes assis sur une poudri\u00e8re; et le compte \u00e0 rebours de la d\u00e9flagration est enclench\u00e9.<\/p>\n\n\n\n<p>C&rsquo;est dans un tel contexte que ma g\u00e9n\u00e9ration de septuag\u00e9naires fait face \u00e0 de multiples d\u00e9fis qui menacent notre vivre ensemble. Une seule question demeure : trahir ou servir notre mission.<\/p>\n\n\n\n<p>Affronter sa mission, c&rsquo;est accepter la responsabilit\u00e9 de ses actions en prenant conscience de son r\u00f4le dans chaque situation. C&rsquo;est se r\u00e9soudre \u00e0 assumer sa responsabilit\u00e9 dans les r\u00e9sultats \u00e0 atteindre ou les cons\u00e9quences de l&rsquo;\u00e9chec .<\/p>\n\n\n\n<p>Ainsi lorsqu\u2019un malentendu survient, notre premi\u00e8re r\u00e9action n\u2019est pas de trouver des excuses ou de tourner les faits \u00e0 notre avantage. Au contraire, il faut tr\u00e8s rapidement prendre conscience qu\u2019il y a un probl\u00e8me et d\u2019identifier clairement le r\u00f4le que l&rsquo;on doit jouer pour la mise en \u0153uvre d\u2019un plan d\u2019action afin de les minimiser s&rsquo;il est impossible d&rsquo;\u00e9liminer les risques d&rsquo;un d\u00e9saccord pr\u00e9judiciable \u00e0 la communaut\u00e9.<\/p>\n\n\n\n<p>Cependant, dans un discours m\u00e9morable lors de la remise du Prix Nobel qui lui avait \u00e9t\u00e9 d\u00e9cern\u00e9, Albert Camus pr\u00e9cisait que \u201cchaque g\u00e9n\u00e9ration, sans doute, se croit vou\u00e9e \u00e0 refaire le monde. La mienne sait pourtant qu\u2019elle ne le refera pas. Mais sa t\u00e2che est peut-\u00eatre plus grande. Elle consiste \u00e0 emp\u00eacher que le monde se d\u00e9fasse\u201d.<\/p>\n\n\n\n<p>Si la g\u00e9n\u00e9ration Gatsa Gatsa, Mortal kombat, Tik-tok estime \u00eatre vou\u00e9e pour refaire le monde &#8211; dans le mauvais sens &#8211; la mienne a la lourde responsabilit\u00e9 d&#8217;emp\u00eacher que le S\u00e9n\u00e9gal sombre, \u00e0 l&rsquo;image des Marines qui ont engag\u00e9 la Bataille d&rsquo;Okinawa pour emp\u00eacher le triomphe de \u00ab\u00a0l&rsquo;axe du mal\u00a0\u00bb sur \u00ab\u00a0le monde libre\u00a0\u00bb Et c&rsquo;est le sens que je donne \u00e0 mon engagement aux c\u00f4t\u00e9s des Lib\u00e9raux et des D\u00e9mocrates pour sauver le S\u00e9n\u00e9gal qui risque de sombrer si Pastef met la main sur le pouvoir l\u00e9gislatif. Pour toutes ces raisons j&rsquo;ai d\u00e9cid\u00e9 de m&rsquo;engager.<\/p>\n\n\n\n<p>Je m&rsquo;engage \u00e0 ne pas jouer des coudes pour figurer sur une liste, encore moins contribuer \u00e0 rendre difficile le choix des candidats par les \u00e9quipes charg\u00e9es des investitures. Que ceux qui pensent que j&rsquo;aurais pu continuer \u00e0 jouer les premiers r\u00f4les dans les organisations politiques me comprennent et acceptent mon choix. Je ne suis pas candidat.<\/p>\n\n\n\n<p>Je m&rsquo;engage \u00e0 inscrire mon action dans une dynamique de consolidation des liens de fraternit\u00e9 qui unissent tous ceux qui ont grandi sous la tutelle politique de Ma\u00eetre Abdoulaye Wade, tout en favorisant une convergence des intelligences qui, historiquement ont fait l&rsquo;histoire politique du S\u00e9n\u00e9gal.<\/p>\n\n\n\n<p>Je m\u2019engage \u00e0 conseiller, \u00e0 participer \u00e0 la r\u00e9flexion et \u00e0 encourager l&rsquo;\u00e9mergence d&rsquo;une g\u00e9n\u00e9ration bien form\u00e9e et responsable; celle-ci compos\u00e9e de femmes et de jeunes qui devraient occuper les premi\u00e8res places sur nos listes nationales.<\/p>\n\n\n\n<p>Je m\u2019engage \u00e0 faire \u00e9clore une conscience collective et combative afin d&rsquo;accomplir le grand rassemblement des forces de progr\u00e8s dans une inter-coalition int\u00e9grale au niveau de tous les d\u00e9partements, \u00e0 la constitution de laquelle appelle la Nation toute enti\u00e8re. C&rsquo;est pourquoi, je soutiens toutes les candidatures de l&rsquo;opposition et j&rsquo;encourage particuli\u00e8rement les coalitions \u201cTakku W\u00e0llu S\u00e9n\u00e9gal\u201d, \u201cS\u00e0mm Sa K\u00e0ddu\u201d, \u201cJ\u00e0mm ak Njari\u00f1\u201d, \u00e0 r\u00e9ussir leur osmose.<\/p>\n\n\n\n<p>Je m\u2019engage \u00e0 participer avec tous ceux qui partagent la m\u00eame vision que moi, \u00e0 l&rsquo;\u00e9laboration d&rsquo;une strat\u00e9gie de campagne victorieuse.<\/p>\n\n\n\n<p>Je m\u2019engage \u00e0 mobiliser toute mon \u00e9nergie, mes amis et sympathisants, mes moyens mat\u00e9riels et financiers pour vulgariser dans les coins les plus recul\u00e9s, ce Pacte de Solidarit\u00e9 et de Victoire dont me parlait un \u00e9minent philosophe qui, comme Sartre, a d\u00e9cid\u00e9 de \u201cprendre part \u00e0 l&rsquo;histoire\u201d.<\/p>\n\n\n\n<p>Je m&rsquo;engage aussi \u00e0 convaincre toute l&rsquo;\u00e9lite politique (anciens ministres, d\u00e9put\u00e9s, DG et personnalit\u00e9s ind\u00e9pendantes\u2026) \u00e0 se mobiliser pour accompagner, dans un \u00e9lan de solidarit\u00e9, les candidats qui seront choisis pour remporter une large victoire au soir du 17 Novembre. Nous le devons au pays et aux g\u00e9n\u00e9rations futures.<\/p>\n\n\n\n<p>Babacar Gaye<br>Leader de Mankoo Mucc<br>(Mouvement pour l&rsquo;Unit\u00e9, la Coh\u00e9sion et le Civisme)<\/p>\n\n\n\n<p>SOURCE LERAL<\/p>\n\n\n\n<p><\/p>\n","protected":false},"excerpt":{"rendered":"<p>Tout sauf l\u2019actuel r\u00e9gime, c\u2019est ce que semble exprimer, le Leader de Mankoo Mucc, Babacar Gaye. \u00ab Contre la volont\u00e9<\/p>\n","protected":false},"author":1,"featured_media":43586,"comment_status":"open","ping_status":"open","sticky":false,"template":"","format":"standard","meta":{"footnotes":""},"categories":[6],"tags":[],"class_list":["post-43585","post","type-post","status-publish","format-standard","has-post-thumbnail","hentry","category-politics"],"_links":{"self":[{"href":"https:\/\/dekkbi.com\/index.php?rest_route=\/wp\/v2\/posts\/43585","targetHints":{"allow":["GET"]}}],"collection":[{"href":"https:\/\/dekkbi.com\/index.php?rest_route=\/wp\/v2\/posts"}],"about":[{"href":"https:\/\/dekkbi.com\/index.php?rest_route=\/wp\/v2\/types\/post"}],"author":[{"embeddable":true,"href":"https:\/\/dekkbi.com\/index.php?rest_route=\/wp\/v2\/users\/1"}],"replies":[{"embeddable":true,"href":"https:\/\/dekkbi.com\/index.php?rest_route=%2Fwp%2Fv2%2Fcomments&post=43585"}],"version-history":[{"count":1,"href":"https:\/\/dekkbi.com\/index.php?rest_route=\/wp\/v2\/posts\/43585\/revisions"}],"predecessor-version":[{"id":43587,"href":"https:\/\/dekkbi.com\/index.php?rest_route=\/wp\/v2\/posts\/43585\/revisions\/43587"}],"wp:featuredmedia":[{"embeddable":true,"href":"https:\/\/dekkbi.com\/index.php?rest_route=\/wp\/v2\/media\/43586"}],"wp:attachment":[{"href":"https:\/\/dekkbi.com\/index.php?rest_route=%2Fwp%2Fv2%2Fmedia&parent=43585"}],"wp:term":[{"taxonomy":"category","embeddable":true,"href":"https:\/\/dekkbi.com\/index.php?rest_route=%2Fwp%2Fv2%2Fcategories&post=43585"},{"taxonomy":"post_tag","embeddable":true,"href":"https:\/\/dekkbi.com\/index.php?rest_route=%2Fwp%2Fv2%2Ftags&post=43585"}],"curies":[{"name":"wp","href":"https:\/\/api.w.org\/{rel}","templated":true}]}}