{"id":43577,"date":"2024-10-07T09:32:29","date_gmt":"2024-10-07T09:32:29","guid":{"rendered":"https:\/\/dekkbi.com\/?p=43577"},"modified":"2024-10-07T10:32:35","modified_gmt":"2024-10-07T10:32:35","slug":"audit-des-finances-publiques-bassirou-diomaye-faye-salue-lesprit-collaboratif-du-fmi","status":"publish","type":"post","link":"https:\/\/dekkbi.com\/?p=43577","title":{"rendered":"Audit des finances publiques\u00a0: Bassirou Diomaye Faye salue \u201dl\u2019esprit collaboratif\u201d du FMI"},"content":{"rendered":"\n<div class=\"wp-block-group is-vertical is-layout-flex wp-container-core-group-is-layout-8cf370e7 wp-block-group-is-layout-flex\">\n<p><sub>Dakar, (APS) \u2013 Le pr\u00e9sident de la R\u00e9publique, Bassirou Diomaye Faye, salue\u00a0 \u2018\u2019l\u2019esprit collaboratif\u2019\u2019 du Fonds mon\u00e9taire international (FMI), \u00e0 la suite de la publication des r\u00e9sultats provisoires d\u2019un audit des finances publiques s\u00e9n\u00e9galaises.<\/sub><\/p>\n\n\n\n<p><sub>\u2018\u2019Je salue l\u2019esprit collaboratif&nbsp; du FMI, \u00e0 la suite de la divulgation des r\u00e9sultats provisoires de l\u2019audit des finances publiques du S\u00e9n\u00e9gal [sur] la gestion 2012-2024\u2019\u2019, a r\u00e9agi M. Faye dans un message re\u00e7u du Bureau d\u2019information et de la communication de la Primature.<\/sub><\/p>\n\n\n\n<p><sub>\u2018\u2019Je r\u00e9affirme mon engagement ferme, comme je l\u2019ai dit lors de ma prestation de serment, \u00e0 faire du S\u00e9n\u00e9gal un partenaire s\u00fbr et fiable\u2019\u2019, a-t-il assur\u00e9.<\/sub><\/p>\n\n\n\n<p><sub>Des membres du gouvernement, dont le Premier ministre, Ousmane Sonko, ont d\u00e9nonc\u00e9, jeudi 26 septembre 2024, \u00e0 Dakar, la publication de \u2018\u2019donn\u00e9es erron\u00e9es\u2019\u2019 par leurs pr\u00e9d\u00e9cesseurs, Macky Sall et d\u2019anciens ministres, concernant les comptes publics du pays, la dette et le d\u00e9ficit budg\u00e9taire notamment.<\/sub><\/p>\n\n\n\n<p><sub>Vendredi 4 octobre, la porte-parole du FMI, Julie Kozack, a assur\u00e9 les autorit\u00e9s s\u00e9n\u00e9galaises du soutien de l\u2019institution financi\u00e8re \u00e0 l\u2019audit des finances publiques.<\/sub><\/p>\n\n\n\n<p><sub>\u201dLes autorit\u00e9s ont partag\u00e9 les r\u00e9sultats de l\u2019audit avec notre \u00e9quipe. Nous travaillerons \u00e9troitement avec elles dans les prochaines semaines pour \u00e9valuer l\u2019impact macro\u00e9conomique et d\u00e9finir les prochaines \u00e9tapes\u201d, a-t-elle affirm\u00e9.<\/sub><\/p>\n\n\n\n<p><sub>Selon le Premier ministre, l\u2019audit en question a r\u00e9v\u00e9l\u00e9 les donn\u00e9es jug\u00e9es erron\u00e9es.<\/sub><\/p>\n\n\n\n<p><sub>CS\/ASB\/ESF<\/sub><\/p>\n\n\n\n<p><\/p>\n<\/div>\n","protected":false},"excerpt":{"rendered":"<p>Dakar, (APS) \u2013 Le pr\u00e9sident de la R\u00e9publique, Bassirou Diomaye Faye, salue\u00a0 \u2018\u2019l\u2019esprit collaboratif\u2019\u2019 du Fonds mon\u00e9taire international (FMI), \u00e0<\/p>\n","protected":false},"author":1,"featured_media":43624,"comment_status":"open","ping_status":"open","sticky":false,"template":"","format":"standard","meta":{"footnotes":""},"categories":[6],"tags":[],"class_list":["post-43577","post","type-post","status-publish","format-standard","has-post-thumbnail","hentry","category-politics"],"_links":{"self":[{"href":"https:\/\/dekkbi.com\/index.php?rest_route=\/wp\/v2\/posts\/43577","targetHints":{"allow":["GET"]}}],"collection":[{"href":"https:\/\/dekkbi.com\/index.php?rest_route=\/wp\/v2\/posts"}],"about":[{"href":"https:\/\/dekkbi.com\/index.php?rest_route=\/wp\/v2\/types\/post"}],"author":[{"embeddable":true,"href":"https:\/\/dekkbi.com\/index.php?rest_route=\/wp\/v2\/users\/1"}],"replies":[{"embeddable":true,"href":"https:\/\/dekkbi.com\/index.php?rest_route=%2Fwp%2Fv2%2Fcomments&post=43577"}],"version-history":[{"count":1,"href":"https:\/\/dekkbi.com\/index.php?rest_route=\/wp\/v2\/posts\/43577\/revisions"}],"predecessor-version":[{"id":43578,"href":"https:\/\/dekkbi.com\/index.php?rest_route=\/wp\/v2\/posts\/43577\/revisions\/43578"}],"wp:featuredmedia":[{"embeddable":true,"href":"https:\/\/dekkbi.com\/index.php?rest_route=\/wp\/v2\/media\/43624"}],"wp:attachment":[{"href":"https:\/\/dekkbi.com\/index.php?rest_route=%2Fwp%2Fv2%2Fmedia&parent=43577"}],"wp:term":[{"taxonomy":"category","embeddable":true,"href":"https:\/\/dekkbi.com\/index.php?rest_route=%2Fwp%2Fv2%2Fcategories&post=43577"},{"taxonomy":"post_tag","embeddable":true,"href":"https:\/\/dekkbi.com\/index.php?rest_route=%2Fwp%2Fv2%2Ftags&post=43577"}],"curies":[{"name":"wp","href":"https:\/\/api.w.org\/{rel}","templated":true}]}}