{"id":4356,"date":"2022-12-05T12:22:34","date_gmt":"2022-12-05T12:22:34","guid":{"rendered":"https:\/\/dekkbi.com\/?p=4356"},"modified":"2022-12-05T13:08:17","modified_gmt":"2022-12-05T13:08:17","slug":"la-cedeao-decide-de-creer-une-force-anti-putsch","status":"publish","type":"post","link":"https:\/\/dekkbi.com\/?p=4356","title":{"rendered":"La CEDEAO d\u00e9cide de cr\u00e9er une force anti-putsch"},"content":{"rendered":"\n<p>Les dirigeants d\u2019Afrique de l\u2019Ouest ont d\u00e9cid\u00e9 dimanche \u00e0 Abuja, la cr\u00e9ation d\u2019une force r\u00e9gionale vou\u00e9e \u00e0 intervenir non seulement contre le jihadisme mais aussi en cas de coup d\u2019Etat, comme la r\u00e9gion en a connu plusieurs depuis deux ans, a indiqu\u00e9 un haut responsable.<\/p>\n\n\n\n<p>Les chefs des Etats membres de la Communaut\u00e9 \u00e9conomique des Etats d\u2019Afrique de l\u2019Ouest (CEDEAO) ou leurs repr\u00e9sentants r\u00e9unis en sommet ont aussi exig\u00e9 que la junte au pouvoir au Mali, lib\u00e8re avant le 1er janvier 46 soldats ivoiriens prisonniers depuis juillet, a dit \u00e0 des journalistes Omar Touray, pr\u00e9sident de la commission de la CEDEAO.<\/p>\n\n\n\n<p>A d\u00e9faut, la CEDEAO prendra des sanctions, a dit un diplomate ouest-africain \u00e0 un correspondant de l\u2019AFP, sous le couvert de l\u2019anonymat, alors que cette affaire est source de graves tensions entre le Mali et la C\u00f4te d\u2019Ivoire, tous deux membres de la CEDEAO.<\/p>\n\n\n\n<p>Le pr\u00e9sident togolais Faure Gnassingb\u00e9, qui joue les bons offices dans cette crise, se rendra au Mali pour \u00ab exiger \u00bb la lib\u00e9ration des soldats, a ajout\u00e9 le diplomate.<\/p>\n\n\n\n<p>\u00ab&nbsp;<em>Les dirigeants de la C\u00e9d\u00e9ao ont d\u00e9cid\u00e9 de recalibrer notre architecture s\u00e9curitaire<\/em>&nbsp;\u00bb, a dit M. Touray. Il s\u2019agit de prendre en main leur \u00ab propre s\u00e9curit\u00e9 \u00bb et non plus de s\u2019en remettre \u00e0 des acteurs ext\u00e9rieurs, a-t-il expliqu\u00e9.<\/p>\n\n\n\n<p>Ils sont \u00ab&nbsp;<em>r\u00e9solus \u00e0 \u00e9tablir une force r\u00e9gionale qui interviendra en cas de besoin, qu\u2019il s\u2019agisse de s\u00e9curit\u00e9, de terrorisme ou de r\u00e9tablir l\u2019ordre constitutionnel dans des Etats membres<\/em>&nbsp;\u00bb, a-t-il d\u00e9clar\u00e9.<\/p>\n\n\n\n<p>Propagation jihadiste<\/p>\n\n\n\n<p>Plusieurs pays de la r\u00e9gion sont en proie \u00e0 la propagation jihadiste qui, partie du nord du Mali, a gagn\u00e9 le centre de ce pays, mais aussi le Burkina Faso et le Niger, et s\u2019\u00e9tend vers le sud et le golfe de Guin\u00e9e. Les arm\u00e9es nationales sont largement impuissantes et coop\u00e8rent avec des acteurs ext\u00e9rieurs, l\u2019ONU, la France ou encore la Russie.<\/p>\n\n\n\n<p>L\u2019ins\u00e9curit\u00e9 est un facteur primordial des coups d\u2019Etat militaires qui ont secou\u00e9 la r\u00e9gion depuis 2020, au Mali, au Burkina et, pour d\u2019autres raisons, en Guin\u00e9e.<\/p>\n\n\n\n<p>Des responsables militaires de la r\u00e9gion se r\u00e9uniront dans la deuxi\u00e8me moiti\u00e9 de janvier, pour discuter des modalit\u00e9s d\u2019\u00e9tablissement de la force r\u00e9gionale, a dit M. Touray.<\/p>\n\n\n\n<p>Les dirigeants ouest-africains ont d\u00e9cid\u00e9 pour le financement, de ne pas s\u2019en remettre uniquement aux contributions volontaires qui ont d\u00e9j\u00e0 montr\u00e9 leurs limites, a-t-il dit sans plus de pr\u00e9cisions.<\/p>\n\n\n\n<p>Ils se sont aussi pench\u00e9s sur la situation politique au Mali, au Burkina Faso et en Guin\u00e9e.<\/p>\n\n\n\n<p>La C\u00e9d\u00e9ao, inqui\u00e8te d\u2019instabilit\u00e9 et de contagion, fait pression depuis des mois pour un retour aussi rapide que possible des civils \u00e0 la t\u00eate de ces pays, dont deux, le Mali et le Burkina, sont gravement \u00e9branl\u00e9s par la propagation jihadiste. Le Mali et le Burkina ont \u00e9t\u00e9 le th\u00e9\u00e2tre de deux putsch en l\u2019espace de moins d\u2019un an.<\/p>\n\n\n\n<p>S\u00e9rieuses inqui\u00e9tudes<\/p>\n\n\n\n<p>Les trois pays sont suspendus des organes d\u00e9cisionnels de la C\u00e9d\u00e9ao.<\/p>\n\n\n\n<p>Les militaires se sont engag\u00e9s sous la pression \u00e0 c\u00e9der la place au bout de deux ans et d\u2019une p\u00e9riode dite de transition au cours de laquelle ils disent tous vouloir \u00ab refonder \u00bb leur Etat.<\/p>\n\n\n\n<p>Les dirigeants ouest-africains ont examin\u00e9 les actes accomplis par les uns et les autres sur la voie de ce qu\u2019ils appellent un \u00ab retour \u00e0 l\u2019ordre constitutionnel \u00bb.<\/p>\n\n\n\n<p>Au Mali, \u00ab&nbsp;<em>il faut absolument que l\u2019ordre constitutionnel revienne dans les d\u00e9lais pr\u00e9vus<\/em>&nbsp;\u00bb, a dit M. Touray. Si les militaires maliens respectent l\u2019\u00e9ch\u00e9ance annonc\u00e9e de mars 2024, apr\u00e8s des mois de confrontation politique avec la C\u00e9d\u00e9ao et un s\u00e9v\u00e8re embargo commercial et financier aujourd\u2019hui lev\u00e9, la \u00ab transition \u00bb aura en fait dur\u00e9 trois ans et demi.<\/p>\n\n\n\n<p>En Guin\u00e9e, M. Touray a press\u00e9 la junte d\u2019associer \u00ab imm\u00e9diatement \u00bb et \u00ab sans exception \u00bb, les partis politiques et la soci\u00e9t\u00e9 civile au processus devant ramener les civils au pouvoir.<\/p>\n\n\n\n<p>Les principaux partis et une bonne partie de la soci\u00e9t\u00e9 civile boycottent l\u2019offre de dialogue de la junte. Si ce dialogue n\u2019est pas possible en Guin\u00e9e m\u00eame, la junte doit examiner la possibilit\u00e9 qu\u2019il ait lieu dans un autre pays de la C\u00e9d\u00e9ao, a dit M. Touray.<\/p>\n\n\n\n<p>Quant au Burkina, M. Touray a exprim\u00e9 \u00ab les s\u00e9rieuses inqui\u00e9tudes \u00bb de la C\u00e9d\u00e9ao devant l\u2019\u00e9volution s\u00e9curitaire et la crise humanitaire. Il a affirm\u00e9 la volont\u00e9 de la C\u00e9d\u00e9ao de soutenir le Burkina.<\/p>\n\n\n\n<p><strong>Rewmi<\/strong><\/p>\n","protected":false},"excerpt":{"rendered":"<p>Les dirigeants d\u2019Afrique de l\u2019Ouest ont d\u00e9cid\u00e9 dimanche \u00e0 Abuja, la cr\u00e9ation d\u2019une force r\u00e9gionale vou\u00e9e \u00e0 intervenir non seulement<\/p>\n","protected":false},"author":1,"featured_media":4358,"comment_status":"open","ping_status":"open","sticky":false,"template":"","format":"standard","meta":{"footnotes":""},"categories":[6],"tags":[],"class_list":["post-4356","post","type-post","status-publish","format-standard","has-post-thumbnail","hentry","category-politics"],"_links":{"self":[{"href":"https:\/\/dekkbi.com\/index.php?rest_route=\/wp\/v2\/posts\/4356","targetHints":{"allow":["GET"]}}],"collection":[{"href":"https:\/\/dekkbi.com\/index.php?rest_route=\/wp\/v2\/posts"}],"about":[{"href":"https:\/\/dekkbi.com\/index.php?rest_route=\/wp\/v2\/types\/post"}],"author":[{"embeddable":true,"href":"https:\/\/dekkbi.com\/index.php?rest_route=\/wp\/v2\/users\/1"}],"replies":[{"embeddable":true,"href":"https:\/\/dekkbi.com\/index.php?rest_route=%2Fwp%2Fv2%2Fcomments&post=4356"}],"version-history":[{"count":1,"href":"https:\/\/dekkbi.com\/index.php?rest_route=\/wp\/v2\/posts\/4356\/revisions"}],"predecessor-version":[{"id":4359,"href":"https:\/\/dekkbi.com\/index.php?rest_route=\/wp\/v2\/posts\/4356\/revisions\/4359"}],"wp:featuredmedia":[{"embeddable":true,"href":"https:\/\/dekkbi.com\/index.php?rest_route=\/wp\/v2\/media\/4358"}],"wp:attachment":[{"href":"https:\/\/dekkbi.com\/index.php?rest_route=%2Fwp%2Fv2%2Fmedia&parent=4356"}],"wp:term":[{"taxonomy":"category","embeddable":true,"href":"https:\/\/dekkbi.com\/index.php?rest_route=%2Fwp%2Fv2%2Fcategories&post=4356"},{"taxonomy":"post_tag","embeddable":true,"href":"https:\/\/dekkbi.com\/index.php?rest_route=%2Fwp%2Fv2%2Ftags&post=4356"}],"curies":[{"name":"wp","href":"https:\/\/api.w.org\/{rel}","templated":true}]}}