{"id":43532,"date":"2024-10-04T11:35:36","date_gmt":"2024-10-04T11:35:36","guid":{"rendered":"https:\/\/dekkbi.com\/?p=43532"},"modified":"2024-10-04T11:48:55","modified_gmt":"2024-10-04T11:48:55","slug":"les-allies-de-liran-au-proche-orient-ne-reculeront-pas-promet-layatollah-khamenei","status":"publish","type":"post","link":"https:\/\/dekkbi.com\/?p=43532","title":{"rendered":"Les alli\u00e9s de l&rsquo;Iran au Proche-Orient \u00abne reculeront pas\u00bb"},"content":{"rendered":"\n<p>Isra\u00ebl a poursuivi ses raids a\u00e9riens sur le sud de Beyrouth dans la nuit du jeudi 3 au vendredi 4 octobre.&nbsp;L&rsquo;arm\u00e9e isra\u00e9lienne continue par ailleurs d&rsquo;affronter les combattants du Hezbollah dans la zone frontali\u00e8re du sud du Liban, tandis que des frappes dans l&rsquo;est ont coup\u00e9 la route menant en Syrie.<\/p>\n\n\n\n<p>Par : R\u00e9daction Internet &#8211; SOURCE RFI<\/p>\n\n\n\n<h2 class=\"wp-block-heading\">Ce qu&rsquo;il faut retenir<\/h2>\n\n\n\n<p>\u25ba L&rsquo;arm\u00e9e isra\u00e9lienne a men\u00e9 dans la nuit de jeudi \u00e0 vendredi une nouvelle salve de frappes sur le sud de Beyrouth, bastion du mouvement chiite Hezbollah, dans l&rsquo;un des raids les plus violents depuis qu&rsquo;Isra\u00ebl a intensifi\u00e9 sa campagne de bombardements sur le pays le 23 septembre. Les frappes isra\u00e9liennes ont fait&nbsp;<strong>37 morts et 151 bless\u00e9s en 24h<\/strong>&nbsp;dans le pays, selon le minist\u00e8re libanais de la Sant\u00e9.&nbsp;<\/p>\n\n\n\n<p>\u25ba&nbsp;<strong>La route reliant le Liban \u00e0 la Syrie<\/strong>, emprunt\u00e9e ces derniers jours par des centaines de milliers de r\u00e9fugi\u00e9s, a \u00e9t\u00e9&nbsp;<strong>coup\u00e9e<\/strong>&nbsp;vendredi matin par une attaque isra\u00e9lienne, selon le ministre des Transports libanais. L\u2019arm\u00e9e isra\u00e9lienne a diffus\u00e9 un nouvel avertissement aux habitants de 35 localit\u00e9s du sud du Liban pour qu\u2019ils quittent la zone.<\/p>\n\n\n\n<p>\u25ba Dans une prise de parole rare \u00e0 l&rsquo;occasion de la pri\u00e8re du vendredi, le guide supr\u00eame d&rsquo;Iran,&nbsp;<strong>Ali Khamenei, a estim\u00e9&nbsp;\u00ab&nbsp;<em>totalement l\u00e9gitime&nbsp;<\/em>\u00bb l&rsquo;attaque de missiles<\/strong>&nbsp;iranienne contre Isra\u00ebl mardi 2 octobre, et&nbsp;<strong>tout autant l&rsquo;attaque du Hamas contre Isra\u00ebl le 7 octobre dernier.<\/strong>&nbsp;\u00ab<em>&nbsp;Isra\u00ebl n&rsquo;en a plus pour longtemps<\/em>&nbsp;\u00bb, a-t-il pr\u00e9dit, assurant que \u00ab&nbsp;<em>la r\u00e9sistance dans la r\u00e9gion ne reculera pas&nbsp;\u00bb.<\/em><\/p>\n\n\n\n<hr class=\"wp-block-separator has-alpha-channel-opacity\"\/>\n\n\n\n<p><em>Les horaires sont en temps universel TU (Paris &#8211; 2h).<\/em><\/p>\n\n\n\n<p><strong>11h13 :&nbsp;Isra\u00ebl dit avoir frapp\u00e9 des positions du Hezbollah \u00ab&nbsp;<em>adjacentes&nbsp;<\/em>\u00bb \u00e0 la fronti\u00e8re libano-syrienne<\/strong><\/p>\n\n\n\n<p>L&rsquo;arm\u00e9e isra\u00e9lienne a indiqu\u00e9 vendredi avoir frapp\u00e9 dans la nuit des positions du Hezbollah libanais \u00e0 la fronti\u00e8re entre le Liban et la Syrie, un raid qui a entra\u00een\u00e9 la coupure de la route internationale entre les deux pays, selon l&rsquo;agence de presse officielle libanaise ANI. \u00ab&nbsp;<em>Des sites d&rsquo;infrastructure adjacents au poste-fronti\u00e8re de Masnaa, entre la Syrie et le Liban, ont \u00e9t\u00e9 frapp\u00e9s la nuit derni\u00e8re&nbsp;<\/em>\u00bb, a indiqu\u00e9 l&rsquo;arm\u00e9e dans un communiqu\u00e9.<\/p>\n\n\n\n<p><strong>11h00 : Le point sur la situation sur le terrain au Liban<\/strong><\/p>\n\n\n\n<p>L&rsquo;arm\u00e9e isra\u00e9lienne a men\u00e9 dans la nuit de jeudi \u00e0 vendredi une nouvelle salve de frappes sur le sud de Beyrouth. La plus forte a eu lieu \u00e0 minuit, elle a \u00e9t\u00e9 entendu jusqu&rsquo;\u00e0 Keserwan, \u00e0 20 km de Beyrouth, rapporte nos envoy\u00e9s sp\u00e9ciaux au Liban,&nbsp;<strong>Aabla Jounaidi&nbsp;<\/strong>et&nbsp;<strong>Jad El Khoury<\/strong>. Sa cible serait&nbsp;<a href=\"https:\/\/www.rfi.fr\/fr\/moyen-orient\/20240928-hezbollah-hachem-safieddine-et-na%C3%AFm-qassem-candidats-potentiels-pour-succ%C3%A9der-%C3%A0-hassan-nasrallah\">Hachem Safieddine<\/a>, le chef du Conseil ex\u00e9cutif du Hezbollah pr\u00e9sent\u00e9 comme le probable successeur de Hassan Nasrallah, tu\u00e9 dans un raid tr\u00e8s puissant \u00e9galement vendredi dernier.<\/p>\n\n\n\n<p>Le mouvement islamiste chiite a indiqu\u00e9 \u00e0 nos confr\u00e8res du journal&nbsp;<em>L\u2019Orient-Le Jour<\/em>&nbsp;qu\u2019il n\u2019avait pas encore d\u2019information sur le sort&nbsp;de Hachem Safieddine. Le Hezbollah a \u00e9galement fait savoir que son ancien chef, Hassan Nasrallah, a \u00e9t\u00e9 enterr\u00e9 temporairement et en toute discr\u00e9tion pour \u00e9viter d\u2019\u00eatre la cible d\u2019une attaque.<\/p>\n\n\n\n<p>Les attaques a\u00e9riennes isra\u00e9liennes se poursuivent ce vendredi matin. Dans le sud de Beyrouth, trois secouristes ont \u00e9t\u00e9 bless\u00e9s ce matin \u00e0 Mreij\u00e9, dans la banlieue sud de Beyrouth, apr\u00e8s avoir \u00e9t\u00e9&nbsp;pris pour cible par un drone isra\u00e9lien.<\/p>\n\n\n\n<p>Dans la Bekaa, c\u2019est la zone du poste-fronti\u00e8re de Masnaa entre le Liban et la Syrie qui a \u00e9t\u00e9 frapp\u00e9 cr\u00e9ant un \u00e9norme crat\u00e8re. En cons\u00e9quence, la route internationale a \u00e9t\u00e9 ferm\u00e9e par les autorit\u00e9s libanaises sur deux kilom\u00e8tres. C\u2019est par l\u00e0 que pr\u00e8s de 240&nbsp;000 personnes, Libanais et Syriens sont all\u00e9s en Syrie pour fuir les bombardements au Liban ces derni\u00e8res semaines. Le porte-parole de l\u2019arm\u00e9e isra\u00e9lienne accusait jeudi le Hezbollah de faire passer des armes via ce point de psasage. Ce que les autorit\u00e9s libanaise d\u00e9mentent.<\/p>\n\n\n\n<p><strong>10h41 :&nbsp;Le chef de la diplomatie fran\u00e7aise Jean-No\u00ebl Barrot au Moyen-Orient<\/strong><\/p>\n\n\n\n<p>Le chef de la diplomatie fran\u00e7aise s&rsquo;envolera vendredi pour le Proche-Orient et sera pr\u00e9sent lundi en Isra\u00ebl pour le premier anniversaire de l&rsquo;attaque du Hamas le 7 octobre dernier, a appris l&rsquo;AFP aupr\u00e8s de son entourage. Selon cette source, Jean-No\u00ebl Barrot doit se rendre en Arabie saoudite et au Qatar samedi, aux Emirats arabes unis et en Jordanie dimanche puis \u00e0 Tel-Aviv et \u00e0 Ramallah, en Cisjordanie occup\u00e9e. Le ministre s&rsquo;\u00e9tait d\u00e9j\u00e0 rendu \u00e0 Beyrouth lundi, exhortant Isra\u00ebl \u00e0 \u00ab&nbsp;<em>s&rsquo;abstenir de toute incursion terrestre au Liban&nbsp;<\/em>\u00bb et appelant les bellig\u00e9rants \u00e0 \u00ab&nbsp;<em>saisir<\/em>&nbsp;\u00bb la proposition internationale de cessez-le-feu lanc\u00e9e la semaine derni\u00e8re \u00e0 l&rsquo;ONU.<\/p>\n\n\n\n<p>A l&rsquo;issue d&rsquo;un Conseil de d\u00e9fense tenu mardi, le pr\u00e9sident Emmanuel Macron avait demand\u00e9 \u00e0 son ministre des Affaires \u00e9trang\u00e8res \u00ab&nbsp;<em>de se rendre \u00e0 nouveau au Moyen-Orient&nbsp;<\/em>\u00bb, selon un communiqu\u00e9 de l&rsquo;\u00c9lys\u00e9e. Il a pour mission de \u00ab<em>&nbsp;consulter tous ceux qui ont un r\u00f4le \u00e0 jouer pour amorcer la d\u00e9sescalade et trouver des solutions durables \u00e0 la crise actuelle dans tous ses aspects<\/em>&nbsp;\u00bb, en particulier au Liban et \u00e0 Gaza.<\/p>\n\n\n\n<p><strong>10h06 : Le Hezbollah accuse Isra\u00ebl d&rsquo;avoir vis\u00e9 des secouristes dans la banlieue sud de Beyrouth, faisant un mort<\/strong><\/p>\n\n\n\n<p>Le Hezbollah libanais a accus\u00e9 Isra\u00ebl d&rsquo;avoir men\u00e9 une frappe vendredi sur des secouristes qui se trouvaient sur le site d&rsquo;une frappe nocturne dans la banlieue sud de Beyrouth, faisant un mort. Une frappe isra\u00e9lienne \u00ab&nbsp;<em>a vis\u00e9 des \u00e9quipes de la d\u00e9fense civile qui d\u00e9blayaient les gravats et tentaient de r\u00e9cup\u00e9rer des bless\u00e9s, faisant un mort parmi eux&nbsp;<\/em>\u00bb, selon un communiqu\u00e9 du mouvement pro-iranien. Une source proche du Hezbollah avait auparavant fait \u00e9tat \u00e0 l&rsquo;AFP d&rsquo;une frappe de drone.<\/p>\n\n\n\n<p><strong>09h55 :&nbsp;Le Hezbollah dit avoir vis\u00e9 des troupes isra\u00e9liennes \u00e0 la fronti\u00e8re sud du Liban<\/strong><\/p>\n\n\n\n<p>Le Hezbollah a affirm\u00e9 vendredi avoir vis\u00e9 des troupes isra\u00e9liennes \u00e0 la fronti\u00e8re sud du Liban. Le mouvement pro-iranien a tir\u00e9 \u00e0 l&rsquo;artillerie sur des militaires isra\u00e9liens dans la zone de Maroun al-Ras, situ\u00e9e du c\u00f4t\u00e9 libanais de la fronti\u00e8re, indique un communiqu\u00e9.<\/p>\n\n\n\n<p><strong>09h50 : [En image] Ali Khamenei \u00e0 la c\u00e9r\u00e9monie d&rsquo;hommage au chef du Hezbollah Hassan Nasrallah<\/strong><\/p>\n\n\n\n<p><strong>08h54 : Le guide supr\u00eame d&rsquo;Iran, Ali Khamenei, juge \u00ab&nbsp;<em>l\u00e9gitime&nbsp;<\/em>\u00bb<em>&nbsp;<\/em>l&rsquo;attaque de missiles iranienne contre isra\u00ebl comme l&rsquo;attaque du 7 octobre<\/strong><\/p>\n\n\n\n<p>Un fusil \u00e0 c\u00f4t\u00e9 de lui, l\u2019ayatollah Ali Khamenei s&rsquo;adresse \u00e0 la population \u00e0 l&rsquo;occasion de la pri\u00e8re du vendredi, qu&rsquo;il n&rsquo;avait pas dirig\u00e9 depuis d\u00e9but 2020. Le guide supr\u00eame d&rsquo;Iran d\u00e9clare que l&rsquo;attaque de missiles iranienne contre Isra\u00ebl \u00e9tait \u00ab&nbsp;<em>totalement l\u00e9gitime&nbsp;<\/em>\u00bb et qu&rsquo;elle est m\u00eame \u00ab&nbsp;<em>la moindre des ripostes<\/em>&nbsp;\u00bb. Il juge aussi \u00ab&nbsp;<em>l\u00e9gitime&nbsp;<\/em>\u00bb l&rsquo;attaque du Hamas contre Isra\u00ebl le 7 octobre dernier.&nbsp;Son discours survient quelques jours apr\u00e8s des tirs de 200 missiles iraniens contre Isra\u00ebl et l&rsquo;assassinat du chef du Hezbollah Hassan Nasrallah dans un raid isra\u00e9lien \u00e0 Beyrouth, le 27 septembre. Les Gardiens de la R\u00e9volution, arm\u00e9e id\u00e9ologique de l&rsquo;Iran, avaient indiqu\u00e9 que cette op\u00e9ration \u00e9tait une mesure de repr\u00e9sailles pour les assassinats de Nasrallah, et d&rsquo;un de leurs commandants, Abbas Nilforoushan, le 27 septembre.<\/p>\n\n\n\n<p>S&rsquo;exprimant en arabe lors d&rsquo;une rare prise de parole, Ali Khamenei affirme qu&rsquo;Isra\u00ebl ne peut pas nuire gravement au Hezbollah, dont le combat rend un \u00ab<em>&nbsp;service vital \u00e0 toute la r\u00e9gion&nbsp;<\/em>\u00bb, et au Hamas. \u00c0 l&rsquo;inverse, Isra\u00ebl \u00ab&nbsp;<em>n&rsquo;en a plus pour longtemps<\/em>&nbsp;\u00bb, pr\u00e9dit-il. \u00ab<em>&nbsp;Les alli\u00e9s de l&rsquo;Iran ne reculeront pas&nbsp;<\/em>\u00bb,&nbsp;malgr\u00e9 la vague d&rsquo;assassinats men\u00e9e par Isra\u00ebl contre des dirigeants pro-iraniens, comme ceux du Hamas palestinien et du Hezbollah libanais. \u00ab&nbsp;<em>La r\u00e9sistance dans la r\u00e9gion ne reculera pas malgr\u00e9 ses martyrs et remportera la victoire&nbsp;<\/em>\u00bb, assure le guide supr\u00eame.<\/p>\n\n\n\n<p>Avec ce discours, l&rsquo;Iran montre les muscles, analyse notre correspondant \u00e0 T\u00e9h\u00e9ran,&nbsp;<strong>Siavosh Ghazi<\/strong>, et se dit pr\u00eat \u00e0 r\u00e9pondre \u00e0 Isra\u00ebl en cas de riposte.<\/p>\n\n\n\n<p><strong>08h30 :&nbsp;Hassan Nasrallah a \u00e9t\u00e9 \u00ab&nbsp;<em>provisoirement&nbsp;<\/em>\u00bb enterr\u00e9&nbsp;dans un lieu tenu secret, rapporte l&rsquo;AFP<\/strong><\/p>\n\n\n\n<p>Le chef du Hezbollah Hassan Nasrallah, tu\u00e9 il y a une semaine dans une frappe isra\u00e9lienne, a \u00e9t\u00e9 enterr\u00e9 \u00ab&nbsp;<em>provisoirement&nbsp;<\/em>\u00bb dans un lieu tenu secret de crainte que ses fun\u00e9railles soient vis\u00e9es par Isra\u00ebl, a indiqu\u00e9 vendredi \u00e0 l&rsquo;AFP une source proche du Hezbollah. \u00ab&nbsp;<em>Sayyed Hassan Nasrallah a \u00e9t\u00e9 inhum\u00e9 dans un lieu provisoire, en attendant des circonstances permettant des fun\u00e9railles populaires&nbsp;<\/em>\u00bb, a d\u00e9clar\u00e9 cette source qui a requis l&rsquo;anonymat.<\/p>\n\n\n\n<p><strong>7h42 : L&rsquo;ayatollah Khamenei doit s&rsquo;exprimer ce vendredi apr\u00e8s l&rsquo;attaque de l&rsquo;Iran contre Isra\u00ebl<\/strong><\/p>\n\n\n\n<p>Le guide supr\u00eame iranien, l&rsquo;ayatollah Ali Khamenei, doit diriger vendredi la grande pri\u00e8re hebdomadaire et prononcer un pr\u00eache qui pourrait donner le ton des plans de l&rsquo;Iran apr\u00e8s son attaque de missiles lanc\u00e9e mardi contre Isra\u00ebl.&nbsp;Cette rare prise de parole doit aussi intervenir trois jours avant le premier anniversaire de l&rsquo;attaque sans pr\u00e9c\u00e9dent du mouvement islamiste palestinien Hamas sur le sol isra\u00e9lien, qui a d\u00e9clench\u00e9 la guerre dans la bande de Gaza, le 7 octobre 2023.<\/p>\n\n\n\n<p>Ultime d\u00e9cideur dans les principaux dossiers de la R\u00e9publique islamique, Ali Khamenei pourrait lever la lumi\u00e8re sur les suites qu&rsquo;entend donner T\u00e9h\u00e9ran \u00e0 son attaque, au cours de laquelle quelque 200 missiles ont \u00e9t\u00e9 tir\u00e9s sur Isra\u00ebl.<\/p>\n\n\n\n<p><strong>7h20 : En Jordanie, des rassemblements quotidiens en hommage \u00e0 Hassan Nasrallah<\/strong><\/p>\n\n\n\n<p>Les diff\u00e9rences doctrinales et id\u00e9ologiques, ainsi que la participation de Bachar al-Assad \u00e0 la r\u00e9pression de la r\u00e9volution syrienne depuis 2011, tout comme l&rsquo;application du projet expansionniste iranien dans le monde arabe, n\u2019ont pas emp\u00each\u00e9 un retournement d&rsquo;humeur positif des Jordaniens envers le Hezbollah. Ce changement s&rsquo;est produit apr\u00e8s l&rsquo;ouverture d&rsquo;un front militaire avec Isra\u00ebl en soutien \u00e0 la r\u00e9sistance palestinienne \u00e0 Gaza. En Jordanie, plusieurs centaines de personnes se rassemblent quotidiennement pour comm\u00e9morer la mort du leader du Hezbollah d\u00e9c\u00e9d\u00e9. Reportage de notre correspondant \u00e0 Amman,&nbsp;<strong>Mohamed Errami<\/strong>.<\/p>\n\n\n\n<p>01:25<\/p>\n\n\n\n<p>[Reportage] En Jordanie, des rassemblements quotidiens en hommage \u00e0 Hassan NasrallahMohamed Errami<\/p>\n\n\n\n<p><strong>6h57 : Le ministre iranien des Affaires \u00e9trang\u00e8res est arriv\u00e9 au Liban<\/strong><\/p>\n\n\n\n<p>Le chef de la diplomatie iranienne Abbas Araghchi est arriv\u00e9 ce vendredi \u00e0 Beyrouth, au moment o\u00f9 Isra\u00ebl intensifie ses bombardements au Liban contre le Hezbollah, la formation chiite pro-iranienne, a annonc\u00e9 l&rsquo;agence nationale de presse libanaise. Il s&rsquo;agit de la premi\u00e8re visite au Liban d&rsquo;un haut responsable iranien depuis l&rsquo;assassinat le 27 septembre du chef du Hezbollah, Hassan Nasrallah, dans une frappe isra\u00e9lienne.<\/p>\n\n\n\n<p><strong>6h38 : Le ministre des Transports libanais confirme que la route entre le Liban et la Syrie est coup\u00e9e<\/strong><\/p>\n\n\n\n<p>La route reliant le Liban \u00e0 la Syrie par le point de passage de Masnaa, emprunt\u00e9e ces derniers jours par des centaines de milliers de r\u00e9fugi\u00e9s pour fuir les bombardements d&rsquo;Isra\u00ebl, a \u00e9t\u00e9 coup\u00e9e vendredi matin \u00e0 la suite d&rsquo;un raid isra\u00e9lien, a d\u00e9clar\u00e9 le ministre libanais des Transports. La frappe, survenue en territoire libanais, a creus\u00e9 un crat\u00e8re de quatre m\u00e8tres de large, a pr\u00e9cis\u00e9 Ali Hamieh.<\/p>\n\n\n\n<p>Pour afficher ce contenu X (Twitter), il est n\u00e9cessaire d&rsquo;autoriser les cookies de mesure d&rsquo;audience et de publicit\u00e9.AccepterG\u00e9rer mes choix<\/p>\n\n\n\n<p><strong>6h26 : Selon l&rsquo;arm\u00e9e isra\u00e9lienne, le bombardement de Tulkarem en Cisjordanie visait un responsable local du Hamas<\/strong><\/p>\n\n\n\n<p>La frappe a\u00e9rienne sur une caf\u00e9t\u00e9ria qui a fait 18 morts jeudi soir \u00e0 Tulkarem en Cisjordanie a tu\u00e9<strong>&nbsp;<\/strong>Zahi Yaser Abd al-Razeq Oufi a affirm\u00e9 l&rsquo;arm\u00e9e isra\u00e9lienne. Les services de s\u00e9curit\u00e9 isra\u00e9liens accusaient Zahi Oufi d\u2019avoir commandit\u00e9 et particip\u00e9 \u00e0 de nombreux attentats dans le nord de la Cisjordanie et de s&rsquo;appr\u00eater \u00e0 en commettre un autre \u00e0&nbsp; \u00ab&nbsp;<em>tr\u00e8s br\u00e8ve \u00e9ch\u00e9ance&nbsp;<\/em>\u00bb selon les termes d\u2019un porte-parole isra\u00e9lien.<\/p>\n\n\n\n<p><strong>6h05 : Le secteur de l&rsquo;a\u00e9roport vis\u00e9 par les frappes isra\u00e9liennes de la nuit<\/strong><\/p>\n\n\n\n<p>Les nouvelles frappes sur Beyrouth de cette nuit ont notamment eu lieu dans le secteur de l\u2019a\u00e9roport et sur la banlieue sud de la capitale libanaise, rapporte notre correspondant sur place,&nbsp;<strong>Paul Khalifeh<\/strong>. Selon des informations non confirm\u00e9es cit\u00e9es par les m\u00e9dias en Isra\u00ebl, l\u2019objectif de l\u2019une de ces attaques \u00e9tait Hachem Safieddine,&nbsp;<strong>le successeur pressenti de Hassan Nasrallah<\/strong>&nbsp;\u00e0 la t\u00eate du Hezbollah. En retour, des salves de roquettes particuli\u00e8rement nourries en provenance du Liban ont \u00e9t\u00e9 tir\u00e9es notamment sur la Galil\u00e9e et la r\u00e9gion de la ville portuaire de Ha\u00effa.<\/p>\n\n\n\n<p>Au sud du Liban, l\u2019op\u00e9ration terrestre se poursuit.&nbsp;L&rsquo;offensive est&nbsp;toujours en cours sans que l\u2019on sache vraiment ce qui se passe sur le terrain. En moins de 24 heures, Isra\u00ebl a annonc\u00e9 la mort de dix soldats lors de combats au Sud-Liban. Et le chef d&rsquo;\u00e9tat-major isra\u00e9lien a affirm\u00e9 qu\u2019Isra\u00ebl ne permettrait pas \u00e0 l&rsquo;avenir au Hezbollah d\u2019occuper des positions militaires dans ce secteur.&nbsp;\u00ab&nbsp;Nous continuerons de frapper cette organisation&nbsp;\u00bb, a soulign\u00e9 le g\u00e9n\u00e9ral Hezi Halevi.<\/p>\n\n\n\n<p><strong>5h42 :&nbsp;L&rsquo;agence de presse libanaise dit qu&rsquo;un raid isra\u00e9lien \u00e0 la fronti\u00e8re avec la Syrie a coup\u00e9 l&rsquo;autoroute entre les deux pays<\/strong><\/p>\n\n\n\n<p>L&rsquo;agence de presse libanaise ANI a indiqu\u00e9 qu&rsquo;un raid isra\u00e9lien men\u00e9 \u00e0 la fronti\u00e8re avec la Syrie avait coup\u00e9 vendredi la principale route qui relie les deux pays.&nbsp;Des dizaines de milliers de personnes ont fui ces derniers jours le Liban, o\u00f9 Isra\u00ebl a men\u00e9 d&rsquo;intenses bombardements contre le mouvement Hezbollah, pour se rendre en Syrie en passant principalement par cette route.<\/p>\n\n\n\n<p><strong>5h18 : Dans le sud du Liban, la ville de Tyr s&rsquo;est vid\u00e9e de ses habitants<\/strong><\/p>\n\n\n\n<p>Dans le sud du Liban, alors que les bombardements isra\u00e9liens et les tirs de roquettes du Hezbollah rythment toujours le quotidien, les villas et villages se vident de leurs habitants depuis des semaines. Reportage \u00e0 Tyr de nos envoy\u00e9s sp\u00e9ciaux Aabla Jouna\u00efdi et Jad El Khoury qui ont suivi l&rsquo;ONG internationale Amel.<\/p>\n\n\n\n<p><strong>4h52 : Joe Biden ne croit pas \u00e0&nbsp;\u00ab&nbsp;<em>une guerre totale<\/em>&nbsp;\u00bb au Proche-Orient<\/strong><\/p>\n\n\n\n<p>Le pr\u00e9sident am\u00e9ricain Joe Biden a d\u00e9clar\u00e9 qu&rsquo;il ne pensait pas qu&rsquo;il y aurait une \u00ab&nbsp;<em>guerre totale<\/em>&nbsp;\u00bb au Proche-Orient, alors qu&rsquo;Isra\u00ebl \u00e9tudie sa r\u00e9ponse apr\u00e8s&nbsp;<strong>les salves de missiles lanc\u00e9es mardi par l&rsquo;Iran<\/strong>&nbsp;en direction de son territoire.<\/p>\n\n\n\n<p>Joe Biden a toutefois estim\u00e9 qu&rsquo;il fallait faire davantage pour \u00e9viter une guerre dans la r\u00e9gion, alors que l&rsquo;arm\u00e9e isra\u00e9lienne a effectu\u00e9 de nouvelles frappes a\u00e9riennes sur Beyrouth dans le cadre de ses op\u00e9rations contre le Hezbollah libanais. \u00ab<em>&nbsp;Je ne crois pas qu&rsquo;il y aura une guerre totale. Je pense que nous pouvons l&rsquo;\u00e9viter. Mais il y a encore beaucoup \u00e0 faire, beaucoup \u00e0 faire<\/em>&nbsp;\u00bb, a dit le locataire de la Maison blanche aux journalistes.<\/p>\n\n\n\n<p><strong>4h25 :&nbsp;\u00c0 Beyrouth, les urgences de l&rsquo;h\u00f4pital Rafic Hariri ne d\u00e9semplissent pas<\/strong><\/p>\n\n\n\n<p>L\u2019offensive isra\u00e9lienne lanc\u00e9e sur le Liban, il y a dix jours, a fait des milliers de bless\u00e9s. L\u2019\u00c9tat h\u00e9breu dit s\u2019en prendre au Hezbollah, mais frappe des zones r\u00e9sidentielles. Dans la banlieue sud, les trois h\u00f4pitaux ne fonctionnent plus. Tout proche de cette r\u00e9gion, l\u2019h\u00f4pital Rafic Hariri, le principal h\u00f4pital public du Liban, prend la rel\u00e8ve.<\/p>\n\n\n\n<p><strong>4h00 :&nbsp;Isra\u00ebl m\u00e8ne une nouvelle salve de raids a\u00e9riens sur le sud de Beyrouth<\/strong><\/p>\n\n\n\n<p>L&rsquo;arm\u00e9e isra\u00e9lienne a men\u00e9 dans la nuit de jeudi \u00e0 vendredi une nouvelle salve de frappes sur le sud de Beyrouth, bastion du mouvement chiite Hezbollah, dans l&rsquo;un des raids les plus violents depuis qu&rsquo;Isra\u00ebl a intensifi\u00e9 sa campagne de bombardements sur le pays le 23 septembre.<\/p>\n\n\n\n<p>L&rsquo;arm\u00e9e isra\u00e9lienne avait affirm\u00e9 jeudi qu&rsquo;elle continuerait \u00e0 infliger des \u00ab&nbsp;<em>coups s\u00e9v\u00e8res&nbsp;<\/em>\u00bb au Hezbollah, apr\u00e8s trois jours de combats au sol contre le mouvement islamiste arm\u00e9 dans le sud du Liban qui ont co\u00fbt\u00e9 la vie \u00e0 neuf de ses soldats.<\/p>\n\n\n\n<p>Selon des chiffres officiels, pr\u00e8s de 2&nbsp;000 personnes ont \u00e9t\u00e9 tu\u00e9es au Liban en un an de violences transfrontali\u00e8res entre le Hezbollah et l&rsquo;arm\u00e9e isra\u00e9lienne, dont plus d&rsquo;un millier depuis le 23 septembre. Le gouvernement libanais estime \u00e0 environ 1,2 million le nombre de d\u00e9plac\u00e9s.<\/p>\n\n\n\n<p><\/p>\n","protected":false},"excerpt":{"rendered":"<p>Isra\u00ebl a poursuivi ses raids a\u00e9riens sur le sud de Beyrouth dans la nuit du jeudi 3 au vendredi 4<\/p>\n","protected":false},"author":1,"featured_media":43533,"comment_status":"open","ping_status":"open","sticky":false,"template":"","format":"standard","meta":{"footnotes":""},"categories":[51],"tags":[],"class_list":["post-43532","post","type-post","status-publish","format-standard","has-post-thumbnail","hentry","category-general"],"_links":{"self":[{"href":"https:\/\/dekkbi.com\/index.php?rest_route=\/wp\/v2\/posts\/43532","targetHints":{"allow":["GET"]}}],"collection":[{"href":"https:\/\/dekkbi.com\/index.php?rest_route=\/wp\/v2\/posts"}],"about":[{"href":"https:\/\/dekkbi.com\/index.php?rest_route=\/wp\/v2\/types\/post"}],"author":[{"embeddable":true,"href":"https:\/\/dekkbi.com\/index.php?rest_route=\/wp\/v2\/users\/1"}],"replies":[{"embeddable":true,"href":"https:\/\/dekkbi.com\/index.php?rest_route=%2Fwp%2Fv2%2Fcomments&post=43532"}],"version-history":[{"count":2,"href":"https:\/\/dekkbi.com\/index.php?rest_route=\/wp\/v2\/posts\/43532\/revisions"}],"predecessor-version":[{"id":43548,"href":"https:\/\/dekkbi.com\/index.php?rest_route=\/wp\/v2\/posts\/43532\/revisions\/43548"}],"wp:featuredmedia":[{"embeddable":true,"href":"https:\/\/dekkbi.com\/index.php?rest_route=\/wp\/v2\/media\/43533"}],"wp:attachment":[{"href":"https:\/\/dekkbi.com\/index.php?rest_route=%2Fwp%2Fv2%2Fmedia&parent=43532"}],"wp:term":[{"taxonomy":"category","embeddable":true,"href":"https:\/\/dekkbi.com\/index.php?rest_route=%2Fwp%2Fv2%2Fcategories&post=43532"},{"taxonomy":"post_tag","embeddable":true,"href":"https:\/\/dekkbi.com\/index.php?rest_route=%2Fwp%2Fv2%2Ftags&post=43532"}],"curies":[{"name":"wp","href":"https:\/\/api.w.org\/{rel}","templated":true}]}}