{"id":43528,"date":"2024-10-04T11:28:12","date_gmt":"2024-10-04T11:28:12","guid":{"rendered":"https:\/\/dekkbi.com\/?p=43528"},"modified":"2024-10-04T11:28:12","modified_gmt":"2024-10-04T11:28:12","slug":"bougane-gueye-cheikh-yerim-seck-et-kader-dia-libres-medias","status":"publish","type":"post","link":"https:\/\/dekkbi.com\/?p=43528","title":{"rendered":"Bougane Gu\u00e8ye, Cheikh Y\u00e9rim Seck et Kader Dia libres (m\u00e9dias)"},"content":{"rendered":"\n<p>Dakar,  (APS) \u2013 Le leader de \u2018\u2019Gueum sa bopp\u2019\u2019 (opposition), Bougane Gu\u00e8ye, ainsi que le journaliste Cheikh Y\u00e9rim Seck et le chroniqueur Kader Dia sont sortis, jeudi, libres de leur audition par le parquet, rapportent plusieurs sources m\u00e9diatiques.<\/p>\n\n\n\n<p>Le leader du mouvement politique Gueum Sa Bopp (opposition) et pr\u00e9sident-directeur g\u00e9n\u00e9ral du groupe de presse D-m\u00e9dia, Bougane Gu\u00e8ye, avait \u00e9t\u00e9 plac\u00e9 en garde \u00e0 vue, apr\u00e8s sa convocation, mercredi, \u00e0 la Division sp\u00e9ciale de cybers\u00e9curit\u00e9.<\/p>\n\n\n\n<p>Il est reproch\u00e9 \u00e0 Bougane Gu\u00e8ye, \u00e9galement candidat aux prochaines \u00e9lections l\u00e9gislatives pr\u00e9vues le 17 novembre prochain, des propos injurieux et diffamatoires et la diffusion de fausses nouvelles.<\/p>\n\n\n\n<p>Le journaliste Cheikh Y\u00e9rim Seck avait \u00e9t\u00e9 lui aussi d\u00e9f\u00e9r\u00e9 au parquet pour diffamation et diffusion de fausses nouvelles apr\u00e8s son audition par la Division sp\u00e9ciale de cybers\u00e9curit\u00e9. Il lui \u00e9tait reproch\u00e9 d\u2019avoir r\u00e9fut\u00e9 les chiffres du gouvernement sur les comptes publics.<\/p>\n\n\n\n<p>Des membres du gouvernement, dont le Premier ministre, Ousmane Sonko, ont d\u00e9nonc\u00e9, lors d\u2019une conf\u00e9rence de presse, la publication de \u2018\u2019donn\u00e9es erron\u00e9es\u2019\u2019 par leurs pr\u00e9d\u00e9cesseurs, Macky Sall et d\u2019anciens ministres, concernant les comptes publics du pays, la dette et le d\u00e9ficit budg\u00e9taire notamment.<\/p>\n\n\n\n<p>Selon les m\u00eames sources, le dossier de Cheikh Y\u00e9rim Seck aurait \u00e9t\u00e9 \u00e9t\u00e9 class\u00e9 sans suite.<\/p>\n\n\n\n<p>Dans la m\u00eame journ\u00e9e, le chroniqueur \u00e0 la Sen TV, Kader Dia, a lui aussi recouvr\u00e9 la libert\u00e9.<\/p>\n\n\n\n<p>Il a \u00e9t\u00e9 convoqu\u00e9 par la Division sp\u00e9ciale de cybers\u00e9curit\u00e9, suite \u00e0 ses propos tenus lors d\u2019une \u00e9mission sur l\u2019affaire des 30 migrants retrouv\u00e9s morts dans une pirogue au large de Dakar.<\/p>\n\n\n\n<p>OID\/ABB\/ASG<\/p>\n","protected":false},"excerpt":{"rendered":"<p>Dakar, (APS) \u2013 Le leader de \u2018\u2019Gueum sa bopp\u2019\u2019 (opposition), Bougane Gu\u00e8ye, ainsi que le journaliste Cheikh Y\u00e9rim Seck et<\/p>\n","protected":false},"author":1,"featured_media":43529,"comment_status":"open","ping_status":"open","sticky":false,"template":"","format":"standard","meta":{"footnotes":""},"categories":[21],"tags":[],"class_list":["post-43528","post","type-post","status-publish","format-standard","has-post-thumbnail","hentry","category-societe"],"_links":{"self":[{"href":"https:\/\/dekkbi.com\/index.php?rest_route=\/wp\/v2\/posts\/43528","targetHints":{"allow":["GET"]}}],"collection":[{"href":"https:\/\/dekkbi.com\/index.php?rest_route=\/wp\/v2\/posts"}],"about":[{"href":"https:\/\/dekkbi.com\/index.php?rest_route=\/wp\/v2\/types\/post"}],"author":[{"embeddable":true,"href":"https:\/\/dekkbi.com\/index.php?rest_route=\/wp\/v2\/users\/1"}],"replies":[{"embeddable":true,"href":"https:\/\/dekkbi.com\/index.php?rest_route=%2Fwp%2Fv2%2Fcomments&post=43528"}],"version-history":[{"count":1,"href":"https:\/\/dekkbi.com\/index.php?rest_route=\/wp\/v2\/posts\/43528\/revisions"}],"predecessor-version":[{"id":43530,"href":"https:\/\/dekkbi.com\/index.php?rest_route=\/wp\/v2\/posts\/43528\/revisions\/43530"}],"wp:featuredmedia":[{"embeddable":true,"href":"https:\/\/dekkbi.com\/index.php?rest_route=\/wp\/v2\/media\/43529"}],"wp:attachment":[{"href":"https:\/\/dekkbi.com\/index.php?rest_route=%2Fwp%2Fv2%2Fmedia&parent=43528"}],"wp:term":[{"taxonomy":"category","embeddable":true,"href":"https:\/\/dekkbi.com\/index.php?rest_route=%2Fwp%2Fv2%2Fcategories&post=43528"},{"taxonomy":"post_tag","embeddable":true,"href":"https:\/\/dekkbi.com\/index.php?rest_route=%2Fwp%2Fv2%2Ftags&post=43528"}],"curies":[{"name":"wp","href":"https:\/\/api.w.org\/{rel}","templated":true}]}}