{"id":43387,"date":"2024-10-03T09:52:25","date_gmt":"2024-10-03T09:52:25","guid":{"rendered":"https:\/\/dekkbi.com\/?p=43387"},"modified":"2024-10-03T09:52:26","modified_gmt":"2024-10-03T09:52:26","slug":"plaidoyer-pour-la-mise-en-place-de-la-caisse-autonome-de-protection-sociale-universelle-capsu","status":"publish","type":"post","link":"https:\/\/dekkbi.com\/?p=43387","title":{"rendered":"Plaidoyer pour la mise en place de la Caisse autonome de Protection sociale universelle (CAPSU)"},"content":{"rendered":"\n<p>La D\u00e9l\u00e9gation g\u00e9n\u00e9rale \u00e0 la Protection sociale et \u00e0 la Solidarit\u00e9 nationale (DGPSN), organise du 2 au 3 octobre 2024, un atelier de partage et de renforcement de capacit\u00e9s des membres de son Conseil d\u2019orientation. Au programme de ces deux jours, des pr\u00e9sentations et expos\u00e9s sur le cadre juridique, les attributions et les missions de la DGPSN, seront partag\u00e9s. L\u2019objectif est de renforcer les capacit\u00e9s des membres dudit Conseil d\u2019orientation, afin de leur permettre de jouer pleinement leur r\u00f4le.<\/p>\n\n\n\n<p>Parlant au nom de ses coll\u00e8gues, le pr\u00e9sident du Conseil d\u2019orientation, Monsieur Mouhamadou Diaw a d\u2019abord magnifi\u00e9 la tenue de cette rencontre, avant d\u2019informer que \u00ab&nbsp;<em>depuis la cr\u00e9ation de la D\u00e9l\u00e9gation g\u00e9n\u00e9rale \u00e0 la Protection sociale et \u00e0 la Solidarit\u00e9 nationale, des progr\u00e8s significatifs dans la lutte contre la pauvret\u00e9 et les in\u00e9galit\u00e9s ont \u00e9t\u00e9 r\u00e9alis\u00e9s&nbsp;<\/em>\u00bb. Cependant, il exhorte les acteurs \u00ab&nbsp;<em>\u00e0 consolider ces acquis et \u00e0 innover, pour surmonter les obstacles qui se dressent encore sur le chemin de la DGPSN&nbsp;<\/em>\u00bb.<\/p>\n\n\n\n<p>Dans son allocution d\u2019ouverture, le D\u00e9l\u00e9gu\u00e9 g\u00e9n\u00e9ral, Monsieur Matar S\u00e8ne s\u2019est r\u00e9joui de la tenue de cet atelier, qui constitue un moment fort de mise \u00e0 niveau et de capacitation des membres du Conseil d\u2019orientation, sur les divers instruments de la DGPSN. La rencontre se tient dans un contexte o\u00f9 l\u2019attention du gouvernement est tourn\u00e9e vers la transformation syst\u00e9mique du pays. L\u2019objectif est de faire du S\u00e9n\u00e9gal, un \u00ab \u00c9tat souverain, juste et prosp\u00e8re \u00bb, conform\u00e9ment aux orientations de Son Excellence, Bassirou Diomaye Diakhar Faye, pr\u00e9sident de la R\u00e9publique, dont la d\u00e9clinaison et la mise en \u0153uvre sont assur\u00e9es par Monsieur le Premier ministre, Ousmane Sonko, qui conduit avec succ\u00e8s, les travaux de formulation du nouveau r\u00e9f\u00e9rentiel des politiques publiques.<\/p>\n\n\n\n<p>Le plan quinquennal \u00e9labor\u00e9 dans le cadre de la strat\u00e9gie nationale (SND) 2025-2029, qui reprend les orientations de la Strat\u00e9gie nationale de la Protection sociale (SNP), \u00e0 travers son axe 2 \u00ab Capital humain de qualit\u00e9 et \u00e9quit\u00e9 sociale \u00bb, accorde un grand int\u00e9r\u00eat \u00e0 la lutte contre la pauvret\u00e9 et les in\u00e9galit\u00e9s sociales.<\/p>\n\n\n\n<p>D\u2019apr\u00e8s le D\u00e9l\u00e9gu\u00e9 g\u00e9n\u00e9ral, \u00ab&nbsp;<em>cette composante sugg\u00e8re une extension de la protection sociale, par le truchement de la formalisation des acteurs de l\u2019\u00e9conomie informelle et le d\u00e9veloppement des programmes de filets sociaux destin\u00e9s, entre autres, aux enfants et aux personnes \u00e2g\u00e9es<\/em>&nbsp;\u00bb. Toutefois, il a pr\u00e9cis\u00e9 que \u00ab&nbsp;<em>cet \u00e9largissement de la couverture ne se r\u00e9alisera pas, sans un financement durable et p\u00e9renne&nbsp;<\/em>\u00bb.<\/p>\n\n\n\n<p>Une occasion pour lui, de faire un plaidoyer pour la mise en place de la Caisse autonome de Protection sociale universelle (CAPSU). Dans cette dynamique, le D\u00e9l\u00e9gu\u00e9 g\u00e9n\u00e9ral a lanc\u00e9 un appel aux conseillers, en ces termes : \u00ab&nbsp;<em>avec vous \u00e0 nos c\u00f4t\u00e9s, chers membres du Conseil d\u2019orientation, nous avons toutes les raisons de croire en l\u2019aboutissement de ce projet, qui reste un d\u00e9fi majeur du parach\u00e8vement des r\u00e9formes structurelles du secteur de la protection sociale&nbsp;<\/em>\u00bb.<\/p>\n\n\n\n<p>SOURCE LERAL<\/p>\n","protected":false},"excerpt":{"rendered":"<p>La D\u00e9l\u00e9gation g\u00e9n\u00e9rale \u00e0 la Protection sociale et \u00e0 la Solidarit\u00e9 nationale (DGPSN), organise du 2 au 3 octobre 2024,<\/p>\n","protected":false},"author":1,"featured_media":43388,"comment_status":"open","ping_status":"open","sticky":false,"template":"","format":"standard","meta":{"footnotes":""},"categories":[3],"tags":[],"class_list":["post-43387","post","type-post","status-publish","format-standard","has-post-thumbnail","hentry","category-event-more-news"],"_links":{"self":[{"href":"https:\/\/dekkbi.com\/index.php?rest_route=\/wp\/v2\/posts\/43387","targetHints":{"allow":["GET"]}}],"collection":[{"href":"https:\/\/dekkbi.com\/index.php?rest_route=\/wp\/v2\/posts"}],"about":[{"href":"https:\/\/dekkbi.com\/index.php?rest_route=\/wp\/v2\/types\/post"}],"author":[{"embeddable":true,"href":"https:\/\/dekkbi.com\/index.php?rest_route=\/wp\/v2\/users\/1"}],"replies":[{"embeddable":true,"href":"https:\/\/dekkbi.com\/index.php?rest_route=%2Fwp%2Fv2%2Fcomments&post=43387"}],"version-history":[{"count":1,"href":"https:\/\/dekkbi.com\/index.php?rest_route=\/wp\/v2\/posts\/43387\/revisions"}],"predecessor-version":[{"id":43389,"href":"https:\/\/dekkbi.com\/index.php?rest_route=\/wp\/v2\/posts\/43387\/revisions\/43389"}],"wp:featuredmedia":[{"embeddable":true,"href":"https:\/\/dekkbi.com\/index.php?rest_route=\/wp\/v2\/media\/43388"}],"wp:attachment":[{"href":"https:\/\/dekkbi.com\/index.php?rest_route=%2Fwp%2Fv2%2Fmedia&parent=43387"}],"wp:term":[{"taxonomy":"category","embeddable":true,"href":"https:\/\/dekkbi.com\/index.php?rest_route=%2Fwp%2Fv2%2Fcategories&post=43387"},{"taxonomy":"post_tag","embeddable":true,"href":"https:\/\/dekkbi.com\/index.php?rest_route=%2Fwp%2Fv2%2Ftags&post=43387"}],"curies":[{"name":"wp","href":"https:\/\/api.w.org\/{rel}","templated":true}]}}