{"id":4337,"date":"2022-12-05T11:21:10","date_gmt":"2022-12-05T11:21:10","guid":{"rendered":"https:\/\/dekkbi.com\/?p=4337"},"modified":"2022-12-05T11:21:11","modified_gmt":"2022-12-05T11:21:11","slug":"france-des-centaines-de-migrants-campent-devant-le-conseil-detat-pour-alerter-sur-leur-situation","status":"publish","type":"post","link":"https:\/\/dekkbi.com\/?p=4337","title":{"rendered":"France: des centaines de migrants campent devant le Conseil d\u2019\u00c9tat pour alerter sur leur situation"},"content":{"rendered":"\n<p>Cela fait maintenant deux jours que ces jeunes migrants ont quitt\u00e9 leur camp dans le Val-de-Marne pour installer leurs tentes au c\u0153ur de la capitale fran\u00e7aise. Ils esp\u00e8rent ainsi attirer l&rsquo;attention sur leur situation.<\/p>\n\n\n\n<p>D&rsquo;un c\u00f4t\u00e9 le Louvre, de l&rsquo;autre le Conseil d&rsquo;\u00c9tat, et au milieu environ 150 tentes. Chacune est partag\u00e9e par deux voire trois jeunes migrants. Parmi eux, Mana. Ce jeune Camerounais vit un calvaire: \u00ab\u00a0<em>C\u2019est l\u2019enfer sur Terre. Tu es couch\u00e9 et les draps sont mouill\u00e9s, tu sens la glace dans tes veines. Il n\u2019y a pas assez de mots pour exprimer ce que je ressens, la situation est tr\u00e8s dure.\u00a0<\/em>\u00bb<\/p>\n\n\n\n<p>Lui et les autres migrants demandent des h\u00e9bergements. Poser leurs tentes en plein Paris, c&rsquo;est une fa\u00e7on de gagner en visibilit\u00e9. \u00ab&nbsp;<em>Maintenant, on a d\u00e9cid\u00e9 de sortir pour que l\u2019on puisse nous voir&nbsp;<\/em>\u00bb, pr\u00e9cise Mana.<\/p>\n\n\n\n<h2 class=\"wp-block-heading\">Des jeunes en manque de nourriture et confront\u00e9s au froid hivernal<\/h2>\n\n\n\n<p>Autour du camp, des touristes prennent des selfies avec le Louvre, mais d&rsquo;autres sont intrigu\u00e9s par les tentes. Certains viennent voir Alice Bertrand, qui fait partie de l\u2019association Utopia 56, pour mieux comprendre. Elle appelle \u00e0 agir vite&nbsp;: \u00ab&nbsp;<em>Avec le froid qui arrive, le manque de nourriture, beaucoup de jeunes ne mangent plus, ne parlent plus et commencent \u00e0 avoir des id\u00e9es noires. On a d\u00e9cid\u00e9 de s\u2019installer ill\u00e9galement ici pour demander un h\u00e9bergement imm\u00e9diat.&nbsp;<\/em>\u00bb<\/p>\n\n\n\n<p>La plupart des jeunes migrants sont en attente d&rsquo;une d\u00e9cision de justice, et esp\u00e8rent \u00eatre reconnus comme mineurs isol\u00e9s.<\/p>\n","protected":false},"excerpt":{"rendered":"<p>Cela fait maintenant deux jours que ces jeunes migrants ont quitt\u00e9 leur camp dans le Val-de-Marne pour installer leurs tentes<\/p>\n","protected":false},"author":1,"featured_media":4338,"comment_status":"open","ping_status":"open","sticky":false,"template":"","format":"standard","meta":{"footnotes":""},"categories":[51],"tags":[],"class_list":["post-4337","post","type-post","status-publish","format-standard","has-post-thumbnail","hentry","category-general"],"_links":{"self":[{"href":"https:\/\/dekkbi.com\/index.php?rest_route=\/wp\/v2\/posts\/4337","targetHints":{"allow":["GET"]}}],"collection":[{"href":"https:\/\/dekkbi.com\/index.php?rest_route=\/wp\/v2\/posts"}],"about":[{"href":"https:\/\/dekkbi.com\/index.php?rest_route=\/wp\/v2\/types\/post"}],"author":[{"embeddable":true,"href":"https:\/\/dekkbi.com\/index.php?rest_route=\/wp\/v2\/users\/1"}],"replies":[{"embeddable":true,"href":"https:\/\/dekkbi.com\/index.php?rest_route=%2Fwp%2Fv2%2Fcomments&post=4337"}],"version-history":[{"count":1,"href":"https:\/\/dekkbi.com\/index.php?rest_route=\/wp\/v2\/posts\/4337\/revisions"}],"predecessor-version":[{"id":4339,"href":"https:\/\/dekkbi.com\/index.php?rest_route=\/wp\/v2\/posts\/4337\/revisions\/4339"}],"wp:featuredmedia":[{"embeddable":true,"href":"https:\/\/dekkbi.com\/index.php?rest_route=\/wp\/v2\/media\/4338"}],"wp:attachment":[{"href":"https:\/\/dekkbi.com\/index.php?rest_route=%2Fwp%2Fv2%2Fmedia&parent=4337"}],"wp:term":[{"taxonomy":"category","embeddable":true,"href":"https:\/\/dekkbi.com\/index.php?rest_route=%2Fwp%2Fv2%2Fcategories&post=4337"},{"taxonomy":"post_tag","embeddable":true,"href":"https:\/\/dekkbi.com\/index.php?rest_route=%2Fwp%2Fv2%2Ftags&post=4337"}],"curies":[{"name":"wp","href":"https:\/\/api.w.org\/{rel}","templated":true}]}}