{"id":43332,"date":"2024-10-02T12:26:14","date_gmt":"2024-10-02T12:26:14","guid":{"rendered":"https:\/\/dekkbi.com\/?p=43332"},"modified":"2024-10-02T12:26:15","modified_gmt":"2024-10-02T12:26:15","slug":"ligue-des-champions-le-senegalais-abdallah-sima-phare-de-brest","status":"publish","type":"post","link":"https:\/\/dekkbi.com\/?p=43332","title":{"rendered":"Ligue des champions: le S\u00e9n\u00e9galais Abdallah Sima, phare de Brest"},"content":{"rendered":"\n<p>Il y a quinze jours, il marquait le but de la victoire historique pour Brest face \u00e0&nbsp;Sturm Graz (2-1). Mardi, Abdallah Sima s\u2019est offert un doubl\u00e9 pour hisser le club breton parmi les leaders du classement en Ligue des champions. Qui aurait pu imaginer un tel destin pour un joueur qui \u00e9tait encore en 10e division il y a cinq ans&nbsp;?<\/p>\n\n\n\n<p>Par :Ndiasse Sambe &#8211; SOURCE RFI<\/p>\n\n\n\n<p>Il a son nom juste derri\u00e8re celui d\u2019un habitu\u00e9 \u00e0 ces hauteurs, l\u2019Anglais Harry Kane du Bayern Munich, meilleur buteur (quatre r\u00e9alisations) de la Ligue des champions apr\u00e8s deux journ\u00e9es. Abdallah Sima suit avec trois r\u00e9alisations, dont deux inscrites ce mardi 1er octobre face \u00e0 Salzbourg.\u00a0<strong>La d\u00e9monstraion de Brest\u00a0<\/strong>sur la pelouse du club autrichien (4-0) porte en grande partie la signature de l\u2019attaquant s\u00e9n\u00e9galais, d\u00e9j\u00e0 h\u00e9ros du club breton lors de la premi\u00e8re victoire historique du club breton en Ligue des champions devant le Sturm Graz.<\/p>\n\n\n\n<p>Il n\u2019y a pas grand monde qui aurait pu imaginer que le joueur, d\u00e9barqu\u00e9 fin ao\u00fbt dans le Finist\u00e8re, pour renforcer l\u2019\u00e9quipe troisi\u00e8me de la Ligue 1, la saison derni\u00e8re, attirerait autant la lumi\u00e8re sur lui et son club. Car Abdallah Sima a fait sa carri\u00e8re dans l\u2019ombre, s\u2019offrant de temps en temps un coup de projecteur pour montrer \u00e0 chaque fois que son talent pouvait viser encore plus haut.<\/p>\n\n\n\n<h2 class=\"wp-block-heading\">10 buts en 19 matches europ\u00e9ens<\/h2>\n\n\n\n<p>N\u00e9 \u00e0 Dakar, r\u00e9v\u00e9l\u00e9 dans le quartier de M\u00e9dina, Sima n\u2019a pas eu peur de faire le grand saut, \u00e0 18 ans, pour r\u00e9aliser son r\u00eave de devenir footballeur professionnel. Quitte \u00e0 commencer au plus bas de l\u2019\u00e9chelle en deuxi\u00e8me division de district\u2026 le dixi\u00e8me niveau du football fran\u00e7ais, dans l\u2019\u00e9quipe r\u00e9serve du club de Thonon-\u00c9vian Grand Gen\u00e8ve FC, ex&nbsp;\u00c9vian Thonon-Gaillard.<\/p>\n\n\n\n<p>Rep\u00e9r\u00e9 par le Slavia Prague, le joueur qui peut \u00e9voluer \u00e0 tous les postes de l\u2019attaque d\u00e9barque en R\u00e9publique tch\u00e8que. Champion avec le club de la capitale, le S\u00e9n\u00e9galais voit son nom franchir les fronti\u00e8res apr\u00e8s de belles performances en Ligue Europa. Le club anglais Brighton le signe en ao\u00fbt 2021. Depuis, Abdallah Sima attend de jouer avec le club de Premier League qui n\u2019a pas arr\u00eat\u00e9 de le pr\u00eater ces quatre derni\u00e8res saisons. Stoke City (D2 anglais), Angers (France), et Glasgow Rangers b\u00e9n\u00e9ficieront ainsi du talent de l\u2019international s\u00e9n\u00e9galais.<\/p>\n\n\n\n<p>Cette saison, Brest semble avoir eu la bonne pioche avec ce joueur qui a marqu\u00e9 10 fois lors de ses 19 matches en comp\u00e9titions europ\u00e9ennes. \u00ab&nbsp;<em>C\u2019est beau, c\u2019est une belle performance collective. Je suis content d\u2019avoir marqu\u00e9 deux buts, mais le plus important, ce sont ces trois points qu\u2019on a pris ici&nbsp;\u00bb<\/em>, l\u00e2chera sommairement le h\u00e9ros du jour apr\u00e8s la fin de la rencontre Brest-Salzbourg.<\/p>\n\n\n\n<p>Dans trois semaines, les Bretons auront fort \u00e0 faire lors de la troisi\u00e8me journ\u00e9e de Ligue des champions contre le Bayer Leverkusen. Mais avec Sima, le r\u00eave est toujours permis.<\/p>\n","protected":false},"excerpt":{"rendered":"<p>Il y a quinze jours, il marquait le but de la victoire historique pour Brest face \u00e0&nbsp;Sturm Graz (2-1). Mardi,<\/p>\n","protected":false},"author":1,"featured_media":43333,"comment_status":"open","ping_status":"open","sticky":false,"template":"","format":"standard","meta":{"footnotes":""},"categories":[9],"tags":[],"class_list":["post-43332","post","type-post","status-publish","format-standard","has-post-thumbnail","hentry","category-sports"],"_links":{"self":[{"href":"https:\/\/dekkbi.com\/index.php?rest_route=\/wp\/v2\/posts\/43332","targetHints":{"allow":["GET"]}}],"collection":[{"href":"https:\/\/dekkbi.com\/index.php?rest_route=\/wp\/v2\/posts"}],"about":[{"href":"https:\/\/dekkbi.com\/index.php?rest_route=\/wp\/v2\/types\/post"}],"author":[{"embeddable":true,"href":"https:\/\/dekkbi.com\/index.php?rest_route=\/wp\/v2\/users\/1"}],"replies":[{"embeddable":true,"href":"https:\/\/dekkbi.com\/index.php?rest_route=%2Fwp%2Fv2%2Fcomments&post=43332"}],"version-history":[{"count":1,"href":"https:\/\/dekkbi.com\/index.php?rest_route=\/wp\/v2\/posts\/43332\/revisions"}],"predecessor-version":[{"id":43334,"href":"https:\/\/dekkbi.com\/index.php?rest_route=\/wp\/v2\/posts\/43332\/revisions\/43334"}],"wp:featuredmedia":[{"embeddable":true,"href":"https:\/\/dekkbi.com\/index.php?rest_route=\/wp\/v2\/media\/43333"}],"wp:attachment":[{"href":"https:\/\/dekkbi.com\/index.php?rest_route=%2Fwp%2Fv2%2Fmedia&parent=43332"}],"wp:term":[{"taxonomy":"category","embeddable":true,"href":"https:\/\/dekkbi.com\/index.php?rest_route=%2Fwp%2Fv2%2Fcategories&post=43332"},{"taxonomy":"post_tag","embeddable":true,"href":"https:\/\/dekkbi.com\/index.php?rest_route=%2Fwp%2Fv2%2Ftags&post=43332"}],"curies":[{"name":"wp","href":"https:\/\/api.w.org\/{rel}","templated":true}]}}