{"id":43322,"date":"2024-10-02T11:58:19","date_gmt":"2024-10-02T11:58:19","guid":{"rendered":"https:\/\/dekkbi.com\/?p=43322"},"modified":"2024-10-02T12:54:19","modified_gmt":"2024-10-02T12:54:19","slug":"le-cnp-et-la-cnes-ont-signe-un-accord-de-reunification","status":"publish","type":"post","link":"https:\/\/dekkbi.com\/?p=43322","title":{"rendered":"Le Conseil national du patronat (CNP) et la Conf\u00e9d\u00e9ration nationale des employeurs du S\u00e9n\u00e9gal (CNES) ont sign\u00e9 un accord de \u2018\u2019r\u00e9unification\u2019\u2019"},"content":{"rendered":"\n<p>Dakar, (APS) \u2013 Les dirigeants du Conseil national du patronat (CNP) et de la Conf\u00e9d\u00e9ration nationale des employeurs du S\u00e9n\u00e9gal (CNES) ont sign\u00e9 un protocole d\u2019accord en vue de la \u2018\u2019r\u00e9unification\u2019\u2019 de ces deux organisations patronales, mardi, \u00e0 Dakar.<\/p>\n\n\n\n<p>\u2018\u2019Nous avons les m\u00eames pr\u00e9occupations\u2019\u2019, a dit le pr\u00e9sident du CNP, Ba\u00efdy Agne, lors de la signature de l\u2019accord.<\/p>\n\n\n\n<p>La \u2018\u2019r\u00e9unification\u2019\u2019 du CNP et de la CNES va \u2018\u2019augmenter nos capacit\u00e9s de production, de repr\u00e9sentation et de d\u00e9fense de nos int\u00e9r\u00eats\u2019\u2019, a assur\u00e9 M. Agne.<\/p>\n\n\n\n<p>La d\u00e9cision des deux organisations est d\u2019autant plus importante que \u2018\u2019le CNP et la CNES, r\u00e9unis, concentrent la quasi-totalit\u00e9\u2019\u2019 de l\u2019activit\u00e9 \u00e9conomique du secteur priv\u00e9, a-t-il affirm\u00e9.<\/p>\n\n\n\n<p>\u2018\u2019Nous voulons arriver \u00e0 notre objectif le plus vite possible, dans l\u2019int\u00e9r\u00eat du S\u00e9n\u00e9gal et des entreprises. L\u2019union fait la force\u2026\u2019\u2019 a r\u00e9agi, pour sa part, le pr\u00e9sident de la CNES, Adama Lam.<\/p>\n\n\n\n<p>\u2018\u2019Nous appr\u00e9cions l\u2019int\u00e9r\u00eat que suscite, au niveau national, la r\u00e9unification de nos deux organisations. Cela veut dire que le pays s\u2019y attendait\u2019\u2019, a rench\u00e9ri Ba\u00efdy Agne. &nbsp;&nbsp;<\/p>\n\n\n\n<p>Il annonce qu\u2019un comit\u00e9 a \u00e9t\u00e9 cr\u00e9\u00e9 par le CNP et la CNES pour \u00e9tudier \u2018\u2019toutes les questions relatives \u00e0 cette r\u00e9unification\u2019\u2019, y compris le nom de la nouvelle organisation.<\/p>\n\n\n\n<p>Selon lui, le Mouvement des entreprises du S\u00e9n\u00e9gal, que dirige Mbagnick Diop, a \u00e9t\u00e9 invit\u00e9 \u00e0 adh\u00e9rer \u00e0 cette initiative. \u2018\u2019Nous avons discut\u00e9 aussi avec Mbagnick Diop, qui est dans de bonnes dispositions pour se joindre \u00e0 cette [d\u00e9marche]\u2019\u2019, a dit Ba\u00efdy Agne.<\/p>\n\n\n\n<p>\u2018\u2019Nos deux organisations sont si semblables qu\u2019il est [naturel] de commencer par nous deux\u2019\u2019, a poursuivi M. Agne en saluant une \u2018\u2019r\u00e9unification\u2019\u2019 au nom de \u2018\u2019l\u2019int\u00e9r\u00eat de l\u2019entreprise s\u00e9n\u00e9galaise et du S\u00e9n\u00e9gal\u2019\u2019.<\/p>\n\n\n\n<p>ESF\/OID<\/p>\n","protected":false},"excerpt":{"rendered":"<p>Dakar, (APS) \u2013 Les dirigeants du Conseil national du patronat (CNP) et de la Conf\u00e9d\u00e9ration nationale des employeurs du S\u00e9n\u00e9gal<\/p>\n","protected":false},"author":1,"featured_media":43323,"comment_status":"open","ping_status":"open","sticky":false,"template":"","format":"standard","meta":{"footnotes":""},"categories":[3],"tags":[],"class_list":["post-43322","post","type-post","status-publish","format-standard","has-post-thumbnail","hentry","category-event-more-news"],"_links":{"self":[{"href":"https:\/\/dekkbi.com\/index.php?rest_route=\/wp\/v2\/posts\/43322","targetHints":{"allow":["GET"]}}],"collection":[{"href":"https:\/\/dekkbi.com\/index.php?rest_route=\/wp\/v2\/posts"}],"about":[{"href":"https:\/\/dekkbi.com\/index.php?rest_route=\/wp\/v2\/types\/post"}],"author":[{"embeddable":true,"href":"https:\/\/dekkbi.com\/index.php?rest_route=\/wp\/v2\/users\/1"}],"replies":[{"embeddable":true,"href":"https:\/\/dekkbi.com\/index.php?rest_route=%2Fwp%2Fv2%2Fcomments&post=43322"}],"version-history":[{"count":2,"href":"https:\/\/dekkbi.com\/index.php?rest_route=\/wp\/v2\/posts\/43322\/revisions"}],"predecessor-version":[{"id":43356,"href":"https:\/\/dekkbi.com\/index.php?rest_route=\/wp\/v2\/posts\/43322\/revisions\/43356"}],"wp:featuredmedia":[{"embeddable":true,"href":"https:\/\/dekkbi.com\/index.php?rest_route=\/wp\/v2\/media\/43323"}],"wp:attachment":[{"href":"https:\/\/dekkbi.com\/index.php?rest_route=%2Fwp%2Fv2%2Fmedia&parent=43322"}],"wp:term":[{"taxonomy":"category","embeddable":true,"href":"https:\/\/dekkbi.com\/index.php?rest_route=%2Fwp%2Fv2%2Fcategories&post=43322"},{"taxonomy":"post_tag","embeddable":true,"href":"https:\/\/dekkbi.com\/index.php?rest_route=%2Fwp%2Fv2%2Ftags&post=43322"}],"curies":[{"name":"wp","href":"https:\/\/api.w.org\/{rel}","templated":true}]}}