{"id":43299,"date":"2024-10-02T09:36:18","date_gmt":"2024-10-02T09:36:18","guid":{"rendered":"https:\/\/dekkbi.com\/?p=43299"},"modified":"2024-10-02T09:36:19","modified_gmt":"2024-10-02T09:36:19","slug":"le-gouvernement-dement-les-allegations-sur-une-intention-de-baisse-des-salaires-des-agents-de-letat","status":"publish","type":"post","link":"https:\/\/dekkbi.com\/?p=43299","title":{"rendered":"Le gouvernement d\u00e9ment les \u201dall\u00e9gations sur une intention de baisse des salaires des agents de l\u2019Etat\u201d"},"content":{"rendered":"\n<p>Dakar,  (APS)- Le porte-parole du gouvernement, Amadou Moustapha Ndjekk Sarre, a d\u00e9menti, mardi, les all\u00e9gations \u201dsur une intention de baisse des salaires des agents de l\u2019Etat\u2019\u2019, mettant en garde \u2018\u2019les auteurs de ces man\u0153uvres\u2019\u2019.<\/p>\n\n\n\n<p>Dans un communiqu\u00e9 rendu public, mardi, Amadou Moustapha Ndjekk Sarre note que \u2018\u2019dans un document dat\u00e9 du 27 septembre 2024, intitul\u00e9 +D\u00e9claration du Secr\u00e9tariat du Comit\u00e9 Central+ du Parti de l\u2019Ind\u00e9pendance et du Travail (PIT), il est pr\u00eat\u00e9 \u00e0 l\u2019Etat du S\u00e9n\u00e9gal l\u2019intention de baisser les salaires et les pensions dans la Fonction publique\u2019\u2019.<\/p>\n\n\n\n<p>Il ajoute que \u2018\u2019pour \u00e9tayer ces propos, le document a cit\u00e9 des passages d\u2019allocutions du Pr\u00e9sident de la R\u00e9publique et du Premier Ministre relatifs \u00e0 la rationalisation des d\u00e9penses publiques, consacr\u00e9s notamment aux constats d\u2019une \u00e9volution incontr\u00f4l\u00e9e de la masse salariale et de la d\u00e9structuration du syst\u00e8me de r\u00e9mun\u00e9ration dans la fonction publique\u2019\u2019.<\/p>\n\n\n\n<p>Selon M. Sarre, \u2018\u2019il apparait ainsi que ce communiqu\u00e9 pr\u00eate aux Hautes Autorit\u00e9s du pays des intentions nullement \u00e9voqu\u00e9es dans leurs d\u00e9clarations sorties de leur contexte\u2019\u2019.<\/p>\n\n\n\n<p>Le porte-parole du gouvernement \u2018\u2019d\u00e9ment formellement ces all\u00e9gations d\u00e9nu\u00e9es de fondement\u2019\u2019.<\/p>\n\n\n\n<p>Selon lui, \u2018\u2019le gouvernement met en garde les auteurs de ces man\u0153uvres, que la d\u00e9sinformation et la diffusion d\u2019informations fausses, dans le seul but de discr\u00e9diter les Institutions de la R\u00e9publique et \u00e0 des fins \u00e9lectoralistes, ne peuvent pas \u00eatre accept\u00e9es\u2019\u2019.<\/p>\n\n\n\n<p>En cons\u00e9quence, ajoute t-il, \u2018\u2019tout en encourageant le d\u00e9bat public contradictoire, inclusif et qualitatif sur les politiques publiques, le gouvernement appelle les auteurs de tels propos \u00e0 plus de sagesse et rappelle que l\u2019\u00c9tat saura faire pr\u00e9valoir le droit\u2019\u2019.<\/p>\n\n\n\n<p>OID\/ABB<\/p>\n","protected":false},"excerpt":{"rendered":"<p>Dakar, (APS)- Le porte-parole du gouvernement, Amadou Moustapha Ndjekk Sarre, a d\u00e9menti, mardi, les all\u00e9gations \u201dsur une intention de baisse<\/p>\n","protected":false},"author":1,"featured_media":43300,"comment_status":"open","ping_status":"open","sticky":false,"template":"","format":"standard","meta":{"footnotes":""},"categories":[6],"tags":[],"class_list":["post-43299","post","type-post","status-publish","format-standard","has-post-thumbnail","hentry","category-politics"],"_links":{"self":[{"href":"https:\/\/dekkbi.com\/index.php?rest_route=\/wp\/v2\/posts\/43299","targetHints":{"allow":["GET"]}}],"collection":[{"href":"https:\/\/dekkbi.com\/index.php?rest_route=\/wp\/v2\/posts"}],"about":[{"href":"https:\/\/dekkbi.com\/index.php?rest_route=\/wp\/v2\/types\/post"}],"author":[{"embeddable":true,"href":"https:\/\/dekkbi.com\/index.php?rest_route=\/wp\/v2\/users\/1"}],"replies":[{"embeddable":true,"href":"https:\/\/dekkbi.com\/index.php?rest_route=%2Fwp%2Fv2%2Fcomments&post=43299"}],"version-history":[{"count":1,"href":"https:\/\/dekkbi.com\/index.php?rest_route=\/wp\/v2\/posts\/43299\/revisions"}],"predecessor-version":[{"id":43301,"href":"https:\/\/dekkbi.com\/index.php?rest_route=\/wp\/v2\/posts\/43299\/revisions\/43301"}],"wp:featuredmedia":[{"embeddable":true,"href":"https:\/\/dekkbi.com\/index.php?rest_route=\/wp\/v2\/media\/43300"}],"wp:attachment":[{"href":"https:\/\/dekkbi.com\/index.php?rest_route=%2Fwp%2Fv2%2Fmedia&parent=43299"}],"wp:term":[{"taxonomy":"category","embeddable":true,"href":"https:\/\/dekkbi.com\/index.php?rest_route=%2Fwp%2Fv2%2Fcategories&post=43299"},{"taxonomy":"post_tag","embeddable":true,"href":"https:\/\/dekkbi.com\/index.php?rest_route=%2Fwp%2Fv2%2Ftags&post=43299"}],"curies":[{"name":"wp","href":"https:\/\/api.w.org\/{rel}","templated":true}]}}