{"id":43294,"date":"2024-10-01T12:39:15","date_gmt":"2024-10-01T12:39:15","guid":{"rendered":"https:\/\/dekkbi.com\/?p=43294"},"modified":"2024-10-01T12:39:15","modified_gmt":"2024-10-01T12:39:15","slug":"france-avec-sa-declaration-de-politique-generale-cest-lheure-de-verite-pour-michel-barnier","status":"publish","type":"post","link":"https:\/\/dekkbi.com\/?p=43294","title":{"rendered":"France: avec sa d\u00e9claration de politique g\u00e9n\u00e9rale, c&rsquo;est l&rsquo;heure de v\u00e9rit\u00e9 pour Michel Barnier"},"content":{"rendered":"\n<p>Michel Barnier prononce, ce mardi 1er octobre dans l&rsquo;apr\u00e8s-midi, sa d\u00e9claration de politique g\u00e9n\u00e9rale \u00e0 l&rsquo;Assembl\u00e9e nationale. Au m\u00eame moment, le ministre de la Justice, Didier Migaud, la lira devant le S\u00e9nat. C&rsquo;est l&rsquo;heure de v\u00e9rit\u00e9 pour le nouveau Premier ministre. Michel Barnier va donner les orientations de la politique qu&rsquo;il entend mener devant un H\u00e9micycle loin d&rsquo;\u00eatre acquis \u00e0 sa cause.&nbsp;<\/p>\n\n\n\n<p>Par :Val\u00e9rie Gas &#8211; RFI<\/p>\n\n\n\n<p>Michel Barnier va affronter le chaudron de l&rsquo;H\u00e9micycle, un terrain min\u00e9 pour un Premier ministre sans majorit\u00e9 que tout le monde attend au tournant. La gauche veut lui faire payer le fait d&rsquo;avoir pris la place qu&rsquo;elle souhaitait voir occuper par Lucie Castets et lui a d\u00e9j\u00e0 promis la censure. Le\u00a0<strong>Rassemblement national<\/strong>\u00a0(RN) lui laisse l&rsquo;espoir de ne pas faire tomber son gouvernement mais attend des gages notamment sur l&rsquo;immigration.<\/p>\n\n\n\n<h2 class=\"wp-block-heading\">D\u00e9saccords dans le&nbsp;\u00ab&nbsp;<em>socle commun<\/em>&nbsp;\u00bb<\/h2>\n\n\n\n<p>Et, dans ce que le Premier ministre appelle son \u00ab\u00a0<em>socle commun<\/em>\u00a0\u00bb, la droite r\u00e9publicaine et les partis du bloc central, le soutien n&rsquo;est pas inconditionnel, loin de l\u00e0. Le MoDem est en d\u00e9saccord profond avec la ligne droiti\u00e8re incarn\u00e9e par l&rsquo;arriv\u00e9e de Bruno Retailleau \u00e0 la place Beauvau et attend des avanc\u00e9es sur la proportionnelle. Renaissance a pos\u00e9 des lignes rouges, notamment sur les hausses d&rsquo;imp\u00f4ts ou la suppression de\u00a0<strong>l&rsquo;aide m\u00e9dicale d&rsquo;\u00c9tat<\/strong>\u00a0pour les sans-papiers.<\/p>\n\n\n\n<h2 class=\"wp-block-heading\">Quelles \u00e9conomies, quelles hausses d&rsquo;imp\u00f4ts et pour qui&nbsp;?&nbsp;<\/h2>\n\n\n\n<p>Face aux d\u00e9put\u00e9s,\u00a0<strong>Michel Barnier<\/strong>\u00a0va donc se livrer \u00e0 un exercice de style pour tenter d&rsquo;imposer sa personnalit\u00e9 et son autorit\u00e9 et \u00e0 un acte politique en donnant ses arbitrages et son calendrier, notamment sur le sujet le plus br\u00fblant, celui du budget. Quelles \u00e9conomies, quelles hausses d&rsquo;imp\u00f4ts et pour qui\u00a0? Objectif\u00a0: ne pas faire l&rsquo;unanimit\u00e9 contre lui. L&rsquo;exercice de ce 1er octobre est tellement p\u00e9rilleux que Michel Barnier a d\u00e9cid\u00e9 de ne pas solliciter un vote de confiance \u00e0 l&rsquo;issue de sa d\u00e9claration de\u00a0<strong>politique<\/strong>\u00a0g\u00e9n\u00e9rale.<\/p>\n\n\n\n<p>Pour le Premier ministre fran\u00e7ais, la pression est aussi dans la rue. Ce 1er octobre, \u00e0 l&rsquo;appel de la CGT, Solidaires et FSU, une grande journ\u00e9e de manifestations se d\u00e9roule dans toute la France. Les manifestants r\u00e9clament, entre autres, l&rsquo;abrogation de la r\u00e9forme des retraites et des hausses de salaires.<\/p>\n","protected":false},"excerpt":{"rendered":"<p>Michel Barnier prononce, ce mardi 1er octobre dans l&rsquo;apr\u00e8s-midi, sa d\u00e9claration de politique g\u00e9n\u00e9rale \u00e0 l&rsquo;Assembl\u00e9e nationale. Au m\u00eame moment,<\/p>\n","protected":false},"author":1,"featured_media":42660,"comment_status":"open","ping_status":"open","sticky":false,"template":"","format":"standard","meta":{"footnotes":""},"categories":[51],"tags":[],"class_list":["post-43294","post","type-post","status-publish","format-standard","has-post-thumbnail","hentry","category-general"],"_links":{"self":[{"href":"https:\/\/dekkbi.com\/index.php?rest_route=\/wp\/v2\/posts\/43294","targetHints":{"allow":["GET"]}}],"collection":[{"href":"https:\/\/dekkbi.com\/index.php?rest_route=\/wp\/v2\/posts"}],"about":[{"href":"https:\/\/dekkbi.com\/index.php?rest_route=\/wp\/v2\/types\/post"}],"author":[{"embeddable":true,"href":"https:\/\/dekkbi.com\/index.php?rest_route=\/wp\/v2\/users\/1"}],"replies":[{"embeddable":true,"href":"https:\/\/dekkbi.com\/index.php?rest_route=%2Fwp%2Fv2%2Fcomments&post=43294"}],"version-history":[{"count":1,"href":"https:\/\/dekkbi.com\/index.php?rest_route=\/wp\/v2\/posts\/43294\/revisions"}],"predecessor-version":[{"id":43295,"href":"https:\/\/dekkbi.com\/index.php?rest_route=\/wp\/v2\/posts\/43294\/revisions\/43295"}],"wp:featuredmedia":[{"embeddable":true,"href":"https:\/\/dekkbi.com\/index.php?rest_route=\/wp\/v2\/media\/42660"}],"wp:attachment":[{"href":"https:\/\/dekkbi.com\/index.php?rest_route=%2Fwp%2Fv2%2Fmedia&parent=43294"}],"wp:term":[{"taxonomy":"category","embeddable":true,"href":"https:\/\/dekkbi.com\/index.php?rest_route=%2Fwp%2Fv2%2Fcategories&post=43294"},{"taxonomy":"post_tag","embeddable":true,"href":"https:\/\/dekkbi.com\/index.php?rest_route=%2Fwp%2Fv2%2Ftags&post=43294"}],"curies":[{"name":"wp","href":"https:\/\/api.w.org\/{rel}","templated":true}]}}