{"id":4329,"date":"2022-12-05T11:09:10","date_gmt":"2022-12-05T11:09:10","guid":{"rendered":"https:\/\/dekkbi.com\/?p=4329"},"modified":"2022-12-05T11:09:11","modified_gmt":"2022-12-05T11:09:11","slug":"affaire-des-ecoutes-ouverture-du-proces-en-appel-de-nicolas-sarkozy-pour-trafic-dinfluence","status":"publish","type":"post","link":"https:\/\/dekkbi.com\/?p=4329","title":{"rendered":"Affaire des \u00ab\u00e9coutes\u00bb: ouverture du proc\u00e8s en appel de Nicolas Sarkozy pour trafic d\u2019influence"},"content":{"rendered":"\n<p><\/p>\n\n\n\n<p>L&rsquo;ancien pr\u00e9sident de la R\u00e9publique, Nicolas Sarkozy, est de retour face aux juges. Ce lundi s&rsquo;ouvre son proc\u00e8s en appel pour trafic d&rsquo;influence dans l&rsquo;affaire dite \u00ab des \u00e9coutes&nbsp;\u00bb, aux c\u00f4t\u00e9s de deux autres protagonistes. En premi\u00e8re instance en 2020, l&rsquo;ancien chef d&rsquo;\u00c9tat avait \u00e9t\u00e9 condamn\u00e9 \u00e0 trois ans de prison, dont une ann\u00e9e ferme. Tout l&rsquo;enjeu pour Nicolas Sarkozy va \u00eatre de tenter de r\u00e9duire sa peine au maximum. &nbsp;<\/p>\n\n\n\n<p>SOURCE RFI<\/p>\n\n\n\n<p>Dans cette affaire, les juges reprochent \u00e0 Nicolas Sarkozy d&rsquo;avoir fait miroiter \u00e0 un haut magistrat, Gilbert Azibert, un poste prestigieux \u00e0 Monaco en \u00e9change d&rsquo;informations confidentielles. Des informations en lien avec une autre proc\u00e9dure dans laquelle l&rsquo;ancien pr\u00e9sident \u00e9tait alors impliqu\u00e9.<\/p>\n\n\n\n<p>Une tentative de corruption r\u00e9v\u00e9l\u00e9e par l&rsquo;\u00e9coute des conversations t\u00e9l\u00e9phoniques entre Nicolas Sarkozy et son avocat, Thierry Herzog, pass\u00e9es via une ligne occulte ouverte sous le nom d\u00e9sormais c\u00e9l\u00e8bre de \u00ab Paul Bismuth \u00bb, un nom d&#8217;emprunt.<\/p>\n\n\n\n<p>En premi\u00e8re instance, Nicolas Sarkozy s&rsquo;\u00e9tait dit victime d&rsquo;une injustice profonde, faisant valoir que le magistrat Gilbert Azibert n&rsquo;avait jamais eu le poste escompt\u00e9. Nicolas Sarkozy avait alors \u00e9cop\u00e9 de trois ans de r\u00e9clusion, dont une ferme.<\/p>\n\n\n\n<p>Tout l&rsquo;enjeu de ce proc\u00e8s en appel sera donc le quantum des peines prononc\u00e9es en cas de nouvelle condamnation. Il y a deux ans, avec cette affaire \u00ab<em>\u00a0des \u00e9coutes<\/em>\u00a0\u00bb, Nicolas Sarkozy \u00e9tait devenu\u00a0<strong>le premier ancien pr\u00e9sident de la Ve r\u00e9publique<\/strong>\u00a0condamn\u00e9 \u00e0 de la prison ferme.<\/p>\n\n\n\n<p>Ce proc\u00e8s en appel s&rsquo;ouvre ce lundi 5 d\u00e9cembre \u00e0 13h30 pour dix jours au palais de justice de l&rsquo;\u00eele de la Cit\u00e9 de Paris.<\/p>\n","protected":false},"excerpt":{"rendered":"<p>L&rsquo;ancien pr\u00e9sident de la R\u00e9publique, Nicolas Sarkozy, est de retour face aux juges. Ce lundi s&rsquo;ouvre son proc\u00e8s en appel<\/p>\n","protected":false},"author":1,"featured_media":4330,"comment_status":"open","ping_status":"open","sticky":false,"template":"","format":"standard","meta":{"footnotes":""},"categories":[51],"tags":[],"class_list":["post-4329","post","type-post","status-publish","format-standard","has-post-thumbnail","hentry","category-general"],"_links":{"self":[{"href":"https:\/\/dekkbi.com\/index.php?rest_route=\/wp\/v2\/posts\/4329","targetHints":{"allow":["GET"]}}],"collection":[{"href":"https:\/\/dekkbi.com\/index.php?rest_route=\/wp\/v2\/posts"}],"about":[{"href":"https:\/\/dekkbi.com\/index.php?rest_route=\/wp\/v2\/types\/post"}],"author":[{"embeddable":true,"href":"https:\/\/dekkbi.com\/index.php?rest_route=\/wp\/v2\/users\/1"}],"replies":[{"embeddable":true,"href":"https:\/\/dekkbi.com\/index.php?rest_route=%2Fwp%2Fv2%2Fcomments&post=4329"}],"version-history":[{"count":1,"href":"https:\/\/dekkbi.com\/index.php?rest_route=\/wp\/v2\/posts\/4329\/revisions"}],"predecessor-version":[{"id":4331,"href":"https:\/\/dekkbi.com\/index.php?rest_route=\/wp\/v2\/posts\/4329\/revisions\/4331"}],"wp:featuredmedia":[{"embeddable":true,"href":"https:\/\/dekkbi.com\/index.php?rest_route=\/wp\/v2\/media\/4330"}],"wp:attachment":[{"href":"https:\/\/dekkbi.com\/index.php?rest_route=%2Fwp%2Fv2%2Fmedia&parent=4329"}],"wp:term":[{"taxonomy":"category","embeddable":true,"href":"https:\/\/dekkbi.com\/index.php?rest_route=%2Fwp%2Fv2%2Fcategories&post=4329"},{"taxonomy":"post_tag","embeddable":true,"href":"https:\/\/dekkbi.com\/index.php?rest_route=%2Fwp%2Fv2%2Ftags&post=4329"}],"curies":[{"name":"wp","href":"https:\/\/api.w.org\/{rel}","templated":true}]}}