{"id":43286,"date":"2024-10-01T12:27:37","date_gmt":"2024-10-01T12:27:37","guid":{"rendered":"https:\/\/dekkbi.com\/?p=43286"},"modified":"2024-10-01T12:27:38","modified_gmt":"2024-10-01T12:27:38","slug":"les-exportations-commerciales-du-senegal-vers-la-mauritanie-passent-de-397-a-1128-milliards-en-quatre-ans-ministre","status":"publish","type":"post","link":"https:\/\/dekkbi.com\/?p=43286","title":{"rendered":"Les exportations commerciales du S\u00e9n\u00e9gal vers la Mauritanie passent de 39,7 \u00e0 112,8 milliards en quatre ans (ministre)"},"content":{"rendered":"\n<p>Dakar (APS) \u2013 Les exportations du S\u00e9n\u00e9gal vers la Mauritanie sont pass\u00e9es de 39,7 milliards en 2019 \u00e0 112,8 milliards en 2023, soit une augmentation de 184% en valeur relative alors que les importations sont pass\u00e9es de 3,3 milliards \u00e0 4,6 milliards sur la m\u00eame p\u00e9riode, soit 37% en valeur relative, a indiqu\u00e9, lundi, le ministre de l\u2019Industrie et du Commerce, S\u00e9rigne Gu\u00e8ye Diop.<\/p>\n\n\n\n<p>Il s\u2019exprimait lors de la c\u00e9r\u00e9monie d\u2019ouverture du premier forum s\u00e9n\u00e9galo-mauritanien qui se tient \u00e0 Dakar sous le th\u00e8me \u201dInt\u00e9gration \u00e9conomique \u00e0 l\u2019heure de la transition \u00e9nerg\u00e9tique : contribution des secteurs priv\u00e9s S\u00e9n\u00e9galo-Mauritanien\u201d.<\/p>\n\n\n\n<p>Saluant cette progression, le ministre estime qu\u2019il est cependant \u201dregrettable\u201d de noter que les \u00e9changes entre les deux pays ne soient pas \u00e0 la hauteur de leur \u201d\u00e9norme potentiel insuffisamment exploit\u00e9 par les op\u00e9rateurs \u00e9conomiques des deux bords\u201d.<\/p>\n\n\n\n<p>\u201dNous devons donc travailler ensemble, pour relever notre commerce bilat\u00e9ral, en particulier dans le cadre du renforcement du commerce intra-africain \u00e0 travers, la zone de libre-\u00e9change continentale africaine (ZLECAF), notamment\u201d, a plaid\u00e9 Serigne Gu\u00e8ye Diop<\/p>\n\n\n\n<p>Il souligne que le march\u00e9 continental constitue sans nul doute une opportunit\u00e9 pour renforcer l\u2019int\u00e9gration commerciale entre les deux pays, mais \u00e9galement d\u00e9velopper des chaines de valeurs compl\u00e9mentaires.<\/p>\n\n\n\n<p>Dans cette perspective, il a soulign\u00e9 la n\u00e9cessit\u00e9 de \u201dtravailler en synergie pour l\u2019\u00e9limination des barri\u00e8res tarifaires et non tarifaires existant dans les relations commerciales entre les deux pays, coordonner la mise en \u0153uvre, par la coop\u00e9ration de nos administrations concern\u00e9es, des instruments juridiques et op\u00e9rationnels de la ZLECAF\u201d.<\/p>\n\n\n\n<p>Le ministre a relev\u00e9 que l\u2019exploitation concert\u00e9e des ressources naturelles du S\u00e9n\u00e9gal et de la Mauritanie \u201cqui contribueront sans doute \u00e0 la lutte contre la pauvret\u00e9 et au financement des programmes publics de d\u00e9veloppement dans les deux pays, renforcera davantage les liens \u00e9conomiques entre nos deux pays\u201d.<\/p>\n\n\n\n<p>Il a invit\u00e9 \u00e0 r\u00e9investir les retomb\u00e9es \u00e9conomiques escompt\u00e9es de cette exploitation imminente des gisements de gaz dans des secteurs prioritaires ou des projets communs lesquels contribueront \u00e0 \u201dla transformation structurelle et durable de nos \u00e9conomies respectives\u201d.<\/p>\n\n\n\n<p>Le ministre des Mines et de l\u2019Energie de la Mauritanie, Thiam Tidjani, a, pour sa part, fait noter que gr\u00e2ce aux am\u00e9nagements mis en \u0153uvre par l\u2019Organisation pour la mise en valeur du fleuve S\u00e9n\u00e9gal (OMVS), la Mauritanie dispose \u201dd\u2019importantes surfaces agricoles pouvant \u00eatre exploit\u00e9es dans le cadre d\u2019un partenariat b\u00e9n\u00e9fique aux populations\u201d.<\/p>\n\n\n\n<p>Il estime aussi que le d\u00e9veloppement int\u00e9gr\u00e9 du secteur de l\u2019\u00e9levage est aussi un levier de d\u00e9veloppement sur lequel les deux pays doivent travailler.<\/p>\n\n\n\n<p>\u201cLa r\u00e9alisation du Pont (de Rosso), ainsi que les am\u00e9nagements annexes contribueront \u00e0 acc\u00e9l\u00e9rer davantage nos \u00e9changes commerciaux\u201d, a dit le ministre mauritanien.<\/p>\n\n\n\n<p>AFD\/OID<\/p>\n","protected":false},"excerpt":{"rendered":"<p>Dakar (APS) \u2013 Les exportations du S\u00e9n\u00e9gal vers la Mauritanie sont pass\u00e9es de 39,7 milliards en 2019 \u00e0 112,8 milliards<\/p>\n","protected":false},"author":1,"featured_media":43287,"comment_status":"open","ping_status":"open","sticky":false,"template":"","format":"standard","meta":{"footnotes":""},"categories":[3],"tags":[],"class_list":["post-43286","post","type-post","status-publish","format-standard","has-post-thumbnail","hentry","category-event-more-news"],"_links":{"self":[{"href":"https:\/\/dekkbi.com\/index.php?rest_route=\/wp\/v2\/posts\/43286","targetHints":{"allow":["GET"]}}],"collection":[{"href":"https:\/\/dekkbi.com\/index.php?rest_route=\/wp\/v2\/posts"}],"about":[{"href":"https:\/\/dekkbi.com\/index.php?rest_route=\/wp\/v2\/types\/post"}],"author":[{"embeddable":true,"href":"https:\/\/dekkbi.com\/index.php?rest_route=\/wp\/v2\/users\/1"}],"replies":[{"embeddable":true,"href":"https:\/\/dekkbi.com\/index.php?rest_route=%2Fwp%2Fv2%2Fcomments&post=43286"}],"version-history":[{"count":1,"href":"https:\/\/dekkbi.com\/index.php?rest_route=\/wp\/v2\/posts\/43286\/revisions"}],"predecessor-version":[{"id":43288,"href":"https:\/\/dekkbi.com\/index.php?rest_route=\/wp\/v2\/posts\/43286\/revisions\/43288"}],"wp:featuredmedia":[{"embeddable":true,"href":"https:\/\/dekkbi.com\/index.php?rest_route=\/wp\/v2\/media\/43287"}],"wp:attachment":[{"href":"https:\/\/dekkbi.com\/index.php?rest_route=%2Fwp%2Fv2%2Fmedia&parent=43286"}],"wp:term":[{"taxonomy":"category","embeddable":true,"href":"https:\/\/dekkbi.com\/index.php?rest_route=%2Fwp%2Fv2%2Fcategories&post=43286"},{"taxonomy":"post_tag","embeddable":true,"href":"https:\/\/dekkbi.com\/index.php?rest_route=%2Fwp%2Fv2%2Ftags&post=43286"}],"curies":[{"name":"wp","href":"https:\/\/api.w.org\/{rel}","templated":true}]}}