{"id":43283,"date":"2024-10-01T12:15:24","date_gmt":"2024-10-01T12:15:24","guid":{"rendered":"https:\/\/dekkbi.com\/?p=43283"},"modified":"2024-10-01T12:15:25","modified_gmt":"2024-10-01T12:15:25","slug":"casamance-exploitation-abusive-du-bois-sur-fond-de-conflit-arme-les-populations-locales-obligees-de-saventurer-dans-des-zones-interdites","status":"publish","type":"post","link":"https:\/\/dekkbi.com\/?p=43283","title":{"rendered":"Casamance \/ Exploitation abusive du bois sur fond de conflit arm\u00e9 : Les populations locales oblig\u00e9es de s\u2019aventurer dans des zones interdites"},"content":{"rendered":"\n<h3 class=\"wp-block-heading\">En Casamance, les exploitants clandestins voire les trafiquants de bois d\u2019\u0153uvre ont coup\u00e9 tellement d\u2019arbres, que les populations locales sont oblig\u00e9es de s\u2019aventurer dans des zones interdites, contr\u00f4l\u00e9es par des groupes arm\u00e9s.<\/h3>\n\n\n\n<p>Selon l\u2019environnementaliste Ha\u00efdar El Ali, c\u2019est environ 10 000 hectares de for\u00eats de cette partie du pays qui sont partis en fum\u00e9e, entre 2010 et 2015. C\u2019est dire que l\u2019exploitation abusive et clandestine de la for\u00eat sur fond de conflit arm\u00e9, est devenue au fil des ann\u00e9es, une des principales sources de conflits sociaux.<\/p>\n\n\n\n<p>D\u2019ailleurs, quelques \u00e9v\u00e9nements macabres not\u00e9s ces derni\u00e8res ann\u00e9es en Casamance, trouvent leurs racines dans la tension croissante, voire la rivalit\u00e9 autour des ressources foresti\u00e8res. C\u2019est le cas, il y a pr\u00e8s d\u2019une quinzaine d\u2019ann\u00e9es, au niveau de la localit\u00e9 de Tamp, dans la Communaut\u00e9 rurale, o\u00f9 \u00e0 l\u2019\u00e9poque \u00e0 Boutoupa-Camaracounda.<\/p>\n\n\n\n<p>Ici, c\u2019est une vingtaine de personnes originaires des villages d\u2019Agnak et de Fanda, partis \u00e0 la cueillette de produits forestiers, qui avaient vu leurs oreilles gauches sectionn\u00e9es par des bandes arm\u00e9es, suppos\u00e9es appartenir au mouvement irr\u00e9dentiste casaman\u00e7ais.<\/p>\n\n\n\n<p>Par cet acte, les \u00e9l\u00e9ments arm\u00e9s entendaient signifier aux populations de ne plus s\u2019aventurer au niveau des vergers, encore moins en brousse, avaient rapport\u00e9 des sources concordantes.<\/p>\n\n\n\n<p>Mais c\u2019est d\u2019abord \u00e0 Diagnon, dans la communaut\u00e9 rurale d\u2019Ad\u00e9ane, que le summum de l\u2019horreur sera atteint, dans le cadre de cette rivalit\u00e9 croissante qui opposait les communaut\u00e9s et les bandes arm\u00e9es qui squattaient leurs for\u00eats et ce, suite au massacre perp\u00e9tr\u00e9 le 21 novembre 2011, attribu\u00e9 l\u00e0 \u00e9galement, \u00e0 des \u00e9l\u00e9ments suppos\u00e9s appartenir au MFDC et qui a occasionn\u00e9 la mort de 11 civils.<\/p>\n\n\n\n<p>Des victimes, un groupe de scieurs, qui s\u2019\u00e9taient aventur\u00e9s dans la for\u00eat class\u00e9e de Bissine, \u00e0 quelques encablures de la fronti\u00e8re Bissau-guin\u00e9enne, pour couper des arbres et qui ont \u00e9t\u00e9 froidement abattues par des hommes arm\u00e9s.<\/p>\n\n\n\n<p>Une mani\u00e8re pour ces derniers de marquer leur pr\u00e9 carr\u00e9 et d\u2019emp\u00eacher les populations de toucher \u00e0 leurs sources de revenus, leur gagne-pain.<\/p>\n\n\n\n<p>Preuve que l\u2019exploitation des ressources foresti\u00e8res \u00e9tait devenue un sujet explosif en Casamance, Bofa-Bayotte ! C\u2019est dans cette localit\u00e9 de la commune de Nyassia, qui jouxte le village de Toubacouta, o\u00f9 furent massacr\u00e9es le 6 janvier 2018, treize (13) personnes.<\/p>\n\n\n\n<p>Une funeste op\u00e9ration qui, selon des sources concordantes, porte l\u2019empreinte d\u2019une quinzaine d\u2019\u00e9l\u00e9ments lourdement arm\u00e9s d\u2019Ak 47 et suppos\u00e9s appartenir \u00e0 Atika, la branche arm\u00e9e du MFDC. Des \u00e9l\u00e9ments arm\u00e9s qui ont \u00e9galement laiss\u00e9 derri\u00e8re eux, six (6) bless\u00e9s.<\/p>\n\n\n\n<p>Un drame qui serait la r\u00e9sultante d\u2019un double contentieux entre le Mfdc et les coupeurs de bois, mais \u00e9galement, entre ces derniers et le Comit\u00e9 Inter-villageois de gestion et de vigilance contre les coupes clandestines de bois, dans la for\u00eat de Bayotte, objet selon ladite structure, de pillage syst\u00e9matique. Un drame aux multiples rebondissements judiciaires et dont la page est loin d\u2019\u00eatre tourn\u00e9e.<\/p>\n\n\n\n<p>Les feux de brousse, la remont\u00e9e de la langue sal\u00e9e, l\u2019\u00e9rosion c\u00f4ti\u00e8re, l\u2019ensablement des vall\u00e9es et des rizi\u00e8res, le probl\u00e8me de gestion des d\u00e9chets, l\u2019exploitation et le trafic illicite de bois, etc. ! Autant de menaces r\u00e9elles qui p\u00e8sent sur l\u2019environnement en Casamance.<\/p>\n\n\n\n<p>Un constat amer et assez alarmant, qui doit susciter aujourd\u2019hui, aussi bien chez les d\u00e9cideurs politiques que chez les populations, un souci croissant de gestion et de d\u00e9veloppement durable des ressources foresti\u00e8res ; mais constituer \u00e9galement, une pr\u00e9occupation accrue de sauvegarde et de protection de la for\u00eat.<\/p>\n\n\n\n<p>Une approche salutaire qui permettra aux communaut\u00e9s de prendre conscience de leur responsabilit\u00e9, notamment face \u00e0 ceux qui s\u2019adonnent au pillage de leurs ressources et de pouvoir s\u2019impliquer dans le cadre de la protection de ces ressources.<br><\/p>\n\n\n\n<p>MD &#8211; LERAL<\/p>\n","protected":false},"excerpt":{"rendered":"<p>En Casamance, les exploitants clandestins voire les trafiquants de bois d\u2019\u0153uvre ont coup\u00e9 tellement d\u2019arbres, que les populations locales sont<\/p>\n","protected":false},"author":1,"featured_media":43284,"comment_status":"open","ping_status":"open","sticky":false,"template":"","format":"standard","meta":{"footnotes":""},"categories":[26],"tags":[],"class_list":["post-43283","post","type-post","status-publish","format-standard","has-post-thumbnail","hentry","category-fait-divers"],"_links":{"self":[{"href":"https:\/\/dekkbi.com\/index.php?rest_route=\/wp\/v2\/posts\/43283","targetHints":{"allow":["GET"]}}],"collection":[{"href":"https:\/\/dekkbi.com\/index.php?rest_route=\/wp\/v2\/posts"}],"about":[{"href":"https:\/\/dekkbi.com\/index.php?rest_route=\/wp\/v2\/types\/post"}],"author":[{"embeddable":true,"href":"https:\/\/dekkbi.com\/index.php?rest_route=\/wp\/v2\/users\/1"}],"replies":[{"embeddable":true,"href":"https:\/\/dekkbi.com\/index.php?rest_route=%2Fwp%2Fv2%2Fcomments&post=43283"}],"version-history":[{"count":1,"href":"https:\/\/dekkbi.com\/index.php?rest_route=\/wp\/v2\/posts\/43283\/revisions"}],"predecessor-version":[{"id":43285,"href":"https:\/\/dekkbi.com\/index.php?rest_route=\/wp\/v2\/posts\/43283\/revisions\/43285"}],"wp:featuredmedia":[{"embeddable":true,"href":"https:\/\/dekkbi.com\/index.php?rest_route=\/wp\/v2\/media\/43284"}],"wp:attachment":[{"href":"https:\/\/dekkbi.com\/index.php?rest_route=%2Fwp%2Fv2%2Fmedia&parent=43283"}],"wp:term":[{"taxonomy":"category","embeddable":true,"href":"https:\/\/dekkbi.com\/index.php?rest_route=%2Fwp%2Fv2%2Fcategories&post=43283"},{"taxonomy":"post_tag","embeddable":true,"href":"https:\/\/dekkbi.com\/index.php?rest_route=%2Fwp%2Fv2%2Ftags&post=43283"}],"curies":[{"name":"wp","href":"https:\/\/api.w.org\/{rel}","templated":true}]}}