{"id":43277,"date":"2024-10-01T12:07:04","date_gmt":"2024-10-01T12:07:04","guid":{"rendered":"https:\/\/dekkbi.com\/?p=43277"},"modified":"2024-10-01T12:07:05","modified_gmt":"2024-10-01T12:07:05","slug":"takku-wallu-senegaal-macky-tete-de-liste-karim-en-troisieme-position","status":"publish","type":"post","link":"https:\/\/dekkbi.com\/?p=43277","title":{"rendered":"Takku wallu Senegaal : Macky t\u00eate de liste, Karim en troisi\u00e8me position"},"content":{"rendered":"\n<p>La d\u00e9cision balan\u00e7ait entre Karim Wade et Macky Sall. Finalement, Takku wallu Senegaal a choisi Macky Sall comme t\u00eate de liste de sa coalition. Vu le pass\u00e9 pr\u00e9sidentiel du Secr\u00e9taire g\u00e9n\u00e9ral de l\u2019Alliance pour la R\u00e9publique (Apr), les autres ont accept\u00e9 de se ranger derni\u00e8re lui pour essayer de profiter de son suppos\u00e9e aura. Il lui en reste-t-il&nbsp;? Que cherche Macky Sall en replongeant dans la sc\u00e8ne politique aussi vite&nbsp;?<\/p>\n\n\n\n<p>Apr\u00e8s la fin chaotique de son mandat \u00e0 la t\u00eate de l\u2019Etat, l\u2019ancien pr\u00e9sident de la R\u00e9publique tente un pari in\u00e9dit et tente d\u2019expurger des t\u00eates des gens l\u2019existence du Protocole du Cap Manuel, qui aurait permis la lib\u00e9ration du tandem Diomaye-Sonko pr\u00e9c\u00e9d\u00e9e du vote d\u2019une loi d\u2019amnistie. Il reste qu\u2019il a d\u00e9cid\u00e9 de suivre les traces de Me Wade en continuant \u00e0 se mouiller sur le plan politique en prenant des risques \u00e9videmment&nbsp;: une \u00e9ventuelle d\u00e9faite le 17 novembre enterrerait d\u00e9finitivement la relance de sa carri\u00e8re politique. Une autre question&nbsp;: va-t-il venir faire campagne&nbsp;? Karim Wade investi \u00e0 la troisi\u00e8me position de Takku wallu Senegaal fera aussi comment&nbsp;? Une campagne en ligne\u2026 Evidemment&nbsp;!<\/p>\n\n\n\n<p>SOURCE LEQUOTIDIEN<\/p>\n\n\n\n<p><\/p>\n","protected":false},"excerpt":{"rendered":"<p>La d\u00e9cision balan\u00e7ait entre Karim Wade et Macky Sall. Finalement, Takku wallu Senegaal a choisi Macky Sall comme t\u00eate de<\/p>\n","protected":false},"author":1,"featured_media":43278,"comment_status":"open","ping_status":"open","sticky":false,"template":"","format":"standard","meta":{"footnotes":""},"categories":[6],"tags":[],"class_list":["post-43277","post","type-post","status-publish","format-standard","has-post-thumbnail","hentry","category-politics"],"_links":{"self":[{"href":"https:\/\/dekkbi.com\/index.php?rest_route=\/wp\/v2\/posts\/43277","targetHints":{"allow":["GET"]}}],"collection":[{"href":"https:\/\/dekkbi.com\/index.php?rest_route=\/wp\/v2\/posts"}],"about":[{"href":"https:\/\/dekkbi.com\/index.php?rest_route=\/wp\/v2\/types\/post"}],"author":[{"embeddable":true,"href":"https:\/\/dekkbi.com\/index.php?rest_route=\/wp\/v2\/users\/1"}],"replies":[{"embeddable":true,"href":"https:\/\/dekkbi.com\/index.php?rest_route=%2Fwp%2Fv2%2Fcomments&post=43277"}],"version-history":[{"count":1,"href":"https:\/\/dekkbi.com\/index.php?rest_route=\/wp\/v2\/posts\/43277\/revisions"}],"predecessor-version":[{"id":43279,"href":"https:\/\/dekkbi.com\/index.php?rest_route=\/wp\/v2\/posts\/43277\/revisions\/43279"}],"wp:featuredmedia":[{"embeddable":true,"href":"https:\/\/dekkbi.com\/index.php?rest_route=\/wp\/v2\/media\/43278"}],"wp:attachment":[{"href":"https:\/\/dekkbi.com\/index.php?rest_route=%2Fwp%2Fv2%2Fmedia&parent=43277"}],"wp:term":[{"taxonomy":"category","embeddable":true,"href":"https:\/\/dekkbi.com\/index.php?rest_route=%2Fwp%2Fv2%2Fcategories&post=43277"},{"taxonomy":"post_tag","embeddable":true,"href":"https:\/\/dekkbi.com\/index.php?rest_route=%2Fwp%2Fv2%2Ftags&post=43277"}],"curies":[{"name":"wp","href":"https:\/\/api.w.org\/{rel}","templated":true}]}}