{"id":43266,"date":"2024-10-01T11:55:42","date_gmt":"2024-10-01T11:55:42","guid":{"rendered":"https:\/\/dekkbi.com\/?p=43266"},"modified":"2024-10-01T11:55:43","modified_gmt":"2024-10-01T11:55:43","slug":"equipe-nationale-prolongation-du-contrat-du-selectionneur-des-lions-le-doute-continue-de-planer-sur-lavenir-daliou-cisse","status":"publish","type":"post","link":"https:\/\/dekkbi.com\/?p=43266","title":{"rendered":"\u00c9quipe nationale- prolongation du contrat du s\u00e9lectionneur des Lions : le doute continue de planer sur l\u2019avenir d\u2019Aliou Ciss\u00e9"},"content":{"rendered":"\n<p>Aliou Ciss\u00e9 va-t-il prolonger son bail avec l\u2019\u00e9quipe nationale de football S\u00e9n\u00e9gal ? Alors que le S\u00e9n\u00e9gal se pr\u00e9pare \u00e0 disputer la double confrontation contre le Malawi (11 et 15 octobre) dans le cadre des 3e et 3e journ\u00e9es des \u00e9liminatoires de la CAN 2025, la question autour de l\u2019avenir du s\u00e9lectionneur du S\u00e9n\u00e9gal a \u00e9t\u00e9 agit\u00e9 si l\u2019on se fie aux nombreuses sources annon\u00e7ant un d\u00e9part imminant.&nbsp; D\u2019apr\u00e8s IGFM, celui qui a conduit les Lions \u00e0 leur premier titre continental, ne devrait pas prolonger son contrat qui est arriv\u00e9 \u00e0 son terme le 31 ao\u00fbt dernier. Le minist\u00e8re des Sports aurait d\u00e9j\u00e0 act\u00e9 son d\u00e9part en \u00e9voquant une demande sociale suite au d\u00e9samour constat\u00e9 entre le s\u00e9lectionneur et les S\u00e9n\u00e9galais. La FSF, bien que favorable \u00e0 une prolongation est en attente de la r\u00e9ponse du minist\u00e8re des Sports qui tarde encore valider cette prolongation. Ce qui laisser planer le doute sur l\u2019avenir de l\u2019entra\u00eeneur.<\/p>\n\n\n\n<p>Aliou Ciss\u00e9 fera-t-il sa derni\u00e8re apparition avec les \u00ab Lions \u00bb le 11 octobre prochain lors du match face au Malawi au stade Abdoulaye Wade, comptant pour la 3e journ\u00e9e des \u00e9liminatoires pour la prochaine Coupe d\u2019Afrique \u00ab Maroc 2025 \u00bb. En l\u2019absence de renouvellement officiel de son contrat, la question de son avenir est de plus en plus en agit\u00e9. Selon le site Igfm, le minist\u00e8re des Sports aurait d\u00e9cid\u00e9 de ne pas prolonger le contrat d\u2019Aliou Ciss\u00e9. La d\u00e9cision du d\u00e9partement des Sports serait, selon cette source, motiv\u00e9e par une demande sociale, le d\u00e9samour constat\u00e9 entre le s\u00e9lectionneur et les S\u00e9n\u00e9galais depuis la CAN 2023 mais aussi les demandes de plus en plus persistantes de supporters s\u00e9n\u00e9galais pour nouveau s\u00e9lectionneur \u00e0 la t\u00eate des \u00ab Lions \u00bb. Les critiques se sont ainsi accentu\u00e9es pour remettre en cause les choix tactiques surtout au lendemain du match nul face \u00e0 la RD Congo (1-1) dans le cadre des \u00e9liminatoires au Mondial 2026 et surtout contre le Burkina Faso (1-1) toujours \u00e0 domicile lors de la premi\u00e8re journ\u00e9e des \u00e9liminatoires de la CAN 2025. <\/p>\n\n\n\n<p>C\u2019est d\u2019ailleurs, poursuit la m\u00eame source, la raison pour laquelle le minist\u00e8re des Sports continuerait toujours d\u2019ignorer la demande de prolongation du contrat de Ciss\u00e9 qui lui a \u00e9t\u00e9 transmise par la F\u00e9d\u00e9ration.\u00a0 En entendant d\u2019\u00eatre \u00e9difi\u00e9, le technicien a d\u00e9j\u00e0, malgr\u00e9 sa situation contractuelle, affich\u00e9 l\u2019ambition de reconqu\u00e9rir le troph\u00e9e continental lors \u00e0 la CAN 2025 et de disputer avec les Lions, le Mondial 2026.\u00a0 Apr\u00e8s avoir sign\u00e9 une prolongation en novembre 2022, \u00e0 quelques jours de la Coupe du monde au Qatar, Aliou Ciss\u00e9, on le rappelle, a vu son contrat arriver \u00e0 expiration le 31 ao\u00fbt dernier. Ce contrat lui fixait comme objectif l\u2019atteinte des quarts de finale du Mondial 2022, la qualification du S\u00e9n\u00e9gal pour la CAN 2023 en C\u00f4te d\u2019Ivoire et la d\u00e9fense du titre continental. Sur les trois objectifs, le coach des Lions a r\u00e9ussi \u00e0 d\u00e9crocher une deuxi\u00e8me qualification d\u2019affil\u00e9e au Mondial tout comme \u00e0 la CAN sold\u00e9e par une \u00e9limination au stade des huiti\u00e8mes de finale. Le S\u00e9n\u00e9gal affrontera en double confrontation le Malawi le 11 octobre \u00e0 Diamniadio et le 15 octobre \u00e0 Lilongwe.<\/p>\n\n\n\n<p>Omar DIAW<br>SUDQUOTIDIEN<\/p>\n","protected":false},"excerpt":{"rendered":"<p>Aliou Ciss\u00e9 va-t-il prolonger son bail avec l\u2019\u00e9quipe nationale de football S\u00e9n\u00e9gal ? Alors que le S\u00e9n\u00e9gal se pr\u00e9pare \u00e0<\/p>\n","protected":false},"author":1,"featured_media":30071,"comment_status":"open","ping_status":"open","sticky":false,"template":"","format":"standard","meta":{"footnotes":""},"categories":[9],"tags":[],"class_list":["post-43266","post","type-post","status-publish","format-standard","has-post-thumbnail","hentry","category-sports"],"_links":{"self":[{"href":"https:\/\/dekkbi.com\/index.php?rest_route=\/wp\/v2\/posts\/43266","targetHints":{"allow":["GET"]}}],"collection":[{"href":"https:\/\/dekkbi.com\/index.php?rest_route=\/wp\/v2\/posts"}],"about":[{"href":"https:\/\/dekkbi.com\/index.php?rest_route=\/wp\/v2\/types\/post"}],"author":[{"embeddable":true,"href":"https:\/\/dekkbi.com\/index.php?rest_route=\/wp\/v2\/users\/1"}],"replies":[{"embeddable":true,"href":"https:\/\/dekkbi.com\/index.php?rest_route=%2Fwp%2Fv2%2Fcomments&post=43266"}],"version-history":[{"count":1,"href":"https:\/\/dekkbi.com\/index.php?rest_route=\/wp\/v2\/posts\/43266\/revisions"}],"predecessor-version":[{"id":43267,"href":"https:\/\/dekkbi.com\/index.php?rest_route=\/wp\/v2\/posts\/43266\/revisions\/43267"}],"wp:featuredmedia":[{"embeddable":true,"href":"https:\/\/dekkbi.com\/index.php?rest_route=\/wp\/v2\/media\/30071"}],"wp:attachment":[{"href":"https:\/\/dekkbi.com\/index.php?rest_route=%2Fwp%2Fv2%2Fmedia&parent=43266"}],"wp:term":[{"taxonomy":"category","embeddable":true,"href":"https:\/\/dekkbi.com\/index.php?rest_route=%2Fwp%2Fv2%2Fcategories&post=43266"},{"taxonomy":"post_tag","embeddable":true,"href":"https:\/\/dekkbi.com\/index.php?rest_route=%2Fwp%2Fv2%2Ftags&post=43266"}],"curies":[{"name":"wp","href":"https:\/\/api.w.org\/{rel}","templated":true}]}}