{"id":43259,"date":"2024-10-01T11:47:53","date_gmt":"2024-10-01T11:47:53","guid":{"rendered":"https:\/\/dekkbi.com\/?p=43259"},"modified":"2024-10-01T11:47:53","modified_gmt":"2024-10-01T11:47:53","slug":"diomaye-faye-sonko-ne-peut-pas-usurper-mes-fonctions","status":"publish","type":"post","link":"https:\/\/dekkbi.com\/?p=43259","title":{"rendered":"Diomaye Faye : \u00abSonko ne peut pas usurper mes fonctions\u00bb"},"content":{"rendered":"\n<p><strong>En nommant son ami et leader du parti Pastef comme Premier ministre, le Pr\u00e9sident Bassirou Diomaye Faye a pr\u00e9cis\u00e9 que Ousmane Sonko n\u2019a pas \u00e9t\u00e9 dimensionn\u00e9 pour un poste de ministre ou de Premier ministre.<\/strong><\/p>\n\n\n\n<p><strong>Par Ousmane SOW \u2013&nbsp;<\/strong>Premier ministre, chef de parti, Ousmane Sonko occupe une place essentielle au sein de l\u2019Ex\u00e9cutif. Il a des pouvoirs&nbsp;? qui \u00e9quivalent \u00e0 son poids politique. Leader du parti Pastef dont le pr\u00e9sident \u00e9lu Bassirou Diomaye Faye est redevenu membre simple, apr\u00e8s avoir d\u00e9missionn\u00e9 de ses fonctions de Secr\u00e9taire g\u00e9n\u00e9ral apr\u00e8s son intronisation comme cinqui\u00e8me pr\u00e9sident de la R\u00e9publique, Ousmane Sonko est-il un Premier ministre avec un poids (d\u00e9) mesur\u00e9&nbsp;?<\/p>\n\n\n\n<p>Dans un entretien accord\u00e9 \u00e0 la cha\u00eene de t\u00e9l\u00e9vision Al Jazeera, le chef de l\u2019Etat a r\u00e9affirm\u00e9 que les textes ne permettaient pas au Premier ministre de revendiquer des pouvoirs qu\u2019il n\u2019a pas. \u00abJe pense qu\u2019il n\u2019est pas utile de rappeler que Ousmane Sonko n\u2019a pas \u00e9t\u00e9 dimensionn\u00e9 pour un poste de ministre ou de Premier ministre. Il est tout \u00e0 fait normal qu\u2019il occupe une place importante dans l\u2019architecture gouvernementale en en \u00e9tant le chef\u00bb, a d\u00e9clar\u00e9 le Pr\u00e9sident Bassirou Diomaye Faye, en r\u00e9ponse aux sp\u00e9culations sur le r\u00f4le de Sonko dans le paysage politique. Avant de poursuivre : \u00abIl doit occuper toute la place qui est la sienne dans le cadre de l\u2019ex\u00e9cution de ses missions. Il ne va pas au-del\u00e0. La loi et la Constitution ne lui permettent pas d\u2019usurper mes pr\u00e9rogatives, et il ne le fait pas.\u00bb<\/p>\n\n\n\n<p>Le chef de l\u2019Etat a ainsi insist\u00e9 sur le respect des institutions et des pr\u00e9rogatives d\u00e9finies par la Constitution, r\u00e9affirmant sa l\u00e9gitimit\u00e9 \u00e0 diriger le pays et \u00e0 maintenir l\u2019ordre institutionnel en place. Ousmane Sonko a le soutien de son Pr\u00e9sident. \u00abTant qu\u2019il se d\u00e9ploie de mani\u00e8re efficace dans le cadre de la mise en \u0153uvre du Projet, il aura mon satisfecit. Et il est en train de le faire avec loyaut\u00e9 et engagement\u00bb, a t\u00e9moign\u00e9 le Pr\u00e9sident Bassirou Diomaye Faye.<\/p>\n\n\n\n<p>Pour rappel, c\u2019est autour du slogan \u00abDiomaye mooy Sonko\u00bb (\u00abDiomaye, c\u2019est Sonko\u00bb) que les deux hommes ont b\u00e2ti leur campagne qui les a men\u00e9s au sommet de l\u2019Etat, le 24 mars dernier.<\/p>\n\n\n\n<p>SOURCE LEQUOTIDIEN<\/p>\n","protected":false},"excerpt":{"rendered":"<p>En nommant son ami et leader du parti Pastef comme Premier ministre, le Pr\u00e9sident Bassirou Diomaye Faye a pr\u00e9cis\u00e9 que<\/p>\n","protected":false},"author":1,"featured_media":36806,"comment_status":"open","ping_status":"open","sticky":false,"template":"","format":"standard","meta":{"footnotes":""},"categories":[6],"tags":[],"class_list":["post-43259","post","type-post","status-publish","format-standard","has-post-thumbnail","hentry","category-politics"],"_links":{"self":[{"href":"https:\/\/dekkbi.com\/index.php?rest_route=\/wp\/v2\/posts\/43259","targetHints":{"allow":["GET"]}}],"collection":[{"href":"https:\/\/dekkbi.com\/index.php?rest_route=\/wp\/v2\/posts"}],"about":[{"href":"https:\/\/dekkbi.com\/index.php?rest_route=\/wp\/v2\/types\/post"}],"author":[{"embeddable":true,"href":"https:\/\/dekkbi.com\/index.php?rest_route=\/wp\/v2\/users\/1"}],"replies":[{"embeddable":true,"href":"https:\/\/dekkbi.com\/index.php?rest_route=%2Fwp%2Fv2%2Fcomments&post=43259"}],"version-history":[{"count":1,"href":"https:\/\/dekkbi.com\/index.php?rest_route=\/wp\/v2\/posts\/43259\/revisions"}],"predecessor-version":[{"id":43260,"href":"https:\/\/dekkbi.com\/index.php?rest_route=\/wp\/v2\/posts\/43259\/revisions\/43260"}],"wp:featuredmedia":[{"embeddable":true,"href":"https:\/\/dekkbi.com\/index.php?rest_route=\/wp\/v2\/media\/36806"}],"wp:attachment":[{"href":"https:\/\/dekkbi.com\/index.php?rest_route=%2Fwp%2Fv2%2Fmedia&parent=43259"}],"wp:term":[{"taxonomy":"category","embeddable":true,"href":"https:\/\/dekkbi.com\/index.php?rest_route=%2Fwp%2Fv2%2Fcategories&post=43259"},{"taxonomy":"post_tag","embeddable":true,"href":"https:\/\/dekkbi.com\/index.php?rest_route=%2Fwp%2Fv2%2Ftags&post=43259"}],"curies":[{"name":"wp","href":"https:\/\/api.w.org\/{rel}","templated":true}]}}