{"id":43249,"date":"2024-10-01T11:38:33","date_gmt":"2024-10-01T11:38:33","guid":{"rendered":"https:\/\/dekkbi.com\/?p=43249"},"modified":"2024-10-01T11:38:33","modified_gmt":"2024-10-01T11:38:33","slug":"senegal-les-contrats-avec-des-partenaires-etrangers-en-cours-de-relecture-selon-le-president-diomaye-faye","status":"publish","type":"post","link":"https:\/\/dekkbi.com\/?p=43249","title":{"rendered":"S\u00e9n\u00e9gal : les contrats avec des partenaires \u00e9trangers en cours de relecture, selon le pr\u00e9sident Diomaye Faye"},"content":{"rendered":"\n<p>La ren\u00e9gociation ou le r\u00e9examen des contrats et accords a \u00e9t\u00e9 l\u2019une des promesses de campagne du chef de l\u2019Etat en mars.<\/p>\n\n\n\n<p>Le\u00a0S\u00e9n\u00e9gal\u00a0a entam\u00e9 il y a quelques semaines une vaste revue des contrats et accords sign\u00e9s avec des partenaires \u00e9trangers, a indiqu\u00e9 dimanche 29\u00a0septembre le pr\u00e9sident Bassirou Diomaye Faye, conform\u00e9ment \u00e0 l\u2019une de ses promesses \u00e9lectorales.<\/p>\n\n\n\n<p><em>\u00ab&nbsp;Nous avons mis en place depuis bient\u00f4t un mois, ou un peu plus, un comit\u00e9 de lecture de l\u2019ensemble des contrats. Ce comit\u00e9 est en train de travailler \u00e0 faire l\u2019inventaire des conventions et contrats qui ont \u00e9t\u00e9 sign\u00e9s par le S\u00e9n\u00e9gal&nbsp;\u00bb<\/em>, a soulign\u00e9 M.&nbsp;Faye dans un entretien accord\u00e9 \u00e0 la cha\u00eene qatarie Al-Jazira.<\/p>\n\n\n\n<p><em>\u00ab&nbsp;Si ces parties&nbsp;<\/em>[\u00e9trang\u00e8res]<em>&nbsp;n\u2019ont pas respect\u00e9 les engagements et les obligations que la loi leur impose au S\u00e9n\u00e9gal \u2013 ou que les contrats qu\u2019ils ont sign\u00e9s leur imposent \u2013 \u00e9videmment qu\u2019il va falloir revenir \u00e0 une plus grande \u00e9quit\u00e9 et un plus grand \u00e9quilibre contractuel&nbsp;\u00bb<\/em>, a-t-il pr\u00e9cis\u00e9.<\/p>\n\n\n\n<p>En plus des accords politiques, le S\u00e9n\u00e9gal, pays qui cherche \u00e0 se d\u00e9velopper, a sign\u00e9 des contrats et des accords avec des entreprises ou des partenaires \u00e9trangers dans des secteurs capitaux comme le p\u00e9trole et le gaz, les mines, les transports, les infrastructures ou la p\u00eache.<\/p>\n\n\n\n<h2 class=\"wp-block-heading\">Choisir ses partenaires<\/h2>\n\n\n\n<p>Le camp du chef de l\u2019Etat a par le pass\u00e9 d\u00e9nonc\u00e9 certains de ces accords comme l\u00e9onins, et la ren\u00e9gociation ou le r\u00e9examen a \u00e9t\u00e9 l\u2019une des promesses de campagne de M.&nbsp;Faye en mars. Il promeut un agenda de rupture et de transformation, souverainiste et social.<\/p>\n\n\n\n<p>Interrog\u00e9 sur l\u2019attitude vis-\u00e0-vis de l\u2019ancienne puissance coloniale fran\u00e7aise, avec laquelle le S\u00e9n\u00e9gal a conserv\u00e9 des relations fortes, il a refus\u00e9 de singulariser la France dans l\u2019affirmation de souverainet\u00e9. Cette affirmation&nbsp;<em>\u00ab&nbsp;ne saurait \u00eatre identifi\u00e9e \u00e0 l\u2019\u00e9gard d\u2019un seul pays et ce serait tr\u00e8s r\u00e9ducteur de penser que ce discours-l\u00e0 \u00e9tait orient\u00e9 vers une seule puissance et pas envers les autres&nbsp;\u00bb<\/em>, a-t-il ajout\u00e9.<\/p>\n\n\n\n<p>La langue fran\u00e7aise&nbsp;<em>\u00ab&nbsp;est un h\u00e9ritage culturel, c\u2019est notre langue officielle, nous n\u2019avons pas \u00e0 le reprocher \u00e0 la France ni \u00e0 un autre pays&nbsp;\u00bb<\/em>, a-t-il soulign\u00e9. Il a exprim\u00e9 la volont\u00e9 de renforcer les relations avec les pays occidentaux&nbsp;<em>\u00ab&nbsp;avec lesquels nous avons des relations traditionnelles et privil\u00e9gi\u00e9es&nbsp;\u00bb<\/em>, comme avec d\u2019autres partenaires.<\/p>\n\n\n\n<p>Interrog\u00e9 sur le choix fait par certains pays de la r\u00e9gion autrefois proches de la France de se tourner vers la Russie, M.&nbsp;Faye a dit respecter leur souverainet\u00e9.&nbsp;<em>\u00ab&nbsp;Le S\u00e9n\u00e9gal aussi choisit les pays avec lesquels il coop\u00e8re et personne ne lui imposera les pays avec lesquels il va coop\u00e9rer&nbsp;\u00bb<\/em>, a-t-il pr\u00e9cis\u00e9.<\/p>\n\n\n\n<p>Le Monde avec AFP<\/p>\n","protected":false},"excerpt":{"rendered":"<p>La ren\u00e9gociation ou le r\u00e9examen des contrats et accords a \u00e9t\u00e9 l\u2019une des promesses de campagne du chef de l\u2019Etat<\/p>\n","protected":false},"author":1,"featured_media":35345,"comment_status":"open","ping_status":"open","sticky":false,"template":"","format":"standard","meta":{"footnotes":""},"categories":[6],"tags":[],"class_list":["post-43249","post","type-post","status-publish","format-standard","has-post-thumbnail","hentry","category-politics"],"_links":{"self":[{"href":"https:\/\/dekkbi.com\/index.php?rest_route=\/wp\/v2\/posts\/43249","targetHints":{"allow":["GET"]}}],"collection":[{"href":"https:\/\/dekkbi.com\/index.php?rest_route=\/wp\/v2\/posts"}],"about":[{"href":"https:\/\/dekkbi.com\/index.php?rest_route=\/wp\/v2\/types\/post"}],"author":[{"embeddable":true,"href":"https:\/\/dekkbi.com\/index.php?rest_route=\/wp\/v2\/users\/1"}],"replies":[{"embeddable":true,"href":"https:\/\/dekkbi.com\/index.php?rest_route=%2Fwp%2Fv2%2Fcomments&post=43249"}],"version-history":[{"count":1,"href":"https:\/\/dekkbi.com\/index.php?rest_route=\/wp\/v2\/posts\/43249\/revisions"}],"predecessor-version":[{"id":43250,"href":"https:\/\/dekkbi.com\/index.php?rest_route=\/wp\/v2\/posts\/43249\/revisions\/43250"}],"wp:featuredmedia":[{"embeddable":true,"href":"https:\/\/dekkbi.com\/index.php?rest_route=\/wp\/v2\/media\/35345"}],"wp:attachment":[{"href":"https:\/\/dekkbi.com\/index.php?rest_route=%2Fwp%2Fv2%2Fmedia&parent=43249"}],"wp:term":[{"taxonomy":"category","embeddable":true,"href":"https:\/\/dekkbi.com\/index.php?rest_route=%2Fwp%2Fv2%2Fcategories&post=43249"},{"taxonomy":"post_tag","embeddable":true,"href":"https:\/\/dekkbi.com\/index.php?rest_route=%2Fwp%2Fv2%2Ftags&post=43249"}],"curies":[{"name":"wp","href":"https:\/\/api.w.org\/{rel}","templated":true}]}}