{"id":43243,"date":"2024-10-01T11:26:33","date_gmt":"2024-10-01T11:26:33","guid":{"rendered":"https:\/\/dekkbi.com\/?p=43243"},"modified":"2024-10-01T11:26:34","modified_gmt":"2024-10-01T11:26:34","slug":"xixe-sommet-de-la-francophonie-2024-annonce-de-la-declaration-du-rimf-aux-chefs-detat-a-loccasion-du-xixe-sommet-de-la-francophonie","status":"publish","type":"post","link":"https:\/\/dekkbi.com\/?p=43243","title":{"rendered":"XIXe Sommet de la Francophonie 2024 &#8211; Annonce de la d\u00e9claration du RIMF aux Chefs d&rsquo;\u00c9tat \u00e0 l&rsquo;occasion du XIXe Sommet de la Francophonie"},"content":{"rendered":"\n<p>OTTAWA, ON, \/ PRNewswire\/ &#8212; \u00c0 l&rsquo;occasion du XIXe Sommet de la Francophonie, le R\u00e9seau International des Maisons des Francophonies (RIMF) annonce la publication officielle de sa d\u00e9claration adress\u00e9e aux Chefs d&rsquo;\u00c9tat et de gouvernement de la Francophonie. Cette d\u00e9claration appelle \u00e0 renforcer la francophonie citoyenne en mobilisant la soci\u00e9t\u00e9 civile autour des valeurs de diversit\u00e9 culturelle et linguistique.<\/p>\n\n\n\n<p><strong>Points forts de la d\u00e9claration :<\/strong><\/p>\n\n\n\n<ul class=\"wp-block-list\">\n<li><strong>Francophonie citoyenne<\/strong>\u00a0: Le RIMF insiste sur l&rsquo;importance d&rsquo;impliquer activement la soci\u00e9t\u00e9 civile, en particulier les jeunes, pour faire vivre une francophonie dynamique et inclusive.<\/li>\n\n\n\n<li><strong>Diversit\u00e9 des francophonies<\/strong>\u00a0: La d\u00e9claration met en avant la promotion des cultures et des langues r\u00e9gionales et autochtones, piliers essentiels de la pluralit\u00e9 francophone.<\/li>\n\n\n\n<li><strong>Proposition d&rsquo;un Erasmus francophone<\/strong>\u00a0: Inspir\u00e9 du succ\u00e8s du programme europ\u00e9en, le RIMF propose de cr\u00e9er un Erasmus francophone pour renforcer les liens entre les \u00e9tudiants, enseignants, apprentis et jeunes artistes francophones.<\/li>\n\n\n\n<li><strong>Appel \u00e0 l&rsquo;action<\/strong>\u00a0: Le RIMF appelle toutes les ONG des pays membres de la Francophonie \u00e0 soutenir cette initiative aupr\u00e8s de leur gouvernement.<\/li>\n<\/ul>\n\n\n\n<p><strong>Un Erasmus francophone pour l&rsquo;avenir de la francophonie<\/strong><\/p>\n\n\n\n<p>Le RIMF souligne que cette initiative doit devenir une priorit\u00e9 pour le prochain Sommet de la Francophonie. \u00ab\u00a0Nous esp\u00e9rons que l&rsquo;h\u00f4te du prochain Sommet acceptera cette mission qui peut donner un nouvel essor \u00e0 notre communaut\u00e9 francophone\u00a0\u00bb, d\u00e9clare M. Christian Philip, co-pr\u00e9sident du RIMF.<\/p>\n\n\n\n<p>Cette d\u00e9claration repr\u00e9sente un moment d\u00e9cisif pour la francophonie et un appel \u00e0 une action concert\u00e9e afin de b\u00e2tir une communaut\u00e9 francophone internationale fond\u00e9e sur les \u00e9changes et la solidarit\u00e9.<\/p>\n\n\n\n<p><strong>Lien pour consulter la d\u00e9claration en ligne :&nbsp;<a href=\"http:\/\/email.prnewswire.com\/ls\/click?upn=u001.v9xoTZaCB3KDvUFxTt6K9ITfJcLtx-2FOvmuVizoBK57C-2BtUB93VLYsU2DeXwYaV0wDWRvjuxROfdaW7O8lLJXfMNjnY-2F9u4xE0u4IKTRMKm-2FyK-2BLYaCtuG0-2BTBWELJ1fIO5tJknaEjjrZn41lYls4kaXtb9R9Z-2Fq86fD966xjhHNovYTTdZ97uTLLb3ESIW7h4wdL_CsSrOsfKeWiYi73EDUUJ0JzbNfNqw3vuOcyjfqENwYVW-2Fd8a8Bobu086H3L9UHxJ5UOfEqDyowFEUl9VQ5hC0S8vuuL6uKG2ukoUfdlEz0qWqL457ZIlN9alS5rT4LplbM3FAsKd84d6k6LZgOBiBb8aFfYXx92g9-2B12gc4gKqU4sO2dFUk9-2B-2Bj4LXbu6WQh5LDNZiIXSD9QW8zCugZKj-2FEpzrk9qz-2BS5DRYdazXYdfD330pOfyRrV6NCPAk1ZfgzJVtTUi3mtt75uvGMaMldQtC2Dca2GC8D1x3858eDXnV3kZXu2fXDKvo-2BzUXKpJZxDwPO-2F-2Bv9xwnljX1B6hFOVnPdO9n8HVCRHtbjxmlInA-3D\" target=\"_blank\" rel=\"noreferrer noopener\">https:\/\/bit.ly\/3N0lUks<\/a><\/strong><\/p>\n\n\n\n<p><\/p>\n","protected":false},"excerpt":{"rendered":"<p>OTTAWA, ON, \/ PRNewswire\/ &#8212; \u00c0 l&rsquo;occasion du XIXe Sommet de la Francophonie, le R\u00e9seau International des Maisons des Francophonies<\/p>\n","protected":false},"author":1,"featured_media":43244,"comment_status":"open","ping_status":"open","sticky":false,"template":"","format":"standard","meta":{"footnotes":""},"categories":[21],"tags":[],"class_list":["post-43243","post","type-post","status-publish","format-standard","has-post-thumbnail","hentry","category-societe"],"_links":{"self":[{"href":"https:\/\/dekkbi.com\/index.php?rest_route=\/wp\/v2\/posts\/43243","targetHints":{"allow":["GET"]}}],"collection":[{"href":"https:\/\/dekkbi.com\/index.php?rest_route=\/wp\/v2\/posts"}],"about":[{"href":"https:\/\/dekkbi.com\/index.php?rest_route=\/wp\/v2\/types\/post"}],"author":[{"embeddable":true,"href":"https:\/\/dekkbi.com\/index.php?rest_route=\/wp\/v2\/users\/1"}],"replies":[{"embeddable":true,"href":"https:\/\/dekkbi.com\/index.php?rest_route=%2Fwp%2Fv2%2Fcomments&post=43243"}],"version-history":[{"count":1,"href":"https:\/\/dekkbi.com\/index.php?rest_route=\/wp\/v2\/posts\/43243\/revisions"}],"predecessor-version":[{"id":43245,"href":"https:\/\/dekkbi.com\/index.php?rest_route=\/wp\/v2\/posts\/43243\/revisions\/43245"}],"wp:featuredmedia":[{"embeddable":true,"href":"https:\/\/dekkbi.com\/index.php?rest_route=\/wp\/v2\/media\/43244"}],"wp:attachment":[{"href":"https:\/\/dekkbi.com\/index.php?rest_route=%2Fwp%2Fv2%2Fmedia&parent=43243"}],"wp:term":[{"taxonomy":"category","embeddable":true,"href":"https:\/\/dekkbi.com\/index.php?rest_route=%2Fwp%2Fv2%2Fcategories&post=43243"},{"taxonomy":"post_tag","embeddable":true,"href":"https:\/\/dekkbi.com\/index.php?rest_route=%2Fwp%2Fv2%2Ftags&post=43243"}],"curies":[{"name":"wp","href":"https:\/\/api.w.org\/{rel}","templated":true}]}}