{"id":4322,"date":"2022-12-05T10:42:28","date_gmt":"2022-12-05T10:42:28","guid":{"rendered":"https:\/\/dekkbi.com\/?p=4322"},"modified":"2022-12-05T10:42:30","modified_gmt":"2022-12-05T10:42:30","slug":"etats-unis-blinken-met-en-garde-israel-contre-la-creation-de-nouvelles-colonies-en-cisjordanie","status":"publish","type":"post","link":"https:\/\/dekkbi.com\/?p=4322","title":{"rendered":"\u00c9tats-Unis: Blinken met en garde Isra\u00ebl contre la cr\u00e9ation de nouvelles colonies en Cisjordanie"},"content":{"rendered":"\n<p><a href=\"https:\/\/www.facebook.com\/dialog\/share?app_id=113191652055439&amp;href=https%3A%2F%2Frfi.my%2F8xhh.F&amp;redirect_uri=https%3A%2F%2Fwww.rfi.fr%2Ffr%2Fmoyen-orient%2F20221205-%25C3%25A9tats-unis-blinken-met-en-garde-isra%25C3%25ABl-contre-la-cr%25C3%25A9ation-de-nouvelles-colonies-en-cisjordanie&amp;locale=fr_FR\" target=\"_blank\" rel=\"noreferrer noopener\"><\/a><a href=\"https:\/\/twitter.com\/intent\/tweet?url=https%3A%2F%2Frfi.my%2F8xhh.T&amp;via=RFI&amp;related=rfi&amp;text=%C3%89tats-Unis%3A%20Blinken%20met%20en%20garde%20Isra%C3%ABl%20contre%20la%20cr%C3%A9ation%20de%20nouvelles%20colonies%20en%20Cisjordanie&amp;lang=fr\" target=\"_blank\" rel=\"noreferrer noopener\"><\/a><a href=\"https:\/\/web.whatsapp.com\/send?text=%C3%89tats-Unis%3A%20Blinken%20met%20en%20garde%20Isra%C3%ABl%20contre%20la%20cr%C3%A9ation%20de%20nouvelles%20colonies%20en%20Cisjordanie%20-%20https%3A%2F%2Frfi.my%2F8xhh.W\" target=\"_blank\" rel=\"noreferrer noopener\"><\/a><\/p>\n\n\n\n<p>Publi\u00e9 le :&nbsp;05\/12\/2022 &#8211; 03:03<\/p>\n\n\n\n<figure class=\"wp-block-image size-full\"><img decoding=\"async\" src=\"https:\/\/dekkbi.com\/wp-content\/uploads\/2022\/12\/image-2.gif\" alt=\"\" class=\"wp-image-4323\"\/><figcaption class=\"wp-element-caption\">Le chef de la diplomatie am\u00e9ricaine, Antony Blinken.&nbsp;AP &#8211; Andrew Harnik<\/figcaption><\/figure>\n\n\n\n<p>Texte par :<a href=\"https:\/\/www.rfi.fr\/fr\/auteur\/rfi\/\">RFI<\/a><a href=\"https:\/\/twitter.com\/intent\/follow?screen_name=rfi\" target=\"_blank\" rel=\"noreferrer noopener\">Suivre<\/a><\/p>\n\n\n\n<p>2 mn<\/p>\n\n\n\n<p>Le chef de la diplomatie am\u00e9ricaine Antony Blinken a pr\u00e9venu dimanche que les \u00c9tats-Unis s&rsquo;opposeraient \u00e0 l&rsquo;\u00e9tablissement de nouvelles colonies par le prochain gouvernement isra\u00e9lien en Cisjordanie occup\u00e9e.<\/p>\n\n\n\n<p>PUBLICIT\u00c9<\/p>\n\n\n\n<p><em>Avec notre correspondant \u00e0 Washington<\/em>,&nbsp;<strong>Guillaume Naudin<\/strong><\/p>\n\n\n\n<p>Invit\u00e9 \u00e0 s\u2019exprimer lors d\u2019une conf\u00e9rence du groupe J Street, qui se d\u00e9finit comme progressiste et pro-isra\u00e9lien, le chef de la diplomatie am\u00e9ricaine a r\u00e9it\u00e9r\u00e9<a href=\"https:\/\/www.rfi.fr\/fr\/en-bref\/20221204-%C3%A9tats-unis-blinken-met-en-garde-isra%C3%ABl-contre-la-cr%C3%A9ation-de-nouvelles-colonies-en-cisjordanie\"><strong>&nbsp;le soutien de Washington \u00e0 Isra\u00ebl.<\/strong><\/a>&nbsp;Il a commenc\u00e9 son discours en f\u00e9licitant Benyamin Netanyahu&nbsp;<a href=\"https:\/\/www.rfi.fr\/fr\/moyen-orient\/20221103-isra%C3%ABl-l-ex-premier-ministre-benyamin-netanyahu-remporte-les-%C3%A9lections-l%C3%A9gislatives\"><strong>pour son retour au pouvoir<\/strong><\/a>,&nbsp;dont les relations avec les \u00c9tats-Unis ont parfois \u00e9t\u00e9 orageuses.&nbsp;\u00ab&nbsp;<em>Nous jugerons le gouvernement (isra\u00e9lien) \u00e0 l&rsquo;aune de ses politiques et non \u00e0 celle de ses personnalit\u00e9s individuelles&nbsp;<\/em>\u00bb, a toutefois not\u00e9 le secr\u00e9taire d&rsquo;\u00c9tat.<\/p>\n\n\n\n<p>Mais il a aussi insist\u00e9 sur l\u2019engagement am\u00e9ricain pour une solution de paix \u00e0 deux \u00c9tats. \u00ab&nbsp;<em>Tout ce qui nous \u00e9loignerait des deux \u00c9tats est pr\u00e9judiciable \u00e0 la s\u00e9curit\u00e9 et \u00e0 l\u2019identit\u00e9 d\u2019Isra\u00ebl sur le long terme<\/em>&nbsp;\u00bb, a-t-il d\u00e9clar\u00e9.<\/p>\n\n\n\n<p>Antony Blinken a ainsi \u00e9voqu\u00e9 la question de la colonisation. Sachant que&nbsp;<a href=\"https:\/\/www.rfi.fr\/fr\/tag\/benyamin-netanyahu\/\"><strong>Benyamin Netanyahu<\/strong><\/a>&nbsp;revient au pouvoir avec une coalition d\u2019extr\u00eame droite tr\u00e8s favorable \u00e0 la poursuite des constructions. \u00ab&nbsp;<em>Nous continuerons \u00e9galement \u00e0 nous opposer sans \u00e9quivoque \u00e0 toute action qui mette la solution \u00e0 deux \u00c9tats en danger, notamment l&rsquo;extension des colonies, des mesures en vue de l&rsquo;annexion de la Cisjordanie, le fait de perturber le statu quo historique des lieux saints, les d\u00e9molitions et les expulsions, et l&rsquo;incitation \u00e0 la violence&nbsp;<\/em>\u00bb, a-t-il dit.<\/p>\n\n\n\n<p>Plus de 475 000 Isra\u00e9liens vivent actuellement dans des colonies en Cisjordanie, ill\u00e9gales au regard du droit international. C&rsquo;est&nbsp;environ quatre fois plus qu&rsquo;\u00e0 la signature, dans les ann\u00e9es 1990, des accords d&rsquo;Oslo qui n&rsquo;ont pas d\u00e9bouch\u00e9 \u00e0 une paix durable entre Isra\u00e9liens et Palestiniens.<\/p>\n\n\n\n<p>Antony Blinken a enfin insist\u00e9 sur le respect des droits et libert\u00e9s de tous, notamment de la communaut\u00e9 LGBT+. Cette derni\u00e8re a adress\u00e9 de vives critiques \u00e0 Benyamin Netanyahu pour son alliance avec l\u2019extr\u00eame droite connue pour ses positions homophobes.<\/p>\n","protected":false},"excerpt":{"rendered":"<p>Publi\u00e9 le :&nbsp;05\/12\/2022 &#8211; 03:03 Texte par :RFISuivre 2 mn Le chef de la diplomatie am\u00e9ricaine Antony Blinken a pr\u00e9venu<\/p>\n","protected":false},"author":1,"featured_media":4324,"comment_status":"open","ping_status":"open","sticky":false,"template":"","format":"standard","meta":{"footnotes":""},"categories":[51],"tags":[],"class_list":["post-4322","post","type-post","status-publish","format-standard","has-post-thumbnail","hentry","category-general"],"_links":{"self":[{"href":"https:\/\/dekkbi.com\/index.php?rest_route=\/wp\/v2\/posts\/4322","targetHints":{"allow":["GET"]}}],"collection":[{"href":"https:\/\/dekkbi.com\/index.php?rest_route=\/wp\/v2\/posts"}],"about":[{"href":"https:\/\/dekkbi.com\/index.php?rest_route=\/wp\/v2\/types\/post"}],"author":[{"embeddable":true,"href":"https:\/\/dekkbi.com\/index.php?rest_route=\/wp\/v2\/users\/1"}],"replies":[{"embeddable":true,"href":"https:\/\/dekkbi.com\/index.php?rest_route=%2Fwp%2Fv2%2Fcomments&post=4322"}],"version-history":[{"count":1,"href":"https:\/\/dekkbi.com\/index.php?rest_route=\/wp\/v2\/posts\/4322\/revisions"}],"predecessor-version":[{"id":4325,"href":"https:\/\/dekkbi.com\/index.php?rest_route=\/wp\/v2\/posts\/4322\/revisions\/4325"}],"wp:featuredmedia":[{"embeddable":true,"href":"https:\/\/dekkbi.com\/index.php?rest_route=\/wp\/v2\/media\/4324"}],"wp:attachment":[{"href":"https:\/\/dekkbi.com\/index.php?rest_route=%2Fwp%2Fv2%2Fmedia&parent=4322"}],"wp:term":[{"taxonomy":"category","embeddable":true,"href":"https:\/\/dekkbi.com\/index.php?rest_route=%2Fwp%2Fv2%2Fcategories&post=4322"},{"taxonomy":"post_tag","embeddable":true,"href":"https:\/\/dekkbi.com\/index.php?rest_route=%2Fwp%2Fv2%2Ftags&post=4322"}],"curies":[{"name":"wp","href":"https:\/\/api.w.org\/{rel}","templated":true}]}}