{"id":43208,"date":"2024-09-30T11:40:14","date_gmt":"2024-09-30T11:40:14","guid":{"rendered":"https:\/\/dekkbi.com\/?p=43208"},"modified":"2024-09-30T11:40:14","modified_gmt":"2024-09-30T11:40:14","slug":"presidentielle-en-tunisie-a-bizerte-des-partisans-en-campagne-pour-un-chef-de-letat-peu-sur-le-terrain","status":"publish","type":"post","link":"https:\/\/dekkbi.com\/?p=43208","title":{"rendered":"Pr\u00e9sidentielle en Tunisie: \u00e0 Bizerte, des partisans en campagne pour un chef de l\u2019\u00c9tat peu sur le terrain"},"content":{"rendered":"\n<p>\u00c9tonnante campagne pr\u00e9sidentielle en Tunisie. Seulement trois candidats ont \u00e9t\u00e9 autoris\u00e9s, parmi lesquels l&rsquo;homme d\u2019affaires emprisonn\u00e9 Ayachi Zammel, l&rsquo;ex-d\u00e9put\u00e9 Zouha\u00efr Maghzaoui et le pr\u00e9sident sortant qui ne va que tr\u00e8s peu \u00e0 la rencontre des Tunisiens pour pr\u00e9senter sa vision pour un nouveau mandat. \u00c0 la place de Ka\u00efs Sa\u00efed, ce sont ses sympathisants qui occupent l\u2019espace laiss\u00e9 libre. Reportage dans le nord du pays.<\/p>\n\n\n\n<p><em>Avec \u00a0Amira Souilem envoy\u00e9e sp\u00e9ciale RFI \u00e0 Bizerte,<\/em><\/p>\n\n\n\n<p>Smartphones et portraits de Ka\u00efs Sa\u00efed en main, une trentaine de militants s\u2019avance sur la corniche de Bizerte. Tous sont des militants du mouvement \u00ab&nbsp;<em>du 25 juillet<\/em>&nbsp;\u00bb, en r\u00e9f\u00e9rence \u00e0 la date de la prise des pleins pouvoirs par Ka\u00efs Sa\u00efed en 2021.<\/p>\n\n\n\n<p>Mahmoud Ben Mabrouk, Secr\u00e9taire g\u00e9n\u00e9ral, est venu sp\u00e9cialement de Tunis pour les motiver \u00e0 convaincre le maximum de personnes \u00e0 voter pour le chef de l\u2019\u00c9tat sortant&nbsp;: \u00ab&nbsp;<em>Le pr\u00e9sident de la R\u00e9publique est un grand d\u00e9fenseur de la souverainet\u00e9 nationale. Ce n\u2019est pas de la flagornerie que de dire que l\u2019histoire et les g\u00e9n\u00e9rations \u00e0 venir retiendront les r\u00e9alisations de Ka\u00efs Sa\u00efed.<\/em>&nbsp;\u00bb<\/p>\n\n\n\n<p>Il y a ce matin-l\u00e0 des enseignants, des retrait\u00e9s, des commer\u00e7ants. \u00c0 ce jour, \u00e0 part un court manifeste, Ka\u00efs Sa\u00efed n\u2019a pas pr\u00e9sent\u00e9 de programme. Per\u00e7u comme un homme int\u00e8gre par une partie de la population tunisienne, qui respecte sa carri\u00e8re d\u2019ancien assistant de droit, Ka\u00efs Sa\u00efed dispose encore d\u2019un capital confiance non n\u00e9gligeable.<\/p>\n\n\n\n<h2 class=\"wp-block-heading\">Ka\u00efs Sa\u00efed en campagne dans un quartier populaire de Tunis<\/h2>\n\n\n\n<p>L&rsquo;avocat Kamel Chetouan affiche en tout cas sa s\u00e9r\u00e9nit\u00e9&nbsp;: \u00ab<em>&nbsp;Le but, maintenant, c\u2019est de reconstruire l\u2019\u00c9tat avec des personnes qui soient patriotes, des personnes qui aiment leur pays et qui pensent de fa\u00e7on positive pour b\u00e2tir l\u2019avenir de leurs enfants.&nbsp;<\/em>\u00bb<\/p>\n\n\n\n<p><strong>Newsletter<\/strong>Recevez toute l&rsquo;actualit\u00e9 internationale directement dans votre boite mail<a href=\"https:\/\/emailing.rfi.fr\/fr\/subscribe\" target=\"_blank\" rel=\"noreferrer noopener\">Je m&rsquo;abonne<\/a><\/p>\n\n\n\n<p>Ce dimanche 29 septembre, Ka\u00efs Sa\u00efed s\u2019est rendu \u00e0 Bab Al Khadhra, dans un quartier populaire de Tunis \u00e0 la rencontre de citoyens \u00e0 qui il a assur\u00e9 vouloir continuer \u00e0 lutter contre ce qu\u2019il appelle la \u00ab&nbsp;<em>corruption<\/em>&nbsp;\u00bb.<\/p>\n\n\n\n<p>Ka\u00efs Saied, 66 ans, \u00e9lu d\u00e9mocratiquement en 2019, est accus\u00e9 de d\u00e9rive autoritaire depuis qu&rsquo;il s&rsquo;est octroy\u00e9 les pleins pouvoirs le 25 juillet 2021.<\/p>\n\n\n\n<p>Pour rappel, l&rsquo;un des trois autres candidats \u00e0 la pr\u00e9sidentielle en&nbsp;<strong><a href=\"https:\/\/www.rfi.fr\/fr\/tag\/tunisie\/\">Tunisie<\/a><\/strong>, Ayachi Zammel, a \u00e9t\u00e9 condamn\u00e9 le 18 septembre 2024 \u00e0 20 mois de prison pour des accusations li\u00e9es \u00e0 des falsifications de parrainages, puis \u00e0 6 mois suppl\u00e9mentaires le 25 septembre. Mais il reste en lice pour les \u00e9lections.<\/p>\n\n\n\n<p>Avec un rival emprisonn\u00e9 et un autre qui l\u2019a tr\u00e8s longtemps soutenu, Ka\u00efs Sa\u00efed, qui sort tr\u00e8s peu du Palais de Carthage, semble donc parti pour y rester encore quelque temps.<\/p>\n\n\n\n<p>\u00c0 lire aussi<\/p>\n","protected":false},"excerpt":{"rendered":"<p>\u00c9tonnante campagne pr\u00e9sidentielle en Tunisie. Seulement trois candidats ont \u00e9t\u00e9 autoris\u00e9s, parmi lesquels l&rsquo;homme d\u2019affaires emprisonn\u00e9 Ayachi Zammel, l&rsquo;ex-d\u00e9put\u00e9 Zouha\u00efr<\/p>\n","protected":false},"author":1,"featured_media":43209,"comment_status":"open","ping_status":"open","sticky":false,"template":"","format":"standard","meta":{"footnotes":""},"categories":[51],"tags":[],"class_list":["post-43208","post","type-post","status-publish","format-standard","has-post-thumbnail","hentry","category-general"],"_links":{"self":[{"href":"https:\/\/dekkbi.com\/index.php?rest_route=\/wp\/v2\/posts\/43208","targetHints":{"allow":["GET"]}}],"collection":[{"href":"https:\/\/dekkbi.com\/index.php?rest_route=\/wp\/v2\/posts"}],"about":[{"href":"https:\/\/dekkbi.com\/index.php?rest_route=\/wp\/v2\/types\/post"}],"author":[{"embeddable":true,"href":"https:\/\/dekkbi.com\/index.php?rest_route=\/wp\/v2\/users\/1"}],"replies":[{"embeddable":true,"href":"https:\/\/dekkbi.com\/index.php?rest_route=%2Fwp%2Fv2%2Fcomments&post=43208"}],"version-history":[{"count":1,"href":"https:\/\/dekkbi.com\/index.php?rest_route=\/wp\/v2\/posts\/43208\/revisions"}],"predecessor-version":[{"id":43210,"href":"https:\/\/dekkbi.com\/index.php?rest_route=\/wp\/v2\/posts\/43208\/revisions\/43210"}],"wp:featuredmedia":[{"embeddable":true,"href":"https:\/\/dekkbi.com\/index.php?rest_route=\/wp\/v2\/media\/43209"}],"wp:attachment":[{"href":"https:\/\/dekkbi.com\/index.php?rest_route=%2Fwp%2Fv2%2Fmedia&parent=43208"}],"wp:term":[{"taxonomy":"category","embeddable":true,"href":"https:\/\/dekkbi.com\/index.php?rest_route=%2Fwp%2Fv2%2Fcategories&post=43208"},{"taxonomy":"post_tag","embeddable":true,"href":"https:\/\/dekkbi.com\/index.php?rest_route=%2Fwp%2Fv2%2Ftags&post=43208"}],"curies":[{"name":"wp","href":"https:\/\/api.w.org\/{rel}","templated":true}]}}