{"id":43197,"date":"2024-09-30T11:06:53","date_gmt":"2024-09-30T11:06:53","guid":{"rendered":"https:\/\/dekkbi.com\/?p=43197"},"modified":"2024-09-30T11:06:53","modified_gmt":"2024-09-30T11:06:53","slug":"affaire-des-assistants-parlementaires-europeens-le-proces-de-marine-le-pen-et-du-rn-souvre-a-paris","status":"publish","type":"post","link":"https:\/\/dekkbi.com\/?p=43197","title":{"rendered":"Affaire des assistants parlementaires europ\u00e9ens: le proc\u00e8s de Marine Le Pen et du RN s\u2019ouvre \u00e0 Paris"},"content":{"rendered":"\n<p>Le proc\u00e8s dans l&rsquo;affaire des assistants d&rsquo;eurod\u00e9put\u00e9s du parti d\u2019extr\u00eame droite fran\u00e7ais Front national, devenu Rassemblement national, s&rsquo;ouvre lundi 30 septembre devant le tribunal correctionnel de Paris. Le parti lui-m\u00eame, sa pr\u00e9sidente Marine Le Pen et 24 autres personnes, cadres, ex-eurod\u00e9put\u00e9s ou assistants parlementaires, sont soup\u00e7onn\u00e9s d&rsquo;avoir d\u00e9tourn\u00e9 des fonds du Parlement europ\u00e9en pour r\u00e9mun\u00e9rer des assistants d&rsquo;eurod\u00e9put\u00e9s qui travaillaient en r\u00e9alit\u00e9 pour le parti, entre 2004 et 2016.<\/p>\n\n\n\n<p>Au terme de\u00a0<strong>sept ans d&rsquo;enqu\u00eate<\/strong>, l&rsquo;accusation estime avoir mis au jour\u00a0<strong>un \u00ab\u00a0<em>v\u00e9ritable syst\u00e8me<\/em>\u00a0\u00bb de d\u00e9tournement<\/strong>. Cela gr\u00e2ce \u00e0 des enveloppes de 21\u00a0000 euros mensuelles allou\u00e9es par le Parlement \u00e0 chaque d\u00e9put\u00e9 pour r\u00e9mun\u00e9rer des assistants parlementaires, alors que le Front national (FN, ensuite rebaptis\u00e9 RN, pour Rassemblement national) \u00e9tait en difficult\u00e9 financi\u00e8re.<\/p>\n\n\n\n<p>Ces assistants travaillaient en r\u00e9alit\u00e9 pour le parti, selon l\u2019accusation, ce qui est interdit par la r\u00e9glementation europ\u00e9enne : cela concerne par exemple le garde du corps historique de Jean-Marie Le Pen ou la cheffe de cabinet de Marine Le Pen. Marine Le Pen \u00e9tait \u00ab&nbsp;<em>la d\u00e9cisionnaire principale&nbsp;<\/em>in fine&nbsp;\u00bb de ce syst\u00e8me, soutient le parquet et elle est notamment poursuivie pour \u00ab complicit\u00e9 par instruction \u00bb du d\u00e9tournement.<\/p>\n\n\n\n<p>Vont compara\u00eetre neuf anciens eurod\u00e9put\u00e9s du Front national (rebaptis\u00e9 RN), dont Marine Le Pen, Louis Aliot &#8211;&nbsp;aujourd&rsquo;hui vice-pr\u00e9sident du RN&nbsp;&#8211; ou l&rsquo;ex-num\u00e9ro 2 du parti Bruno Gollnisch. \u00c0 leurs c\u00f4t\u00e9s, seront jug\u00e9s 12 personnes ayant \u00e9t\u00e9 leurs assistants parlementaires et quatre collaborateurs du parti.<\/p>\n\n\n\n<h2 class=\"wp-block-heading\">\u00ab&nbsp;Ce que Marine nous demande \u00e9quivaut qu\u2019on signe pour des emplois fictifs&nbsp;\u00bb<\/h2>\n\n\n\n<p>Parmi les \u00e9l\u00e9ments \u00e0 charge, un mail de juin 2014 envoy\u00e9 \u00e0 la pr\u00e9sidente du parti\u00a0: \u00ab\u00a0<em>Nous ne nous en sortirons que si nous faisons des \u00e9conomies importantes gr\u00e2ce au Parlement europ\u00e9en<\/em>\u00a0\u00bb, l&rsquo;alerte le tr\u00e9sorier, Wallerand de Saint Just, lui aussi poursuivi. Des eurod\u00e9put\u00e9s ont, eux, t\u00e9moign\u00e9 qu&rsquo;au cours d&rsquo;une r\u00e9union \u00e0 la m\u00eame p\u00e9riode,\u00a0<strong>Marine Le Pen aurait exig\u00e9<\/strong>\u00a0qu\u2019ils \u00ab\u00a0<em>recrutent un seul assistant par eux-m\u00eames, le reste de leur enveloppe devant \u00eatre mis \u00e0 la disposition du mouvement<\/em>\u00a0\u00bb. L&rsquo;un des parlementaires \u00e9crit dans la foul\u00e9e au tr\u00e9sorier : \u00ab\u00a0<em>Ce que Marine nous demande \u00e9quivaut qu\u2019on signe pour des emplois fictifs.<\/em>\u00a0\u00bb<\/p>\n\n\n\n<p>De leur c\u00f4t\u00e9, le RN et ses membres r\u00e9futent tout d\u00e9tournement de fonds publics, d&rsquo;autant plus que \u00ab&nbsp;<em>les assistants parlementaires ne sont pas des salari\u00e9s du Parlement, et ont aussi un r\u00f4le politique<\/em>&nbsp;\u00bb, insiste Alexandre Varaut, d\u00e9sign\u00e9 par le parti pour commenter ce dossier. \u00ab&nbsp;<em>Et il n&rsquo;y a aucun syst\u00e8me, sinon tous les eurod\u00e9put\u00e9s du parti seraient poursuivis<\/em>&nbsp;\u00bb, pointe-t-il.<\/p>\n\n\n\n<p>01:02<\/p>\n\n\n\n<p>\u00ab De syst\u00e8me il n\u2019y en a pas, il n\u2019y a eu aucun syst\u00e8me frauduleux \u00bb, mart\u00e8le Alexandre Varaut du RNLaura Martel<\/p>\n\n\n\n<h2 class=\"wp-block-heading\">Une \u00e9ventuelle peine d&rsquo;in\u00e9ligibilit\u00e9 de dix ans<\/h2>\n\n\n\n<p>Les pr\u00e9venus encourent un maximum de dix ans de prison, un million d&rsquo;euros d&rsquo;amende et une \u00e9ventuelle peine d&rsquo;in\u00e9ligibilit\u00e9 de dix ans. Celle-ci serait alors susceptible d&rsquo;entraver les ambitions pr\u00e9sidentielles de Marine Le Pen en France pour 2027. Si la peine est d\u00e9cid\u00e9e, mais assortie de sursis, ce ne sera pas un obstacle pour Marine Le Pen. Si elle est ferme, on peut imaginer qu\u2019il y ait appel, or, il est suspensif, il faudrait donc attendre un second proc\u00e8s. La cour peut toutefois ordonner, ce qui est plus rare, l\u2019ex\u00e9cution provisoire de la peine. Ce dernier cas pourrait menacer la candidature de Marine Le Pen.<\/p>\n\n\n\n<p>Le pr\u00e9judice est estim\u00e9 \u00e0 trois millions d&rsquo;euros, dont un million a d\u00e9j\u00e0 \u00e9t\u00e9 \u00ab&nbsp;<em>rembours\u00e9<\/em>&nbsp;\u00bb par des proc\u00e9dures de recouvrement, selon Me Patrick Maisonneuve. L&rsquo;avocat du Parlement europ\u00e9en estime que l&rsquo;accusation dispose d&rsquo;\u00e9l\u00e9ments solides pour \u00e9tayer l&rsquo;existence de ce qu&rsquo;elle qualifie de \u00ab&nbsp;<em>v\u00e9ritable syst\u00e8me<\/em>&nbsp;\u00bb.<\/p>\n\n\n\n<p>MARINE <\/p>\n","protected":false},"excerpt":{"rendered":"<p>Le proc\u00e8s dans l&rsquo;affaire des assistants d&rsquo;eurod\u00e9put\u00e9s du parti d\u2019extr\u00eame droite fran\u00e7ais Front national, devenu Rassemblement national, s&rsquo;ouvre lundi 30<\/p>\n","protected":false},"author":1,"featured_media":12775,"comment_status":"open","ping_status":"open","sticky":false,"template":"","format":"standard","meta":{"footnotes":""},"categories":[51],"tags":[],"class_list":["post-43197","post","type-post","status-publish","format-standard","has-post-thumbnail","hentry","category-general"],"_links":{"self":[{"href":"https:\/\/dekkbi.com\/index.php?rest_route=\/wp\/v2\/posts\/43197","targetHints":{"allow":["GET"]}}],"collection":[{"href":"https:\/\/dekkbi.com\/index.php?rest_route=\/wp\/v2\/posts"}],"about":[{"href":"https:\/\/dekkbi.com\/index.php?rest_route=\/wp\/v2\/types\/post"}],"author":[{"embeddable":true,"href":"https:\/\/dekkbi.com\/index.php?rest_route=\/wp\/v2\/users\/1"}],"replies":[{"embeddable":true,"href":"https:\/\/dekkbi.com\/index.php?rest_route=%2Fwp%2Fv2%2Fcomments&post=43197"}],"version-history":[{"count":1,"href":"https:\/\/dekkbi.com\/index.php?rest_route=\/wp\/v2\/posts\/43197\/revisions"}],"predecessor-version":[{"id":43198,"href":"https:\/\/dekkbi.com\/index.php?rest_route=\/wp\/v2\/posts\/43197\/revisions\/43198"}],"wp:featuredmedia":[{"embeddable":true,"href":"https:\/\/dekkbi.com\/index.php?rest_route=\/wp\/v2\/media\/12775"}],"wp:attachment":[{"href":"https:\/\/dekkbi.com\/index.php?rest_route=%2Fwp%2Fv2%2Fmedia&parent=43197"}],"wp:term":[{"taxonomy":"category","embeddable":true,"href":"https:\/\/dekkbi.com\/index.php?rest_route=%2Fwp%2Fv2%2Fcategories&post=43197"},{"taxonomy":"post_tag","embeddable":true,"href":"https:\/\/dekkbi.com\/index.php?rest_route=%2Fwp%2Fv2%2Ftags&post=43197"}],"curies":[{"name":"wp","href":"https:\/\/api.w.org\/{rel}","templated":true}]}}