{"id":43192,"date":"2024-09-30T11:00:47","date_gmt":"2024-09-30T11:00:47","guid":{"rendered":"https:\/\/dekkbi.com\/?p=43192"},"modified":"2024-09-30T11:00:47","modified_gmt":"2024-09-30T11:00:47","slug":"legislatives-2024-abdoul-mbaye-nest-plus-candidat-thierno-alassane-sall-tete-de-liste-de-la-coalition-senegaal-kese","status":"publish","type":"post","link":"https:\/\/dekkbi.com\/?p=43192","title":{"rendered":"L\u00e9gislatives 2024 : Abdoul Mbaye n\u2019est plus candidat, Thierno Alassane Sall t\u00eate de liste de la \u00ab\u00a0Coalition Senegaal Kese\u00a0\u00bb"},"content":{"rendered":"\n<p><strong>C\u2019est Thierno Alassane Sall qui va conduire la liste de la coalition \u00ab&nbsp;Senegaal Kese&nbsp;\u00bb. Ibrahima Thiam de \u00ab&nbsp;Un Autre Avenir&nbsp;\u00bb serait \u00e0 la 3e place, selon E-M\u00e9dia.<\/strong><\/p>\n\n\n\n<p>Toutefois, Abdoul Mbaye, un des membres fondateur de cette coalition, a d\u00e9cid\u00e9 de se retirer de la course.<\/p>\n\n\n\n<p>Et selon des sources de nos confr\u00e8res, le Pr\u00e9sident de l\u2019Alliance pour la citoyennet\u00e9 et le travail (Act) a \u00ab&nbsp;<em>offert sa place \u00e0 la jeunesse, dans un bel \u00e9lan de g\u00e9n\u00e9rosit\u00e9 et de transmission<\/em>\u00ab&nbsp;.<\/p>\n\n\n\n<p>source senego<\/p>\n","protected":false},"excerpt":{"rendered":"<p>C\u2019est Thierno Alassane Sall qui va conduire la liste de la coalition \u00ab&nbsp;Senegaal Kese&nbsp;\u00bb. Ibrahima Thiam de \u00ab&nbsp;Un Autre Avenir&nbsp;\u00bb<\/p>\n","protected":false},"author":1,"featured_media":42957,"comment_status":"open","ping_status":"open","sticky":false,"template":"","format":"standard","meta":{"footnotes":""},"categories":[21],"tags":[],"class_list":["post-43192","post","type-post","status-publish","format-standard","has-post-thumbnail","hentry","category-societe"],"_links":{"self":[{"href":"https:\/\/dekkbi.com\/index.php?rest_route=\/wp\/v2\/posts\/43192","targetHints":{"allow":["GET"]}}],"collection":[{"href":"https:\/\/dekkbi.com\/index.php?rest_route=\/wp\/v2\/posts"}],"about":[{"href":"https:\/\/dekkbi.com\/index.php?rest_route=\/wp\/v2\/types\/post"}],"author":[{"embeddable":true,"href":"https:\/\/dekkbi.com\/index.php?rest_route=\/wp\/v2\/users\/1"}],"replies":[{"embeddable":true,"href":"https:\/\/dekkbi.com\/index.php?rest_route=%2Fwp%2Fv2%2Fcomments&post=43192"}],"version-history":[{"count":1,"href":"https:\/\/dekkbi.com\/index.php?rest_route=\/wp\/v2\/posts\/43192\/revisions"}],"predecessor-version":[{"id":43193,"href":"https:\/\/dekkbi.com\/index.php?rest_route=\/wp\/v2\/posts\/43192\/revisions\/43193"}],"wp:featuredmedia":[{"embeddable":true,"href":"https:\/\/dekkbi.com\/index.php?rest_route=\/wp\/v2\/media\/42957"}],"wp:attachment":[{"href":"https:\/\/dekkbi.com\/index.php?rest_route=%2Fwp%2Fv2%2Fmedia&parent=43192"}],"wp:term":[{"taxonomy":"category","embeddable":true,"href":"https:\/\/dekkbi.com\/index.php?rest_route=%2Fwp%2Fv2%2Fcategories&post=43192"},{"taxonomy":"post_tag","embeddable":true,"href":"https:\/\/dekkbi.com\/index.php?rest_route=%2Fwp%2Fv2%2Ftags&post=43192"}],"curies":[{"name":"wp","href":"https:\/\/api.w.org\/{rel}","templated":true}]}}