{"id":4319,"date":"2022-12-05T10:40:40","date_gmt":"2022-12-05T10:40:40","guid":{"rendered":"https:\/\/dekkbi.com\/?p=4319"},"modified":"2022-12-05T13:27:28","modified_gmt":"2022-12-05T13:27:28","slug":"la-cedeao-donne-au-mali-jusqua-janvier-pour-liberer-les-46-soldats-ivoiriens","status":"publish","type":"post","link":"https:\/\/dekkbi.com\/?p=4319","title":{"rendered":"Le Mali a jusqu&rsquo;\u00e0 janvier pour lib\u00e9rer les 46 soldats ivoiriens"},"content":{"rendered":"\n<p>Le 62e sommet des chefs d&rsquo;\u00c9tat et de gouvernement de la Communaut\u00e9 \u00e9conomique des \u00c9tats de l\u2019Afrique de l\u2019Ouest (C\u00e9d\u00e9ao) s&rsquo;est achev\u00e9 dimanche soir 4 d\u00e9cembre. L&rsquo;organisation demande&nbsp;la lib\u00e9ration avant le 1er janvier des 46 militaires ivoiriens d\u00e9tenus au Mali, annonce la&nbsp;cr\u00e9ation d\u2019une force&nbsp;r\u00e9gionale pour lutter contre le terrorisme et pour r\u00e9tablir l\u2019ordre constitutionnel.<\/p>\n\n\n\n<p><em>Avec notre envoy\u00e9 sp\u00e9cial \u00e0 Abuja<\/em>,&nbsp;<strong>Serge Daniel<\/strong> RFI<\/p>\n\n\n\n<p>D\u00e8s le d\u00e9but de la rencontre, les chefs d\u2019\u00c9tat de la&nbsp;<strong>C\u00e9d\u00e9ao&nbsp;<\/strong>ou leurs repr\u00e9sentants se sont discr\u00e8tement retir\u00e9s dans une salle de la pr\u00e9sidence nig\u00e9riane pour un huis clos int\u00e9gral. Ils ont pris la d\u00e9cision de taper du poing sur la table et&nbsp;de demander au Mali, avant le 1er janvier 2023,&nbsp;<strong>la lib\u00e9ration des 46 militaires ivoiriens d\u00e9tenus \u00e0 Bamako<\/strong>&nbsp;depuis plus de quatre&nbsp;mois, sinon&nbsp;des sanctions seront prises, selon la Commission. Et d\u2019apr\u00e8s nos informations, c\u2019est le pr\u00e9sident togolais&nbsp;<strong>Faure Gnassingb\u00e9<\/strong>, m\u00e9diateur dans le dossier, qui se rendra dans la capitale malienne pour faire passer le message.<\/p>\n\n\n\n<p>Selon nos informations, sur le plan judiciaire l\u2019instruction de la premi\u00e8re instance des 46 militaires est termin\u00e9e et le dossier a \u00e9t\u00e9 transmis au parquet g\u00e9n\u00e9ral depuis le 25 novembre. Mais si les&nbsp;militaires ivoiriens sont toujours d\u00e9tenus \u00e0 Bamako, c\u2019est parce que les autorit\u00e9s de transition maliennes veulent co\u00fbte que co\u00fbte voir les deux parties prendre des engagements.<\/p>\n\n\n\n<p>Abidjan, apr\u00e8s avoir qualifi\u00e9 d\u2019inacceptables les conditions pos\u00e9es par le Mali, a laiss\u00e9 entendre qu&rsquo;une visite officielle d&rsquo;Assimi Go\u00efta pourrait avoir lieu apr\u00e8s la lib\u00e9ration des militaires.&nbsp;Le mois dernier, l&rsquo;invitation \u00e0 Bamako du&nbsp;ministre ivoirien de la D\u00e9fense T\u00e9n\u00e9 Birahima Ouattara avait raviv\u00e9 l&rsquo;espoir de voir ce dossier \u00eatre cl\u00f4tur\u00e9. Mais la visite fut report\u00e9e.<\/p>\n\n\n\n<h2 class=\"wp-block-heading\">Retour \u00e0 l&rsquo;ordre constitutionnel<\/h2>\n\n\n\n<p><strong>Les transitions malienne, guin\u00e9enne et burkinab\u00e8<\/strong>&nbsp;ont \u00e9t\u00e9 d\u2019autres sujets de discussions. Avec un ministre des Affaires \u00e9trang\u00e8res tr\u00e8s actif dans les couloirs, le gouvernement guin\u00e9en est arriv\u00e9 \u00e0 vendre aux participants du sommet d\u2019Abuja une transition d\u2019une dur\u00e9e de 24 mois. La conf\u00e9rence des chefs d\u2019\u00c9tat, elle, a demand\u00e9 un dialogue inclusif. S\u2019il ne peut pas se tenir \u00e0 Conakry, la C\u00e9d\u00e9ao&nbsp;proposera d\u2019accueillir la rencontre dans une autre capitale de la sous-r\u00e9gion.<\/p>\n\n\n\n<p>Au Burkina Faso,&nbsp;le sommet a valid\u00e9 le rapport du m\u00e9diateur, l\u2019ancien pr\u00e9sident nig\u00e9rien Issoufou Mahamadou, qui&nbsp;a demand\u00e9 une grande solidarit\u00e9 \u00e0 l\u2019\u00e9gard de ce pays. D&rsquo;autre part, l\u2019institution sous-r\u00e9gionale, qui s&rsquo;inqui\u00e8te de la situation s\u00e9curitaire et humanitaire,&nbsp;va aider le pays.<\/p>\n\n\n\n<p>La transition malienne, elle, est observ\u00e9e \u00e0 la loupe, m\u00eame si des progr\u00e8s sont not\u00e9s.<\/p>\n\n\n\n<h2 class=\"wp-block-heading\">Force r\u00e9gionale<\/h2>\n\n\n\n<p>Un projet de cr\u00e9ation d\u2019une force r\u00e9gionale de la C\u00e9d\u00e9ao a \u00e9t\u00e9 adopt\u00e9. Cette force, dont tous les contours ne sont pas connus,&nbsp;\u00ab&nbsp;<em>sera une force d\u2019intervention contre le terrorisme et les changements anticonstitutionnels dans la sous-r\u00e9gion<\/em>&nbsp;\u00bb, explique \u00e0 RFI Omar Alieu Touray, le pr\u00e9sident de la Commission de la C\u00e9d\u00e9ao.<\/p>\n\n\n\n<blockquote class=\"wp-block-quote is-layout-flow wp-block-quote-is-layout-flow\">\n<p>Pour cette force-l\u00e0, les chefs d\u2019\u00c9tat ont d\u00e9cid\u00e9 de ne pas d\u00e9pendre des financements volontaires, car jusqu\u2019\u00e0 maintenant, nous avons vu que les financements volontaires ne viennent jamais. Nous allons regarder comment financer la force avec nos propres moyens.<\/p>\n<\/blockquote>\n\n\n\n<p>OMAR ALIEU TOURAY, LE PR\u00c9SIDENT DE LA COMMISSION DE LA C\u00c9D\u00c9AO<\/p>\n\n\n\n<p>Serge Daniel<\/p>\n","protected":false},"excerpt":{"rendered":"<p>Le 62e sommet des chefs d&rsquo;\u00c9tat et de gouvernement de la Communaut\u00e9 \u00e9conomique des \u00c9tats de l\u2019Afrique de l\u2019Ouest (C\u00e9d\u00e9ao)<\/p>\n","protected":false},"author":1,"featured_media":3109,"comment_status":"open","ping_status":"open","sticky":false,"template":"","format":"standard","meta":{"footnotes":""},"categories":[51],"tags":[],"class_list":["post-4319","post","type-post","status-publish","format-standard","has-post-thumbnail","hentry","category-general"],"_links":{"self":[{"href":"https:\/\/dekkbi.com\/index.php?rest_route=\/wp\/v2\/posts\/4319","targetHints":{"allow":["GET"]}}],"collection":[{"href":"https:\/\/dekkbi.com\/index.php?rest_route=\/wp\/v2\/posts"}],"about":[{"href":"https:\/\/dekkbi.com\/index.php?rest_route=\/wp\/v2\/types\/post"}],"author":[{"embeddable":true,"href":"https:\/\/dekkbi.com\/index.php?rest_route=\/wp\/v2\/users\/1"}],"replies":[{"embeddable":true,"href":"https:\/\/dekkbi.com\/index.php?rest_route=%2Fwp%2Fv2%2Fcomments&post=4319"}],"version-history":[{"count":2,"href":"https:\/\/dekkbi.com\/index.php?rest_route=\/wp\/v2\/posts\/4319\/revisions"}],"predecessor-version":[{"id":4368,"href":"https:\/\/dekkbi.com\/index.php?rest_route=\/wp\/v2\/posts\/4319\/revisions\/4368"}],"wp:featuredmedia":[{"embeddable":true,"href":"https:\/\/dekkbi.com\/index.php?rest_route=\/wp\/v2\/media\/3109"}],"wp:attachment":[{"href":"https:\/\/dekkbi.com\/index.php?rest_route=%2Fwp%2Fv2%2Fmedia&parent=4319"}],"wp:term":[{"taxonomy":"category","embeddable":true,"href":"https:\/\/dekkbi.com\/index.php?rest_route=%2Fwp%2Fv2%2Fcategories&post=4319"},{"taxonomy":"post_tag","embeddable":true,"href":"https:\/\/dekkbi.com\/index.php?rest_route=%2Fwp%2Fv2%2Ftags&post=4319"}],"curies":[{"name":"wp","href":"https:\/\/api.w.org\/{rel}","templated":true}]}}