{"id":43161,"date":"2024-09-30T10:13:55","date_gmt":"2024-09-30T10:13:55","guid":{"rendered":"https:\/\/dekkbi.com\/?p=43161"},"modified":"2024-09-30T10:13:56","modified_gmt":"2024-09-30T10:13:56","slug":"elimane-diouf-reelu-a-la-tete-de-la-csa-vers-une-nouvelle-dynamique-syndicale","status":"publish","type":"post","link":"https:\/\/dekkbi.com\/?p=43161","title":{"rendered":"Elimane Diouf r\u00e9\u00e9lu \u00e0 la t\u00eate de la CSA : vers une nouvelle dynamique syndicale"},"content":{"rendered":"\n<h3 class=\"wp-block-heading\">Dakar a \u00e9t\u00e9 le th\u00e9\u00e2tre ce week-end du 4\u00e8me congr\u00e8s national de la Conf\u00e9d\u00e9ration des syndicats autonomes du S\u00e9n\u00e9gal (CSA), qui s&rsquo;est conclu par la r\u00e9\u00e9lection \u00e9clatante d\u2019Elimane Diouf au poste de Secr\u00e9taire G\u00e9n\u00e9ral. Depuis 2016 \u00e0 la t\u00eate de cette importante organisation syndicale, Diouf a su imposer son leadership, et cette r\u00e9\u00e9lection t\u00e9moigne de la confiance renouvel\u00e9e des membres de la conf\u00e9d\u00e9ration en sa capacit\u00e9 \u00e0 relever les nombreux d\u00e9fis du moment.<\/h3>\n\n\n\n<p>Selon le communiqu\u00e9 final, lors de son discours, Elimane Diouf a exprim\u00e9 sa gratitude envers ALLAH pour la r\u00e9ussite du congr\u00e8s, qui a rassembl\u00e9 de nombreux partenaires internationaux, notamment du Mali, Burkina Faso, Mauritanie, Niger, ainsi que la CSI Afrique et le Bureau international du travail (BIT). Il a \u00e9galement rendu un vibrant hommage \u00e0 deux figures embl\u00e9matiques du S\u00e9n\u00e9gal, Amadou Mahtar Mbow et Mademba Sock.<\/p>\n\n\n\n<p>Le contexte politique et \u00e9conomique du S\u00e9n\u00e9gal a largement occup\u00e9 les d\u00e9bats, avec notamment la 4\u00e8me alternance politique du pays et les perspectives li\u00e9es \u00e0 l\u2019exploitation des gisements de p\u00e9trole et de gaz naturel. Selon Elimane Diouf, ces ressources, qui devraient g\u00e9n\u00e9rer des revenus annuels de 700 milliards de FCFA, repr\u00e9sentent une opportunit\u00e9 majeure pour le d\u00e9veloppement endog\u00e8ne du S\u00e9n\u00e9gal, \u00e0 condition que la transparence et la reddition des comptes soient respect\u00e9es.<\/p>\n\n\n\n<p>Toutefois, la CSA exprime ses pr\u00e9occupations face \u00e0 la pr\u00e9carisation croissante des emplois, aggrav\u00e9e par les suspensions et ren\u00e9gociations de contrats. Bien que des baisses r\u00e9centes des prix des denr\u00e9es de premi\u00e8re n\u00e9cessit\u00e9 aient \u00e9t\u00e9 enregistr\u00e9es, le co\u00fbt de la vie demeure \u00e9lev\u00e9 pour la population. \u00c0 cela s\u2019ajoute une concurrence internationale f\u00e9roce et l\u2019instabilit\u00e9 croissante dans la sous-r\u00e9gion, marqu\u00e9e par une s\u00e9rie de coups d\u2019\u00c9tat.<\/p>\n\n\n\n<p>Malgr\u00e9 ce climat tendu, Elimane Diouf se veut optimiste. Il met en avant des initiatives prometteuses, telles que la Zone de libre-\u00e9change continentale africaine (ZLECAF) et le dynamisme de la jeunesse africaine, qui pourraient permettre de capter le dividende d\u00e9mocratique tant attendu. N\u00e9anmoins, il d\u00e9plore la hausse des migrations clandestines, dont le S\u00e9n\u00e9gal est devenu l&rsquo;\u00e9picentre, entra\u00eenant de nombreuses trag\u00e9dies humaines.<\/p>\n\n\n\n<p>Le Secr\u00e9taire G\u00e9n\u00e9ral a \u00e9galement \u00e9voqu\u00e9 les d\u00e9fis mondiaux actuels, notamment les conflits internationaux (Russie-Ukraine, Isra\u00ebl-Palestine), la mont\u00e9e des extr\u00eames politiques en Occident, et les r\u00e9percussions de l\u2019intelligence artificielle sur le march\u00e9 du travail. Il a soulign\u00e9 l\u2019importance de l\u2019\u00e9ducation comme priorit\u00e9 pour le syndicat.<\/p>\n\n\n\n<p>En d\u00e9pit des difficult\u00e9s, la CSA a r\u00e9alis\u00e9 des avanc\u00e9es notables depuis 2016, avec une augmentation des salaires, un rel\u00e8vement de l\u2019\u00e2ge de la retraite, et une am\u00e9lioration des relations internationales. Le nombre d\u2019organisations affili\u00e9es \u00e0 la CSA est pass\u00e9 de 44 \u00e0 64, et des succ\u00e8s ont \u00e9t\u00e9 enregistr\u00e9s lors des \u00e9lections de repr\u00e9sentativit\u00e9 en 2017 et 2023. De plus, l\u2019acquisition d\u2019un nouveau si\u00e8ge social rehausse l\u2019image de la conf\u00e9d\u00e9ration.<\/p>\n\n\n\n<p>Pour Elimane Diouf, il est clair que le mouvement syndical s\u00e9n\u00e9galais doit se r\u00e9inventer pour faire face aux nouvelles r\u00e9alit\u00e9s du march\u00e9 du travail, telles que la prolif\u00e9ration des emplois pr\u00e9caires et temporaires. Il appelle \u00e0 une nouvelle dynamique pour renforcer la protection des travailleurs et assurer la revitalisation du mouvement syndical.<\/p>\n\n\n\n<p>Ce 4\u00e8me congr\u00e8s marque donc une \u00e9tape cruciale pour l&rsquo;avenir de la CSA, qui se veut r\u00e9solument tourn\u00e9e vers l\u2019adaptation aux enjeux contemporains.<br><\/p>\n\n\n\n<p><a href=\"https:\/\/www.leral.net\/author\/Fata-Michel-Dieye\/\">MD<\/a><\/p>\n\n\n\n<p><\/p>\n","protected":false},"excerpt":{"rendered":"<p>Dakar a \u00e9t\u00e9 le th\u00e9\u00e2tre ce week-end du 4\u00e8me congr\u00e8s national de la Conf\u00e9d\u00e9ration des syndicats autonomes du S\u00e9n\u00e9gal (CSA),<\/p>\n","protected":false},"author":1,"featured_media":43162,"comment_status":"open","ping_status":"open","sticky":false,"template":"","format":"standard","meta":{"footnotes":""},"categories":[26],"tags":[],"class_list":["post-43161","post","type-post","status-publish","format-standard","has-post-thumbnail","hentry","category-fait-divers"],"_links":{"self":[{"href":"https:\/\/dekkbi.com\/index.php?rest_route=\/wp\/v2\/posts\/43161","targetHints":{"allow":["GET"]}}],"collection":[{"href":"https:\/\/dekkbi.com\/index.php?rest_route=\/wp\/v2\/posts"}],"about":[{"href":"https:\/\/dekkbi.com\/index.php?rest_route=\/wp\/v2\/types\/post"}],"author":[{"embeddable":true,"href":"https:\/\/dekkbi.com\/index.php?rest_route=\/wp\/v2\/users\/1"}],"replies":[{"embeddable":true,"href":"https:\/\/dekkbi.com\/index.php?rest_route=%2Fwp%2Fv2%2Fcomments&post=43161"}],"version-history":[{"count":1,"href":"https:\/\/dekkbi.com\/index.php?rest_route=\/wp\/v2\/posts\/43161\/revisions"}],"predecessor-version":[{"id":43163,"href":"https:\/\/dekkbi.com\/index.php?rest_route=\/wp\/v2\/posts\/43161\/revisions\/43163"}],"wp:featuredmedia":[{"embeddable":true,"href":"https:\/\/dekkbi.com\/index.php?rest_route=\/wp\/v2\/media\/43162"}],"wp:attachment":[{"href":"https:\/\/dekkbi.com\/index.php?rest_route=%2Fwp%2Fv2%2Fmedia&parent=43161"}],"wp:term":[{"taxonomy":"category","embeddable":true,"href":"https:\/\/dekkbi.com\/index.php?rest_route=%2Fwp%2Fv2%2Fcategories&post=43161"},{"taxonomy":"post_tag","embeddable":true,"href":"https:\/\/dekkbi.com\/index.php?rest_route=%2Fwp%2Fv2%2Ftags&post=43161"}],"curies":[{"name":"wp","href":"https:\/\/api.w.org\/{rel}","templated":true}]}}