{"id":43145,"date":"2024-09-30T09:49:05","date_gmt":"2024-09-30T09:49:05","guid":{"rendered":"https:\/\/dekkbi.com\/?p=43145"},"modified":"2024-09-30T09:49:06","modified_gmt":"2024-09-30T09:49:06","slug":"legislatives-anticipees-appel-a-une-poursuite-du-processus-electoral-dans-un-esprit-de-serenite","status":"publish","type":"post","link":"https:\/\/dekkbi.com\/?p=43145","title":{"rendered":"L\u00e9gislatives anticip\u00e9es: appel \u00e0 une poursuite du processus \u00e9lectoral \u2018\u2019dans un esprit de s\u00e9r\u00e9nit\u00e9\u2019\u2019"},"content":{"rendered":"\n<p>Dakar,  (APS) \u2013 Des personnalit\u00e9s se r\u00e9clamant d\u2019un comit\u00e9 ad-hoc de facilitation du dialogue entre les parties prenantes au processus \u00e9lectoral ont appel\u00e9, dimanche, \u00e0 une poursuite, dans la s\u00e9r\u00e9nit\u00e9, des op\u00e9rations devant d\u00e9boucher sur la tenue des \u00e9lections l\u00e9gislatives anticip\u00e9es du 17 novembre prochain.<\/p>\n\n\n\n<p>Dans un communiqu\u00e9 rendu public le m\u00eame jour, les membres de ce comit\u00e9 ad-hoc de facilitation \u2019\u2019appellent toutes les parties prenantes \u00e0 poursuivre le processus \u00e9lectoral dans un esprit serein, constructif et r\u00e9publicain, pour une d\u00e9mocratie m\u00fbre et apais\u00e9e\u2019\u2019.<\/p>\n\n\n\n<p>Ils font en m\u00eame temps part de leur pr\u00e9occupation \u00e0 la suite du rejet du consensus minima&nbsp;obtenu au terme d\u2019efforts collectifs de la soci\u00e9t\u00e9 civile et des autorit\u00e9s publiques&nbsp;au sujet d\u2019un allongement de la p\u00e9riode de d\u00e9p\u00f4t des listes de candidatures \u00e0 ces joutes \u00e9lectorales.<\/p>\n\n\n\n<p>Le comit\u00e9 ad-hoc constitu\u00e9 de personnalit\u00e9s telles qu\u2019Alioune Tine, une des figures de la soci\u00e9t\u00e9 civile du S\u00e9n\u00e9gal, rappelle avoir saisi le ministre de l\u2019Int\u00e9rieur et les repr\u00e9sentants des partis politiques pour faciliter le retour \u00e0 la table de n\u00e9gociation, apr\u00e8s que des opposants ont boycott\u00e9 une pr\u00e9c\u00e9dente rencontre avec Jean-Baptiste Tine.<\/p>\n\n\n\n<p>\u201dUne nouvelle rencontre a permis, samedi, de r\u00e9unir les acteurs du processus \u00e9lectoral, le 28 septembre, \u00e0 la salle de conf\u00e9rence du minist\u00e8re de l\u2019int\u00e9rieur. Elle a donn\u00e9 lieu \u00e0 \u2018\u2019un consensus \u00e0 minima sur la n\u00e9cessit\u00e9 de repousser de 72h \u00e0 une semaine le d\u00e9lai de d\u00e9p\u00f4ts des listes de candidatures au scrutin du 17 novembre prochain\u201d, a indiqu\u00e9 ledit comit\u00e9.&nbsp;<\/p>\n\n\n\n<p>Il signale que les d\u00e9lib\u00e9rations se sont d\u00e9roul\u00e9es de fa\u00e7on d\u00e9mocratique dans la s\u00e9r\u00e9nit\u00e9 et dans un esprit constructif de tous les acteurs du processus \u00e9lectoral.<\/p>\n\n\n\n<p>Le minist\u00e8re de l\u2019Int\u00e9rieur et de la S\u00e9curit\u00e9 publique a, dans un communiqu\u00e9, annonc\u00e9 le maintien ce dimanche 29 septembre 2024 \u00e0 minuit, au plus tard, de la date butoir pour le d\u00e9p\u00f4t des listes de candidatures aux \u00e9lections l\u00e9gislatives \u00e0 venir.<\/p>\n\n\n\n<p>AKS\/ABB\/ADC<\/p>\n","protected":false},"excerpt":{"rendered":"<p>Dakar, (APS) \u2013 Des personnalit\u00e9s se r\u00e9clamant d\u2019un comit\u00e9 ad-hoc de facilitation du dialogue entre les parties prenantes au processus<\/p>\n","protected":false},"author":1,"featured_media":43146,"comment_status":"open","ping_status":"open","sticky":false,"template":"","format":"standard","meta":{"footnotes":""},"categories":[6],"tags":[],"class_list":["post-43145","post","type-post","status-publish","format-standard","has-post-thumbnail","hentry","category-politics"],"_links":{"self":[{"href":"https:\/\/dekkbi.com\/index.php?rest_route=\/wp\/v2\/posts\/43145","targetHints":{"allow":["GET"]}}],"collection":[{"href":"https:\/\/dekkbi.com\/index.php?rest_route=\/wp\/v2\/posts"}],"about":[{"href":"https:\/\/dekkbi.com\/index.php?rest_route=\/wp\/v2\/types\/post"}],"author":[{"embeddable":true,"href":"https:\/\/dekkbi.com\/index.php?rest_route=\/wp\/v2\/users\/1"}],"replies":[{"embeddable":true,"href":"https:\/\/dekkbi.com\/index.php?rest_route=%2Fwp%2Fv2%2Fcomments&post=43145"}],"version-history":[{"count":1,"href":"https:\/\/dekkbi.com\/index.php?rest_route=\/wp\/v2\/posts\/43145\/revisions"}],"predecessor-version":[{"id":43147,"href":"https:\/\/dekkbi.com\/index.php?rest_route=\/wp\/v2\/posts\/43145\/revisions\/43147"}],"wp:featuredmedia":[{"embeddable":true,"href":"https:\/\/dekkbi.com\/index.php?rest_route=\/wp\/v2\/media\/43146"}],"wp:attachment":[{"href":"https:\/\/dekkbi.com\/index.php?rest_route=%2Fwp%2Fv2%2Fmedia&parent=43145"}],"wp:term":[{"taxonomy":"category","embeddable":true,"href":"https:\/\/dekkbi.com\/index.php?rest_route=%2Fwp%2Fv2%2Fcategories&post=43145"},{"taxonomy":"post_tag","embeddable":true,"href":"https:\/\/dekkbi.com\/index.php?rest_route=%2Fwp%2Fv2%2Ftags&post=43145"}],"curies":[{"name":"wp","href":"https:\/\/api.w.org\/{rel}","templated":true}]}}