{"id":43134,"date":"2024-09-30T09:29:27","date_gmt":"2024-09-30T09:29:27","guid":{"rendered":"https:\/\/dekkbi.com\/?p=43134"},"modified":"2024-09-30T10:57:40","modified_gmt":"2024-09-30T10:57:40","slug":"guy-marius-sagna-agresse-a-lome-dakar-condamne-avec-fermete-et-reclame-une-enquete","status":"publish","type":"post","link":"https:\/\/dekkbi.com\/?p=43134","title":{"rendered":"Guy Marius Sagna agress\u00e9 \u00e0 Lom\u00e9: Dakar \u201dcondamne avec fermet\u00e9\u201d et r\u00e9clame une enqu\u00eate"},"content":{"rendered":"\n<p>Dakar, (APS) \u2013 Le minist\u00e8re s\u00e9n\u00e9galais de l\u2019Int\u00e9gration africaine et des Affaires \u00e9trang\u00e8re a condamn\u00e9 avec fermet\u00e9 l\u2019agression \u201cinqualifiable\u201d dont a \u00e9t\u00e9 victime dimanche \u00e0 Lom\u00e9 (Togo), le d\u00e9put\u00e9 s\u00e9n\u00e9galais Guy Marius Sagna et a r\u00e9clam\u00e9 l\u2019ouverture d\u2019une enqu\u00eate pour situer les responsabilit\u00e9s.<\/p>\n\n\n\n<p>Le d\u00e9put\u00e9 s\u00e9n\u00e9galais, Guy Marius Sagna, parlementaire de la CEDEAO, la Communaut\u00e9 \u00e9conomique des Etats de l\u2019Afrique de l\u2019ouest, a \u00e9t\u00e9 victime d\u2019une agression dimanche \u00e0 Lom\u00e9 pendant qu\u2019il participait \u00e0 une activit\u00e9 de la Dynamique pour ma majorit\u00e9 du peuple (DMP), une plateforme d\u2019opposition togolaise, ont rapport\u00e9 plusieurs m\u00e9dias.<\/p>\n\n\n\n<figure class=\"wp-block-image size-full\"><img loading=\"lazy\" decoding=\"async\" width=\"724\" height=\"1024\" src=\"https:\/\/dekkbi.com\/wp-content\/uploads\/2024\/09\/image-4.png\" alt=\"\" class=\"wp-image-43184\" srcset=\"https:\/\/dekkbi.com\/wp-content\/uploads\/2024\/09\/image-4.png 724w, https:\/\/dekkbi.com\/wp-content\/uploads\/2024\/09\/image-4-212x300.png 212w\" sizes=\"auto, (max-width: 724px) 100vw, 724px\" \/><\/figure>\n\n\n\n<p>Des photos et des vid\u00e9os publi\u00e9es sur des r\u00e9seaux sociaux montrent le d\u00e9put\u00e9 des Patriotes africains du S\u00e9n\u00e9gal pour le travail, l\u2019\u00e9thique et la fraternit\u00e9 (PASTEF), allong\u00e9 sur un lit, une de ses mains envelopp\u00e9e par un pansement.<\/p>\n\n\n\n<p>Sur une autre vid\u00e9o, Guy Marius Sagna est assis sur un fauteuil roulant, aux c\u00f4t\u00e9s d\u2019une femme et d\u2019un homme debout, vraisemblablement des membres de l\u2019opposition au Togo.<\/p>\n\n\n\n<p>\u2018\u2019Le Minist\u00e8re de l\u2019Int\u00e9gration Africaine et des Affaires \u00c9trang\u00e8res a appris, avec consternation, l\u2019agression violente dont l\u2019honorable Guy Marius Sagna, D\u00e9put\u00e9 du S\u00e9n\u00e9gal et de la CEDEAO, a \u00e9t\u00e9 victime, le Dimanche 29 septembre 2024, \u00e0 Lom\u00e9, au Togo\u2019\u2019, a indiqu\u00e9 la diplomatie s\u00e9n\u00e9galaise dans un communiqu\u00e9.<\/p>\n\n\n\n<p>Elle \u201dcondamne avec fermet\u00e9 cet acte inqualifiable\u201d et demande qu\u2019une enqu\u00eate soit imm\u00e9diatement diligent\u00e9e.<\/p>\n\n\n\n<p>Le document fait en m\u00eame temps savoir que Yassine Fall, la ministre de l\u2019Int\u00e9gration africaine et des Affaires \u00e9trang\u00e8res s\u2019est entretenue au t\u00e9l\u00e9phone avec M. Sagna pour s\u2019enqu\u00e9rir de son \u00e9tat de sant\u00e9.<\/p>\n\n\n\n<p>La ministre de&nbsp;l\u2019Int\u00e9gration africaine y d\u00e9clare avoir inform\u00e9 son homologue togolais et demand\u00e9 que l\u2019int\u00e9grit\u00e9 physique d\u00e9put\u00e9 soit prot\u00e9g\u00e9e.<\/p>\n\n\n\n<p>Mme Fall a dit appr\u00e9cier l\u2019engagement de son homologue togolais \u00e0 prendre toutes les mesures appropri\u00e9es pour que la s\u00e9curit\u00e9 du d\u00e9put\u00e9 Guy Marius Sagna..<\/p>\n\n\n\n<p>M. Sagna, en s\u00e9jour dans la capitale togolaise dans le cadre des activit\u00e9s du Parlement de la CEDEAO o\u00f9 il si\u00e8ge, participait \u00e0 une r\u00e9union publique de la plateforme d\u2019opposition togolaise DMP. La rencontre n\u2019est pas all\u00e9e \u00e0 son terme.<\/p>\n\n\n\n<p>Les chaises ont \u00e9t\u00e9 cass\u00e9es, le mat\u00e9riel de sonorisation et les enregistreurs des journalistes jet\u00e9s dans un puits, les portables arrach\u00e9s, ce qui a provoqu\u00e9 une dispersion des militants dans la confusion, a relat\u00e9 le site d\u2019information de Radio France internationale.<\/p>\n\n\n\n<p>Des gros bras ont infiltr\u00e9 la foule et dehors les vitres des v\u00e9hicules sont pulv\u00e9ris\u00e9es \u00e0 coup de parpaings. Le d\u00e9put\u00e9 Guy Marius Sagna, pris particuli\u00e8rement \u00e0 partie, visiblement bless\u00e9 \u00e0 la t\u00eate et au bras a \u00e9t\u00e9 transport\u00e9 \u00e0 dos d\u2019homme vers une clinique voisine pour y \u00eatre soign\u00e9, selon la m\u00eame source.<\/p>\n\n\n\n<p>AKS<\/p>\n","protected":false},"excerpt":{"rendered":"<p>Dakar, (APS) \u2013 Le minist\u00e8re s\u00e9n\u00e9galais de l\u2019Int\u00e9gration africaine et des Affaires \u00e9trang\u00e8re a condamn\u00e9 avec fermet\u00e9 l\u2019agression \u201cinqualifiable\u201d dont<\/p>\n","protected":false},"author":1,"featured_media":43186,"comment_status":"open","ping_status":"open","sticky":false,"template":"","format":"standard","meta":{"footnotes":""},"categories":[21],"tags":[],"class_list":["post-43134","post","type-post","status-publish","format-standard","has-post-thumbnail","hentry","category-societe"],"_links":{"self":[{"href":"https:\/\/dekkbi.com\/index.php?rest_route=\/wp\/v2\/posts\/43134","targetHints":{"allow":["GET"]}}],"collection":[{"href":"https:\/\/dekkbi.com\/index.php?rest_route=\/wp\/v2\/posts"}],"about":[{"href":"https:\/\/dekkbi.com\/index.php?rest_route=\/wp\/v2\/types\/post"}],"author":[{"embeddable":true,"href":"https:\/\/dekkbi.com\/index.php?rest_route=\/wp\/v2\/users\/1"}],"replies":[{"embeddable":true,"href":"https:\/\/dekkbi.com\/index.php?rest_route=%2Fwp%2Fv2%2Fcomments&post=43134"}],"version-history":[{"count":3,"href":"https:\/\/dekkbi.com\/index.php?rest_route=\/wp\/v2\/posts\/43134\/revisions"}],"predecessor-version":[{"id":43187,"href":"https:\/\/dekkbi.com\/index.php?rest_route=\/wp\/v2\/posts\/43134\/revisions\/43187"}],"wp:featuredmedia":[{"embeddable":true,"href":"https:\/\/dekkbi.com\/index.php?rest_route=\/wp\/v2\/media\/43186"}],"wp:attachment":[{"href":"https:\/\/dekkbi.com\/index.php?rest_route=%2Fwp%2Fv2%2Fmedia&parent=43134"}],"wp:term":[{"taxonomy":"category","embeddable":true,"href":"https:\/\/dekkbi.com\/index.php?rest_route=%2Fwp%2Fv2%2Fcategories&post=43134"},{"taxonomy":"post_tag","embeddable":true,"href":"https:\/\/dekkbi.com\/index.php?rest_route=%2Fwp%2Fv2%2Ftags&post=43134"}],"curies":[{"name":"wp","href":"https:\/\/api.w.org\/{rel}","templated":true}]}}