{"id":43104,"date":"2024-09-27T16:15:13","date_gmt":"2024-09-27T16:15:13","guid":{"rendered":"https:\/\/dekkbi.com\/?p=43104"},"modified":"2024-09-27T16:15:14","modified_gmt":"2024-09-27T16:15:14","slug":"netanyahu-traite-lonu-de-farce-meprisante-et-avertit-liran-si-vous-nous-frappez-nous-vous-frapperons","status":"publish","type":"post","link":"https:\/\/dekkbi.com\/?p=43104","title":{"rendered":"Netanyahu traite l\u2019ONU de \u00ab\u00a0farce m\u00e9prisante\u201d et avertit l\u2019Iran: \u201cSi vous nous frappez, nous vous frapperons\u201d"},"content":{"rendered":"\n<p>Le Premier ministre isra\u00e9lien Benjamin Netanyahu a commenc\u00e9 son discours devant l\u2019Assembl\u00e9e g\u00e9n\u00e9rale de l\u2019ONU vendredi en d\u00e9non\u00e7ant les \u201cmensonges et calomnies\u201d prononc\u00e9es contre son pays. Il a ensuite menac\u00e9 l\u2019Iran de repr\u00e9sailles en cas d\u2019attaque.<a href=\"https:\/\/www.facebook.com\/sharer\/sharer.php?u=https%3A%2F%2Fwww.7sur7.be%2Fmonde%2Fnetanyahu-traite-lonu-de-farce-meprisante-et-avertit-liran-si-vous-nous-frappez-nous-vous-frapperons%7Eae02e2d3%2F%3Futm_source%3Dfacebook%26utm_medium%3Dsocial%26utm_campaign%3Dsocialsharing_web\"><\/a><a href=\"http:\/\/twitter.com\/share?text=Netanyahu+traite+l%E2%80%99ONU+de+%22farce+m%C3%A9prisante%E2%80%9D+et+avertit+l%E2%80%99Iran%3A+%E2%80%9CSi+vous+nous+frappez%2C+nous+vous+frapperons%E2%80%9D&amp;url=https%3A%2F%2Fwww.7sur7.be%2Fmonde%2Fnetanyahu-traite-lonu-de-farce-meprisante-et-avertit-liran-si-vous-nous-frappez-nous-vous-frapperons%7Eae02e2d3%2F%3Futm_source%3Dtwitter%26utm_medium%3Dsocial%26utm_campaign%3Dsocialsharing_web\"><\/a><\/p>\n\n\n\n<p>\u201cMon pays est en guerre, se battant pour sa survie. Mais apr\u00e8s avoir entendu les mensonges et calomnies contre mon pays par de nombreux orateurs \u00e0 ce podium, j\u2019ai d\u00e9cid\u00e9 de venir et de r\u00e9tablir la v\u00e9rit\u00e9\u201d, a-t-il lanc\u00e9.<\/p>\n\n\n\n<p>Le premier ministre de l\u2019\u00c9tat h\u00e9breu a \u00e9t\u00e9 accueilli par des hu\u00e9es, mais a continu\u00e9 sur sa lanc\u00e9e. Isra\u00ebl \u201cveut la paix, appelle \u00e0 la paix, a d\u00e9j\u00e0 fait la paix et refera la paix\u201d, a-t-il insist\u00e9, avant d\u2019expliquer que son pays fait face \u00e0 \u201cdes ennemis sauvages qui ne souhaitent que nous d\u00e9truire\u201d.<\/p>\n\n\n\n<p>Revenant sur les attaques du 7 octobre du Hamas, qui ont fait 1.200 morts isra\u00e9liens, le Premier ministre de l\u2019\u00c9tat h\u00e9breu a affirm\u00e9 que \u201cnous ne baisserons pas les bras tant que tous les otages ne seront pas rentr\u00e9s\u201d, qualifiant ses efforts de \u201cmission sainte\u201d.<\/p>\n\n\n\n<p>\u201cLe Hamas doit dispara\u00eetre. Imaginez qu\u2019apr\u00e8s la Seconde Guerre mondiale, on ait laiss\u00e9 les Nazis reconstruire l\u2019Allemagne\u201d, a encore ajout\u00e9 Netanyahu. \u201cCe n\u2019est pas possible, cela n\u2019arrivera pas\u201d, a-t-il ajout\u00e9, appelant \u00e0 la \u201cd\u00e9radicalisation et \u00e0 la d\u00e9militarisation de Gaza\u201d.<\/p>\n\n\n\n<p>\u201cCette guerre peut se terminer\u201d, continue-t-il. \u201cTout ce que le Hamas a \u00e0 faire, c\u2019est de se rendre, d\u00e9poser les armes et lib\u00e9rer les otages. S\u2019ils (les combattants du Hamas) ne le font pas, nous nous battrons jusqu\u2019\u00e0 obtenir une victoire, une victoire totale. Il n\u2019y a pas d\u2019alternative.\u201d<\/p>\n\n\n\n<h2 class=\"wp-block-heading\">Un discours hu\u00e9 et boycott\u00e9<\/h2>\n\n\n\n<p>Il a ensuite abord\u00e9 le cas de l\u2019Iran, mena\u00e7ant la R\u00e9publique islamique de repr\u00e9sailles en cas d\u2019attaque contre son pays: \u201cSi vous nous frappez, nous vous frapperons. Il n\u2019y a aucun endroit en Iran que le long bras d\u2019Isra\u00ebl ne peut atteindre\u201d, a-t-il martel\u00e9.<\/p>\n\n\n\n<p>Le discours du premier ministre isra\u00e9lien a \u00e9t\u00e9 boycott\u00e9 par une parie de l\u2019assembl\u00e9e, plusieurs repr\u00e9sentants ayant quitt\u00e9 la salle \u00e0 son arriv\u00e9e, rapporte l\u2019AFP.<\/p>\n\n\n\n<p>Benjamin Netanyahu s\u2019en est d\u2019ailleurs \u00e9galement pris \u00e0 l\u2019ONU durant son discours: \u201cJe vous le dis, jusqu\u2019\u00e0 ce qu\u2019Isra\u00ebl, jusqu\u2019\u00e0 ce que l\u2019Etat juif, soit trait\u00e9 comme les autres nations, jusqu\u2019\u00e0 ce que mar\u00e9cage antis\u00e9mite soit ass\u00e9ch\u00e9, l\u2019ONU sera consid\u00e9r\u00e9e par les gens justes comme rien de plus qu\u2019une farce m\u00e9prisante\u201d, a-t-il lanc\u00e9.<\/p>\n\n\n\n<h2 class=\"wp-block-heading\"><strong>Matthias Bertrand\u00a0<\/strong> &#8211; \u00a0<strong>Source:<\/strong>\u00a0AFP<\/h2>\n","protected":false},"excerpt":{"rendered":"<p>Le Premier ministre isra\u00e9lien Benjamin Netanyahu a commenc\u00e9 son discours devant l\u2019Assembl\u00e9e g\u00e9n\u00e9rale de l\u2019ONU vendredi en d\u00e9non\u00e7ant les \u201cmensonges<\/p>\n","protected":false},"author":1,"featured_media":43105,"comment_status":"open","ping_status":"open","sticky":false,"template":"","format":"standard","meta":{"footnotes":""},"categories":[51],"tags":[],"class_list":["post-43104","post","type-post","status-publish","format-standard","has-post-thumbnail","hentry","category-general"],"_links":{"self":[{"href":"https:\/\/dekkbi.com\/index.php?rest_route=\/wp\/v2\/posts\/43104","targetHints":{"allow":["GET"]}}],"collection":[{"href":"https:\/\/dekkbi.com\/index.php?rest_route=\/wp\/v2\/posts"}],"about":[{"href":"https:\/\/dekkbi.com\/index.php?rest_route=\/wp\/v2\/types\/post"}],"author":[{"embeddable":true,"href":"https:\/\/dekkbi.com\/index.php?rest_route=\/wp\/v2\/users\/1"}],"replies":[{"embeddable":true,"href":"https:\/\/dekkbi.com\/index.php?rest_route=%2Fwp%2Fv2%2Fcomments&post=43104"}],"version-history":[{"count":1,"href":"https:\/\/dekkbi.com\/index.php?rest_route=\/wp\/v2\/posts\/43104\/revisions"}],"predecessor-version":[{"id":43106,"href":"https:\/\/dekkbi.com\/index.php?rest_route=\/wp\/v2\/posts\/43104\/revisions\/43106"}],"wp:featuredmedia":[{"embeddable":true,"href":"https:\/\/dekkbi.com\/index.php?rest_route=\/wp\/v2\/media\/43105"}],"wp:attachment":[{"href":"https:\/\/dekkbi.com\/index.php?rest_route=%2Fwp%2Fv2%2Fmedia&parent=43104"}],"wp:term":[{"taxonomy":"category","embeddable":true,"href":"https:\/\/dekkbi.com\/index.php?rest_route=%2Fwp%2Fv2%2Fcategories&post=43104"},{"taxonomy":"post_tag","embeddable":true,"href":"https:\/\/dekkbi.com\/index.php?rest_route=%2Fwp%2Fv2%2Ftags&post=43104"}],"curies":[{"name":"wp","href":"https:\/\/api.w.org\/{rel}","templated":true}]}}