{"id":4310,"date":"2022-12-05T10:22:06","date_gmt":"2022-12-05T10:22:06","guid":{"rendered":"https:\/\/dekkbi.com\/?p=4310"},"modified":"2022-12-05T10:22:08","modified_gmt":"2022-12-05T10:22:08","slug":"rufisque-lutte-contre-lencombrement-et-linsalubrite-le-bessup-setal-fait-respirer-le-centre-ville","status":"publish","type":"post","link":"https:\/\/dekkbi.com\/?p=4310","title":{"rendered":"Rufisque \u2013 Lutte contre l\u2019encombrement et l\u2019insalubrit\u00e9 : Le Bessup Setal fait respirer le centre-ville"},"content":{"rendered":"\n<p><a href=\"https:\/\/lequotidien.sn\/author\/aicha\/\"><\/a><em>by<\/em><a href=\"https:\/\/lequotidien.sn\/author\/aicha\/\">Lequotidien<\/a>&nbsp;5 d\u00e9cembre 2022&nbsp;0<\/p>\n\n\n\n<figure class=\"wp-block-image\"><img decoding=\"async\" src=\"https:\/\/lequotidien.sn\/wp-content\/uploads\/2022\/12\/Besup-Seta.jpg\" alt=\"\"\/><\/figure>\n\n\n\n<p><strong>Gr\u00e2ce \u00e0 la journ\u00e9e Bessup Setal, organis\u00e9e chaque mois dans une localit\u00e9, Rufisque a \u00e9t\u00e9 d\u00e9barrass\u00e9e de ses d\u00e9chets. Apr\u00e8s cette op\u00e9ration, il va toujours rester \u00e0 r\u00e9soudre la s\u00e9rieuse \u00e9quation de l\u2019occupation anarchique des rues par des tabliers et magasiniers.<\/strong><\/p>\n\n\n\n<p><strong>Par Alioune Badara NDIAYE \u2013&nbsp;<\/strong>Un bol d\u2019air frais pour Rufisque \u00e0 travers le Bessup setal qui s\u2019est d\u00e9roul\u00e9 samedi. Du foirail des petits ruminants \u00e0 l\u2019entr\u00e9e de la ville au march\u00e9 central en passant par les abords du Ter \u00e0 Rufisque Nord et le rondpoint Sipres \u00e0 Rufisque Ouest, la forte mobilisation, encadr\u00e9e par les services du ministre de l\u2019Urbanisme, a permis de d\u00e9barrasser les zones vis\u00e9es de tonnes de d\u00e9chets. \u00abC\u2019est une op\u00e9ration de nettoiement qui rentre dans le cadre de la politique g\u00e9n\u00e9rale d\u00e9finie par le pr\u00e9sident de la R\u00e9publique en termes de salubrit\u00e9. Journ\u00e9e autour de laquelle nous avions pris un site, celui du march\u00e9 central de Rufisque. Il y en a \u00e9galement d\u2019autres\u00bb, a relev\u00e9 Babacar Niang, adjoint administratif du Gouverneur de Dakar. \u00abC\u2019est le lieu de dire notre satisfaction globale par rapport \u00e0 ce qui a \u00e9t\u00e9 fait ici. Tout a \u00e9t\u00e9 fait en concertation avec les acteurs, notamment les d\u00e9l\u00e9gu\u00e9s du march\u00e9, les commer\u00e7ants du march\u00e9. Maintenant c\u2019est un cadre que nous devrions asseoir dans le suivi afin que cette action men\u00e9e soit perp\u00e9tuelle\u00bb, a poursuivi l\u2019adjoint au gouverneur, qui s\u2019est exprim\u00e9 \u00e0 la fin de l\u2019op\u00e9ration. \u00abNous avons eu \u00e9cho qu\u2019une op\u00e9ration ant\u00e9rieure a enregistr\u00e9 18 tonnes d\u2019ordures. Nous comptons d\u00e9passer ce tonnage. Ce que nous avons vu en termes d\u2019ordures avec les autres communes va aller au-del\u00e0\u00bb, a encore not\u00e9 l\u2019adjoint administratif. En effet, avant cette op\u00e9ration de nettoyage d\u2019envergure qui s\u2019est d\u00e9doubl\u00e9e d\u2019un d\u00e9sengorgement des art\u00e8res de la ville \u00e9touff\u00e9e par des tables de petit commerce, plusieurs autres avaient eu cours mais avaient toutes failli dans le suivi. Sous le d\u00e9funt maire, Badara Mamaya S\u00e8ne, tout comme lors du magist\u00e8re de son successeur \u00e0 la t\u00eate de la ville, Daouda Niang, et aussi pour le nouveau venu, Dr Omar Ciss\u00e9, les gros moyens ont toujours \u00e9t\u00e9 mis \u00e0 contribution pour d\u00e9gager les principales voies du centre-ville o\u00f9 les vendeurs font la loi. A chaque fois, les tabliers sont revenus \u00e0 la charge pour occuper \u00e0 nouveau les espaces au grand dam des populations. \u00abL\u2019occupation anarchique de la voie publique a \u00e9t\u00e9 toujours une priorit\u00e9 pour les pouvoirs publics, plus particuli\u00e8rement les municipalit\u00e9s\u00bb, a fait comprendre Assane Diop, adjoint au maire de la ville. \u00abNous saluons cette initiative du pr\u00e9sident de la R\u00e9publique \u00e0 travers le Bessup setal organis\u00e9 par le minist\u00e8re de l\u2019Urbanisme (\u2026) Maintenant il faut un suivi et pour ce faire, il faudra n\u00e9cessairement se mobiliser et unir nos forces et maintenir la ville dans la propret\u00e9\u00bb, a relev\u00e9 l\u2019adjoint au maire Omar Ciss\u00e9.<\/p>\n\n\n\n<p><strong>abndiaye@lequotidien.sn<\/strong><\/p>\n","protected":false},"excerpt":{"rendered":"<p>byLequotidien&nbsp;5 d\u00e9cembre 2022&nbsp;0 Gr\u00e2ce \u00e0 la journ\u00e9e Bessup Setal, organis\u00e9e chaque mois dans une localit\u00e9, Rufisque a \u00e9t\u00e9 d\u00e9barrass\u00e9e de<\/p>\n","protected":false},"author":1,"featured_media":4311,"comment_status":"open","ping_status":"open","sticky":false,"template":"","format":"standard","meta":{"footnotes":""},"categories":[21],"tags":[],"class_list":["post-4310","post","type-post","status-publish","format-standard","has-post-thumbnail","hentry","category-societe"],"_links":{"self":[{"href":"https:\/\/dekkbi.com\/index.php?rest_route=\/wp\/v2\/posts\/4310","targetHints":{"allow":["GET"]}}],"collection":[{"href":"https:\/\/dekkbi.com\/index.php?rest_route=\/wp\/v2\/posts"}],"about":[{"href":"https:\/\/dekkbi.com\/index.php?rest_route=\/wp\/v2\/types\/post"}],"author":[{"embeddable":true,"href":"https:\/\/dekkbi.com\/index.php?rest_route=\/wp\/v2\/users\/1"}],"replies":[{"embeddable":true,"href":"https:\/\/dekkbi.com\/index.php?rest_route=%2Fwp%2Fv2%2Fcomments&post=4310"}],"version-history":[{"count":1,"href":"https:\/\/dekkbi.com\/index.php?rest_route=\/wp\/v2\/posts\/4310\/revisions"}],"predecessor-version":[{"id":4312,"href":"https:\/\/dekkbi.com\/index.php?rest_route=\/wp\/v2\/posts\/4310\/revisions\/4312"}],"wp:featuredmedia":[{"embeddable":true,"href":"https:\/\/dekkbi.com\/index.php?rest_route=\/wp\/v2\/media\/4311"}],"wp:attachment":[{"href":"https:\/\/dekkbi.com\/index.php?rest_route=%2Fwp%2Fv2%2Fmedia&parent=4310"}],"wp:term":[{"taxonomy":"category","embeddable":true,"href":"https:\/\/dekkbi.com\/index.php?rest_route=%2Fwp%2Fv2%2Fcategories&post=4310"},{"taxonomy":"post_tag","embeddable":true,"href":"https:\/\/dekkbi.com\/index.php?rest_route=%2Fwp%2Fv2%2Ftags&post=4310"}],"curies":[{"name":"wp","href":"https:\/\/api.w.org\/{rel}","templated":true}]}}