{"id":43093,"date":"2024-09-27T16:01:43","date_gmt":"2024-09-27T16:01:43","guid":{"rendered":"https:\/\/dekkbi.com\/?p=43093"},"modified":"2024-09-27T16:01:44","modified_gmt":"2024-09-27T16:01:44","slug":"alioune-tine-qualifie-de-cancer-lheritage-economique-de-macky-sall-et-en-appelle-aux-cancerologues","status":"publish","type":"post","link":"https:\/\/dekkbi.com\/?p=43093","title":{"rendered":"Alioune Tine qualifie de \u00abcancer\u00bb l\u2019h\u00e9ritage \u00e9conomique de Macky Sall et en appelle aux \u00abcanc\u00e9rologues\u00bb"},"content":{"rendered":"\n<p>Lors d\u2019une conf\u00e9rence de presse tenue le 26 septembre 2024, le gouvernement dirig\u00e9 par Ousmane Sonko a dress\u00e9 un bilan des premiers mois de son mandat. La rencontre a \u00e9t\u00e9 marqu\u00e9e par une d\u00e9nonciation des d\u00e9rives \u00e9conomiques et sociales h\u00e9rit\u00e9es du r\u00e9gime pr\u00e9c\u00e9dent, dirig\u00e9 par Macky Sall pendant 12 ans. Alioune Tine, fondateur du think tank AfrikaJom Center, a vivement r\u00e9agi \u00e0 ce constat via les r\u00e9seaux sociaux, critiquant fermement les pratiques \u00e9conomiques du r\u00e9gime sortant.<\/p>\n\n\n\n<p>Alioune Tine a soulign\u00e9 la profondeur de la crise financi\u00e8re dans laquelle se trouve le S\u00e9n\u00e9gal, qu\u2019il qualifie de \u00ab faille syst\u00e9mique \u00bb cr\u00e9\u00e9e par l\u2019administration de Macky Sall. Il a fustig\u00e9 la gestion catastrophique de l\u2019\u00e9conomie, d\u00e9crivant une communication alarmiste du gouvernement sur une situation qu\u2019il juge d\u00e9j\u00e0 dramatique. Selon lui, la conf\u00e9rence de presse a r\u00e9v\u00e9l\u00e9 au grand jour les tricheries et manipulations orchestr\u00e9es par les \u00e9lites de l\u2019administration financi\u00e8re sous le r\u00e9gime pr\u00e9c\u00e9dent, avec des preuves chiffr\u00e9es.<\/p>\n\n\n\n<p>La d\u00e9ception est palpable chez Alioune Tine, qui compare cette crise aux pires moments des ajustements structurels v\u00e9cus sous Abdou Diouf. Selon lui, la rh\u00e9torique du maquillage des chiffres, qui remonte \u00e0 cette p\u00e9riode, perdure aujourd\u2019hui. Les S\u00e9n\u00e9galais, en votant pour Sonko et son colistier Diomaye, ont clairement sanctionn\u00e9 cette mauvaise gestion en rejetant massivement ceux qu\u2019ils tiennent pour responsables.<\/p>\n\n\n\n<p>Pour Alioune Tine, l\u2019espoir repose d\u00e9sormais sur la capacit\u00e9 du nouveau pouvoir \u00e0 corriger les erreurs du pass\u00e9. Il exhorte le gouvernement \u00e0 faire de la rectification une priorit\u00e9 nationale, incarn\u00e9e par les principes de \u00ab Jub, Jubal, Jubanti \u00bb, termes signifiant l\u2019honn\u00eatet\u00e9 et la rigueur dans la soci\u00e9t\u00e9 s\u00e9n\u00e9galaise. Le nouveau pouvoir doit, selon lui, proposer une vision politique claire et ambitieuse, articul\u00e9e autour d\u2019une exploitation efficace des ressources naturelles du pays, notamment le gaz et le p\u00e9trole, afin de sortir le S\u00e9n\u00e9gal de la crise.<\/p>\n\n\n\n<p>La question de la reddition des comptes est \u00e9galement cruciale pour Alioune Tine, qui appelle \u00e0 un processus rigoureux et impartial, men\u00e9 par des institutions ind\u00e9pendantes telles que la Cour des comptes, l\u2019IGE ou l\u2019OFNAC. Pour lui, l\u2019ex\u00e9cutif doit \u00e9viter toute politisation de ce processus, surtout en p\u00e9riode \u00e9lectorale. Il insiste sur la n\u00e9cessit\u00e9 de juger tous ceux impliqu\u00e9s dans des crimes \u00e9conomiques, quel que soit leur statut ou appartenance politique, afin de restaurer la confiance dans les institutions et de pr\u00e9venir de nouvelles vagues de d\u00e9sillusion parmi la population, notamment chez les jeunes qui, selon lui, pr\u00e9f\u00e8rent fuir le pays que de vivre dans une soci\u00e9t\u00e9 gangr\u00e9n\u00e9e par l\u2019impunit\u00e9.<\/p>\n\n\n\n<p>Pour conclure, Alioune Tine avertit que ces crimes \u00e9conomiques non sanctionn\u00e9s constituent un v\u00e9ritable cancer pour la soci\u00e9t\u00e9 s\u00e9n\u00e9galaise. La solution, selon lui, r\u00e9side dans l\u2019intervention des experts comp\u00e9tents, les \u00ab canc\u00e9rologues \u00bb du syst\u00e8me, pour gu\u00e9rir le pays d\u2019une d\u00e9fiance g\u00e9n\u00e9ralis\u00e9e.<\/p>\n","protected":false},"excerpt":{"rendered":"<p>Lors d\u2019une conf\u00e9rence de presse tenue le 26 septembre 2024, le gouvernement dirig\u00e9 par Ousmane Sonko a dress\u00e9 un bilan<\/p>\n","protected":false},"author":1,"featured_media":40605,"comment_status":"open","ping_status":"open","sticky":false,"template":"","format":"standard","meta":{"footnotes":""},"categories":[21],"tags":[],"class_list":["post-43093","post","type-post","status-publish","format-standard","has-post-thumbnail","hentry","category-societe"],"_links":{"self":[{"href":"https:\/\/dekkbi.com\/index.php?rest_route=\/wp\/v2\/posts\/43093","targetHints":{"allow":["GET"]}}],"collection":[{"href":"https:\/\/dekkbi.com\/index.php?rest_route=\/wp\/v2\/posts"}],"about":[{"href":"https:\/\/dekkbi.com\/index.php?rest_route=\/wp\/v2\/types\/post"}],"author":[{"embeddable":true,"href":"https:\/\/dekkbi.com\/index.php?rest_route=\/wp\/v2\/users\/1"}],"replies":[{"embeddable":true,"href":"https:\/\/dekkbi.com\/index.php?rest_route=%2Fwp%2Fv2%2Fcomments&post=43093"}],"version-history":[{"count":1,"href":"https:\/\/dekkbi.com\/index.php?rest_route=\/wp\/v2\/posts\/43093\/revisions"}],"predecessor-version":[{"id":43094,"href":"https:\/\/dekkbi.com\/index.php?rest_route=\/wp\/v2\/posts\/43093\/revisions\/43094"}],"wp:featuredmedia":[{"embeddable":true,"href":"https:\/\/dekkbi.com\/index.php?rest_route=\/wp\/v2\/media\/40605"}],"wp:attachment":[{"href":"https:\/\/dekkbi.com\/index.php?rest_route=%2Fwp%2Fv2%2Fmedia&parent=43093"}],"wp:term":[{"taxonomy":"category","embeddable":true,"href":"https:\/\/dekkbi.com\/index.php?rest_route=%2Fwp%2Fv2%2Fcategories&post=43093"},{"taxonomy":"post_tag","embeddable":true,"href":"https:\/\/dekkbi.com\/index.php?rest_route=%2Fwp%2Fv2%2Ftags&post=43093"}],"curies":[{"name":"wp","href":"https:\/\/api.w.org\/{rel}","templated":true}]}}