{"id":4308,"date":"2022-12-05T10:18:25","date_gmt":"2022-12-05T10:18:25","guid":{"rendered":"https:\/\/dekkbi.com\/?p=4308"},"modified":"2022-12-05T10:18:27","modified_gmt":"2022-12-05T10:18:27","slug":"affaire-du-faux-infirmier-interpelle-a-samine-lancien-militaire-libere-avait-ouvert-sa-clinique-depuis-2014","status":"publish","type":"post","link":"https:\/\/dekkbi.com\/?p=4308","title":{"rendered":"Affaire du faux infirmier interpell\u00e9 \u00e0 Samine : L\u2019ancien militaire lib\u00e9r\u00e9 avait ouvert sa clinique depuis 2014"},"content":{"rendered":"\n<h3 class=\"wp-block-heading\">Interpell\u00e9 le 28 novembre dernier, aux environs de 18 h par les \u00e9l\u00e9ments de la brigade de gendarmerie de Samine, Y. Diatta avait ouvert sa clinique depuis huit ans. En sus de cela, il \u00e9tait un ancien militaire lib\u00e9r\u00e9. On en sait un peu plus sur l\u2019affaire du faux infirmier qui a \u00e9t\u00e9 interpell\u00e9 le 28 novembre dernier, par les \u00e9l\u00e9ments de la brigade de gendarmerie de Samine, dans la r\u00e9gion de S\u00e9dhiou. L\u2019arrestation a eu lieu plus exactement dans la communaut\u00e9 rurale de Yarang Ballante. \u00ab\u00a0EnQu\u00eate\u00a0\u00bb<\/h3>\n\n\n\n<p>Selon nos informations, le suspect, Y. Diatta, est toujours dans le r\u00e9gime de la garde-\u00e0-vue pour les besoins de l\u2019enqu\u00eate. D\u2019apr\u00e8s nos interlocuteurs, il est \u00e2g\u00e9 d\u2019une trentaine d\u2019ann\u00e9es. Il y a quelques ann\u00e9es, il a fait le service militaire. C\u2019est de l\u00e0 qu\u2019il a \u00e9t\u00e9 initi\u00e9 aux premiers soins, comme toute personne qui passe par la \u2018\u2019Grande muette\u2019\u2019.<\/p>\n\n\n\n<p>Quand il a \u00e9t\u00e9 lib\u00e9r\u00e9 pour des raisons que nos sources n\u2019ont pas voulu nous dire, il a pris go\u00fbt \u00e0 la m\u00e9decine. Ainsi, poursuivent nos informations, il est parvenu \u00e0 s\u2019\u00e9tablir de faux dipl\u00f4mes d\u2019infirmier dans le but d\u2019exercer cette profession et de se faire des sous. Des autorit\u00e9s administratives ayant eu vent de cela, ont essay\u00e9 de le ramener \u00e0 la raison, \u00e0 plusieurs raisons. \u00c0 chaque fois, il promettait d\u2019arr\u00eater sans jamais le faire. Puisque chaque chose a une fin, il a fini par \u00eatre cravat\u00e9, \u00e0 sa grande surprise, lundi dernier.<\/p>\n\n\n\n<p>L\u2019enqu\u00eate diligent\u00e9e par la gendarmerie de Samine, a permis de savoir qu\u2019il a ouvert une clinique, depuis 2014. Autrement dit, qu\u2019il exerce illicitement cette fonction depuis huit ans. L\u2019on nous signale aussi que dans le souci de tromper tout le monde, il est parvenu \u00e0 confectionner un dossier de faux dipl\u00f4mes pour se l\u00e9gitimer.<\/p>\n\n\n\n<p>Toutefois, \u00e0 ce stade de l\u2019enqu\u00eate, on ne conna\u00eet pas encore le nombre de patients consult\u00e9s, depuis lors, et s\u2019il a fait des victimes dans le cadre de l\u2019exercice de ce m\u00e9tier. Ce qui est s\u00fbr, aux yeux des enqu\u00eateurs, est que M. Diatta n\u2019a aucune qualification pour exercer le m\u00e9tier d\u2019infirmier.<\/p>\n\n\n\n<p>\u00c0 la limite, il constituait un danger public pour les populations de cette partie du Packao. Ayant eu l\u2019information qu\u2019un faux infirmier est dans leur secteur de comp\u00e9tence depuis un certain temps, les gendarmes de la brigade de Samine se sont mis \u00e0 ses trousses.<\/p>\n\n\n\n<p>Apr\u00e8s recoupements et investigations, ils sont parvenus \u00e0 mettre la main sur lui. La perquisition de sa maison o\u00f9 il exer\u00e7ait ill\u00e9galement la m\u00e9decine, renseignent nos sources, a permis aux hommes de l\u2019adjudant Gu\u00e8ye, le patron de la brigade de gendarmerie de Samine, de trouver un important lot de mat\u00e9riel m\u00e9dical.<\/p>\n\n\n\n<p>On peut citer, entre autres, deux blouses de protection jetables, 21 pinces, trois tensiom\u00e8tres, deux st\u00e9thoscopes, des blocs d&rsquo;ordonnance de 100 pages, deux registres de consultation, des thermoflashs et thermom\u00e8tres. D&rsquo;apr\u00e8s toujours nos sources, il sera pr\u00e9sent\u00e9 au parquet aujourd\u2019hui dans la journ\u00e9e, apr\u00e8s 96 heures de garde-\u00e0-vue. On lui reproche les faits de faux et usage de faux, d\u2019usurpation d&rsquo;identit\u00e9, d\u2019exercice ill\u00e9gal de la m\u00e9decine, de mis en danger de la vie d&rsquo;autrui.<\/p>\n\n\n\n<p><strong>EnQu\u00eate<\/strong><\/p>\n","protected":false},"excerpt":{"rendered":"<p>Interpell\u00e9 le 28 novembre dernier, aux environs de 18 h par les \u00e9l\u00e9ments de la brigade de gendarmerie de Samine,<\/p>\n","protected":false},"author":1,"featured_media":2054,"comment_status":"open","ping_status":"open","sticky":false,"template":"","format":"standard","meta":{"footnotes":""},"categories":[26],"tags":[],"class_list":["post-4308","post","type-post","status-publish","format-standard","has-post-thumbnail","hentry","category-fait-divers"],"_links":{"self":[{"href":"https:\/\/dekkbi.com\/index.php?rest_route=\/wp\/v2\/posts\/4308","targetHints":{"allow":["GET"]}}],"collection":[{"href":"https:\/\/dekkbi.com\/index.php?rest_route=\/wp\/v2\/posts"}],"about":[{"href":"https:\/\/dekkbi.com\/index.php?rest_route=\/wp\/v2\/types\/post"}],"author":[{"embeddable":true,"href":"https:\/\/dekkbi.com\/index.php?rest_route=\/wp\/v2\/users\/1"}],"replies":[{"embeddable":true,"href":"https:\/\/dekkbi.com\/index.php?rest_route=%2Fwp%2Fv2%2Fcomments&post=4308"}],"version-history":[{"count":1,"href":"https:\/\/dekkbi.com\/index.php?rest_route=\/wp\/v2\/posts\/4308\/revisions"}],"predecessor-version":[{"id":4309,"href":"https:\/\/dekkbi.com\/index.php?rest_route=\/wp\/v2\/posts\/4308\/revisions\/4309"}],"wp:featuredmedia":[{"embeddable":true,"href":"https:\/\/dekkbi.com\/index.php?rest_route=\/wp\/v2\/media\/2054"}],"wp:attachment":[{"href":"https:\/\/dekkbi.com\/index.php?rest_route=%2Fwp%2Fv2%2Fmedia&parent=4308"}],"wp:term":[{"taxonomy":"category","embeddable":true,"href":"https:\/\/dekkbi.com\/index.php?rest_route=%2Fwp%2Fv2%2Fcategories&post=4308"},{"taxonomy":"post_tag","embeddable":true,"href":"https:\/\/dekkbi.com\/index.php?rest_route=%2Fwp%2Fv2%2Ftags&post=4308"}],"curies":[{"name":"wp","href":"https:\/\/api.w.org\/{rel}","templated":true}]}}