{"id":43078,"date":"2024-09-27T15:28:43","date_gmt":"2024-09-27T15:28:43","guid":{"rendered":"https:\/\/dekkbi.com\/?p=43078"},"modified":"2024-09-27T15:28:44","modified_gmt":"2024-09-27T15:28:44","slug":"des-migrants-rapatries-de-libye-racontent-leurs-deboires","status":"publish","type":"post","link":"https:\/\/dekkbi.com\/?p=43078","title":{"rendered":"Des migrants rapatri\u00e9s de Libye racontent leurs d\u00e9boires"},"content":{"rendered":"\n<p>Dakar, (APS) \u2013 Des S\u00e9n\u00e9galais rapatri\u00e9s de Lybie, jeudi soir, ont racont\u00e9 leurs d\u00e9boires dans ce pays en proie \u00e0 la guerre depuis 2011, o\u00f9 la situation devient de plus en plus en difficile pour les migrants en transit dans l\u2019espoir de rallier l\u2019Europe.<\/p>\n\n\n\n<p>\u201dJe ne peux pas vous dire \u00e0 quel point le p\u00e9riple en Libye a \u00e9t\u00e9 difficile. J\u2019ai quitt\u00e9 la prison \u00e0 minuit, encore habill\u00e9 de mon uniforme de d\u00e9tenu, pour aller rencontrer\u201d le Secr\u00e9taire d\u2019Etat aux S\u00e9n\u00e9galais de l\u2019ext\u00e9rieur alors en visite sur place, a confi\u00e9 Yoro Bald\u00e9, qui a \u00e9voqu\u00e9 une exp\u00e9rience traumatisante en d\u00e9tention.<\/p>\n\n\n\n<p>\u201dAujourd\u2019hui, nous sommes tr\u00e8s fiers de revoir les lumi\u00e8res du S\u00e9n\u00e9gal\u201d, a-t-il ajout\u00e9, remerciant les autorit\u00e9s de l\u2019avoir aid\u00e9, avec l\u2019appui de l\u2019OIM, \u00e0 regagner son pays.<\/p>\n\n\n\n<p>Yoro Bald\u00e9, la trentaine, originaire de Kolda, a d\u00e9crit les conditions de vie pr\u00e9caires en Libye, o\u00f9 il a \u00e9t\u00e9 t\u00e9moin de la souffrance de nombreux compatriotes. \u2018\u2019J\u2019ai vu des gens, la nuit, attach\u00e9s avec des fils de fer. J\u2019ai pu m\u2019\u00e9chapper. Depuis lors, je n\u2019ai plus pu retourner dans ma demeure en Libye\u201d, a-t-il racont\u00e9, en montrant ses poignets marqu\u00e9s par des blessures.<\/p>\n\n\n\n<p>Bald\u00e9 dit avoir a \u00e9t\u00e9 arr\u00eat\u00e9 \u00e0 cinq reprises.<\/p>\n\n\n\n<p>Sa famille, inqui\u00e8te, lui a demand\u00e9 de rentrer apr\u00e8s plus de dix ans dans le p\u00e9riple migratoire. \u2018\u2019M\u00eame sans ramener d\u2019argent, il fallait que je rentre\u201d\u2019, a-t-il confi\u00e9, ajoutant que le d\u00e9c\u00e8s de son p\u00e8re l\u2019ann\u00e9e pr\u00e9c\u00e9dente l\u2019avait aussi motiv\u00e9 \u00e0 regagner le S\u00e9n\u00e9gal.<\/p>\n\n\n\n<p>Selon lui, \u201dentrer en Libye est un probl\u00e8me, en sortir en est \u00e9galement un autre\u2019\u2019, a-t-il dit, soulignant que beaucoup de candidats \u00e0 l\u2019\u00e9migration ignorent les dangers qu\u2019ils encourent en voulant traverser la Libye pour rejoindre l\u2019Occident.<\/p>\n\n\n\n<p>Mor Talla Sarr, originaire de Touba, visiblement \u00e9puis\u00e9, a appel\u00e9 le gouvernement s\u00e9n\u00e9galais \u00e0 renforcer son soutien envers les compatriotes encore bloqu\u00e9s en Libye.<\/p>\n\n\n\n<p>\u201d\u2019J\u2019ai rencontr\u00e9 des S\u00e9n\u00e9galais dans des situations de souffrance extr\u00eame dans les prisons libyennes. L\u00e0-bas, seule la mort ou le paiement d\u2019une ran\u00e7on de 500 000 francs CFA te permet de sortir\u201d, a-t-il d\u00e9clar\u00e9. Mor qui a d\u00fb payer pour recouvrer la libert\u00e9 s\u2019est engag\u00e9 \u00e0 aider d\u2019autres S\u00e9n\u00e9galais \u00e0 retourner au pays, malgr\u00e9 les difficult\u00e9s administratives.<\/p>\n\n\n\n<p>Il a lanc\u00e9 un appel au pr\u00e9sident de la R\u00e9publique, Bassirou Diomaye Faye, l\u2019invitant \u00e0 acc\u00e9l\u00e9rer les efforts d\u2019aide et d\u2019int\u00e9gration des S\u00e9n\u00e9galais de retour. Selon lui, l\u2019Etat doit offrir&nbsp;des opportunit\u00e9s de travail afin de dissuader les d\u00e9parts \u00e0 l\u2019\u00e9tranger \u00e0 la recherche de meilleures conditions de vie. \u2018La paix que nous avons ici au S\u00e9n\u00e9gal, on ne la trouve nulle part ailleurs\u201d, a t-il dit.<\/p>\n\n\n\n<p>Il estime que \u201dpour d\u00e9velopper le S\u00e9n\u00e9gal, il faut l\u2019implication de la jeunesse, une jeunesse travailleuse\u201d.<\/p>\n","protected":false},"excerpt":{"rendered":"<p>Dakar, (APS) \u2013 Des S\u00e9n\u00e9galais rapatri\u00e9s de Lybie, jeudi soir, ont racont\u00e9 leurs d\u00e9boires dans ce pays en proie \u00e0<\/p>\n","protected":false},"author":1,"featured_media":43079,"comment_status":"open","ping_status":"open","sticky":false,"template":"","format":"standard","meta":{"footnotes":""},"categories":[26],"tags":[],"class_list":["post-43078","post","type-post","status-publish","format-standard","has-post-thumbnail","hentry","category-fait-divers"],"_links":{"self":[{"href":"https:\/\/dekkbi.com\/index.php?rest_route=\/wp\/v2\/posts\/43078","targetHints":{"allow":["GET"]}}],"collection":[{"href":"https:\/\/dekkbi.com\/index.php?rest_route=\/wp\/v2\/posts"}],"about":[{"href":"https:\/\/dekkbi.com\/index.php?rest_route=\/wp\/v2\/types\/post"}],"author":[{"embeddable":true,"href":"https:\/\/dekkbi.com\/index.php?rest_route=\/wp\/v2\/users\/1"}],"replies":[{"embeddable":true,"href":"https:\/\/dekkbi.com\/index.php?rest_route=%2Fwp%2Fv2%2Fcomments&post=43078"}],"version-history":[{"count":1,"href":"https:\/\/dekkbi.com\/index.php?rest_route=\/wp\/v2\/posts\/43078\/revisions"}],"predecessor-version":[{"id":43080,"href":"https:\/\/dekkbi.com\/index.php?rest_route=\/wp\/v2\/posts\/43078\/revisions\/43080"}],"wp:featuredmedia":[{"embeddable":true,"href":"https:\/\/dekkbi.com\/index.php?rest_route=\/wp\/v2\/media\/43079"}],"wp:attachment":[{"href":"https:\/\/dekkbi.com\/index.php?rest_route=%2Fwp%2Fv2%2Fmedia&parent=43078"}],"wp:term":[{"taxonomy":"category","embeddable":true,"href":"https:\/\/dekkbi.com\/index.php?rest_route=%2Fwp%2Fv2%2Fcategories&post=43078"},{"taxonomy":"post_tag","embeddable":true,"href":"https:\/\/dekkbi.com\/index.php?rest_route=%2Fwp%2Fv2%2Ftags&post=43078"}],"curies":[{"name":"wp","href":"https:\/\/api.w.org\/{rel}","templated":true}]}}