{"id":43068,"date":"2024-09-27T15:19:51","date_gmt":"2024-09-27T15:19:51","guid":{"rendered":"https:\/\/dekkbi.com\/?p=43068"},"modified":"2024-09-27T15:19:52","modified_gmt":"2024-09-27T15:19:52","slug":"le-premier-ministre-sonko-plaide-pour-lelargissement-de-lasecna-a-dautres-pays-africains","status":"publish","type":"post","link":"https:\/\/dekkbi.com\/?p=43068","title":{"rendered":"Le Premier ministre Sonko plaide pour \u201dl\u2019\u00e9largissement\u201d de l\u2019ASECNA \u00e0 d\u2019autres pays africains"},"content":{"rendered":"\n<p>Dakar, (APS) \u2013 Le Premier ministre s\u00e9n\u00e9galais, Ousmane Sonko, a plaid\u00e9, vendredi \u00e0 Dakar, pour \u201dl\u2019\u00e9largissement\u201d de l\u2019Agence pour la s\u00e9curit\u00e9 de la navigation a\u00e9rienne en Afrique et \u00e0 Madagascar (ASECNA) \u00e0 d\u2019autres Etats du continent, estimant qu\u2019elle repr\u00e9sente \u201dun instrument d\u2019int\u00e9gration majeur\u201d.<\/p>\n\n\n\n<p>\u2018\u2019Nous devons tous continuer d\u2019\u0153uvrer \u00e0 son [ASECNA] \u00e9largissement \u00e0 d\u2019autres Etats africains. 19 Etats, c\u2019est d\u00e9j\u00e0 bien, bient\u00f4t certainement un vingti\u00e8me, mais nous consid\u00e9rons que l\u2019ensemble des Etats africains devraient et pourraient faire partie de l\u2019ASECNA\u201d, a-t-il d\u00e9clar\u00e9.<\/p>\n\n\n\n<p>Ousmane Sonko s\u2019exprimait \u00e0 la c\u00e9r\u00e9monie d\u2019ouverture de la 74<sup>e<\/sup>&nbsp;session du comit\u00e9 des ministres de l\u2019Agence pour la s\u00e9curit\u00e9 de la navigation a\u00e9rienne en Afrique et \u00e0 Madagascar (ASECNA).<\/p>\n\n\n\n<p>Selon lui, \u2018l\u2019ASECNA est non seulement un instrument d\u2019int\u00e9gration majeur, mais aussi et surtout le bras technique des Etats pour un d\u00e9veloppement harmonieux du secteur des transports a\u00e9riens\u201d.<\/p>\n\n\n\n<p>\u201dLa solidarit\u00e9 sur laquelle a \u00e9t\u00e9 b\u00e2tie l\u2019ASECNA au fil des ann\u00e9es s\u2019est renforc\u00e9e\u201d, lui permettant de devenir \u2018\u2019un centre d\u2019excellence mondialement reconnu\u2019\u2019, a t-il salu\u00e9.<\/p>\n\n\n\n<p>Pour Ousmane Sonko, \u2018\u2019l\u2019ASECNA a surtout su s\u2019adapter \u00e0 l\u2019\u00e9volution tr\u00e8s rapide dans le domaine de l\u2019aviation civile\u201d, ce qui a permis \u00e0 l\u201d\u2019institution communautaire\u201d d\u2019\u00eatre \u201d\u00e0 la pointe de la technologie dans tous les domaines\u201d.<\/p>\n\n\n\n<p>Toutefois, rel\u00e8ve-t-il, \u2018\u2019elle aura besoin aujourd\u2019hui&nbsp;plus qu\u2019hier de cette capacit\u00e9 d\u2019adaptation au regard des profondes mutations qui se profilent&nbsp;dans le futur\u2019\u2019.<\/p>\n\n\n\n<p>Estimant que \u201dles progr\u00e8s r\u00e9alis\u00e9s ont \u00e9t\u00e9 facilit\u00e9s par l\u2019existence d\u2019un atout majeur pour tous nos pays dans le domaine du transport a\u00e9rien\u201d, M. Sonko a soulign\u00e9 que \u201dcet atout s\u2019appelle ASECNA, qui est un formidable outil de coop\u00e9ration cr\u00e9\u00e9 il y a 65 ans, \u00e0 260 kilom\u00e8tres d\u2019ici, \u00e0 Saint-Louis du S\u00e9n\u00e9gal\u201d.<\/p>\n\n\n\n<p>Organisme r\u00e9gional d\u00e9di\u00e9 \u00e0 la gestion coop\u00e9rative des espaces a\u00e9riens et \u00e0 la fourniture des services de s\u00e9curit\u00e9 de la navigation a\u00e9rienne, l\u2019ASECNA compte aujourd\u2019hui 18 pays africains (B\u00e9nin, Burkina, Cameroun, Centrafrique, Congo, C\u00f4te d\u2019Ivoire, Gabon, Guin\u00e9e Bissau, Guin\u00e9e Equatoriale, Madagascar, Mali, Mauritanie, Niger, Rwanda, S\u00e9n\u00e9gal, Tchad, Togo, Union des Comores), plus la France.<\/p>\n\n\n\n<p>CS\/OID\/ASG<\/p>\n","protected":false},"excerpt":{"rendered":"<p>Dakar, (APS) \u2013 Le Premier ministre s\u00e9n\u00e9galais, Ousmane Sonko, a plaid\u00e9, vendredi \u00e0 Dakar, pour \u201dl\u2019\u00e9largissement\u201d de l\u2019Agence pour la<\/p>\n","protected":false},"author":1,"featured_media":43069,"comment_status":"open","ping_status":"open","sticky":false,"template":"","format":"standard","meta":{"footnotes":""},"categories":[3],"tags":[],"class_list":["post-43068","post","type-post","status-publish","format-standard","has-post-thumbnail","hentry","category-event-more-news"],"_links":{"self":[{"href":"https:\/\/dekkbi.com\/index.php?rest_route=\/wp\/v2\/posts\/43068","targetHints":{"allow":["GET"]}}],"collection":[{"href":"https:\/\/dekkbi.com\/index.php?rest_route=\/wp\/v2\/posts"}],"about":[{"href":"https:\/\/dekkbi.com\/index.php?rest_route=\/wp\/v2\/types\/post"}],"author":[{"embeddable":true,"href":"https:\/\/dekkbi.com\/index.php?rest_route=\/wp\/v2\/users\/1"}],"replies":[{"embeddable":true,"href":"https:\/\/dekkbi.com\/index.php?rest_route=%2Fwp%2Fv2%2Fcomments&post=43068"}],"version-history":[{"count":1,"href":"https:\/\/dekkbi.com\/index.php?rest_route=\/wp\/v2\/posts\/43068\/revisions"}],"predecessor-version":[{"id":43070,"href":"https:\/\/dekkbi.com\/index.php?rest_route=\/wp\/v2\/posts\/43068\/revisions\/43070"}],"wp:featuredmedia":[{"embeddable":true,"href":"https:\/\/dekkbi.com\/index.php?rest_route=\/wp\/v2\/media\/43069"}],"wp:attachment":[{"href":"https:\/\/dekkbi.com\/index.php?rest_route=%2Fwp%2Fv2%2Fmedia&parent=43068"}],"wp:term":[{"taxonomy":"category","embeddable":true,"href":"https:\/\/dekkbi.com\/index.php?rest_route=%2Fwp%2Fv2%2Fcategories&post=43068"},{"taxonomy":"post_tag","embeddable":true,"href":"https:\/\/dekkbi.com\/index.php?rest_route=%2Fwp%2Fv2%2Ftags&post=43068"}],"curies":[{"name":"wp","href":"https:\/\/api.w.org\/{rel}","templated":true}]}}