{"id":43065,"date":"2024-09-27T15:15:23","date_gmt":"2024-09-27T15:15:23","guid":{"rendered":"https:\/\/dekkbi.com\/?p=43065"},"modified":"2024-09-27T15:15:23","modified_gmt":"2024-09-27T15:15:23","slug":"legislatives-anticipees-dethie-fall-explique-son-choix-dintegrer-la-coalition-samm-sa-kadu","status":"publish","type":"post","link":"https:\/\/dekkbi.com\/?p=43065","title":{"rendered":"L\u00e9gislatives anticip\u00e9es\u00a0: D\u00e9thi\u00e9 Fall explique son choix d\u2019int\u00e9grer la coalition Samm Sa Kadu"},"content":{"rendered":"\n<p>Dakar, 27 sept (APS) \u2013 Le pr\u00e9sident du Parti r\u00e9publicain pour le progr\u00e8s (PRP), D\u00e9thi\u00e9 Fall, a d\u00e9clar\u00e9 vendredi avoir entrepris d\u2019int\u00e9grer \u201cSam Sa Kadu\u201d, une coalition de l\u2019opposition, apr\u00e8s \u00eatre rest\u00e9 six mois sans avoir de contacts avec les tenants du nouveau pouvoir.<\/p>\n\n\n\n<p>\u2018\u2019Il est \u00e9vident que ces six derniers mois, je n\u2019ai pas eu de contacts ni avec le Premier ministre, Ousmane Sonko ni avec le pr\u00e9sident Bassirou Diomaye Faye et je comprends qu\u2019ils ont de hautes responsabilit\u00e9s\u2019\u2019, a-t-il avanc\u00e9.<\/p>\n\n\n\n<p>D\u00e9thi\u00e9 Fall, qui s\u2019est illustr\u00e9 par son opposition farouche au r\u00e9gime de Macky Sall dit n\u2019avoir \u2018\u2019aucun probl\u00e8me avec le nouveau r\u00e9gime\u2019\u2019.<\/p>\n\n\n\n<p>Il consid\u00e8re que l\u2019absence de contacts avec ses anciens alli\u00e9s a d\u00e9termin\u00e9 son choix de former la coalition \u201cSamm Sa Kadu\u201d avec d\u2019autres formations et entit\u00e9s politiques de l\u2019opposition.<\/p>\n\n\n\n<p>\u2018\u2019A l\u2019approche de la constitution des coalitions pour les l\u00e9gislatives, les contacts (avec Pastef) n\u2019ont pas exist\u00e9, les tentatives n\u2019ont pas abouties et (\u2026) nous avons naturellement travaill\u00e9 \u00e0 faire une jonction avec d\u2019autres camarades qui \u00e9taient d\u00e9j\u00e0 ensemble pour voir comment avoir une liste\u2019\u2019, s\u2019est d\u00e9fendu l\u2019ancien parlementaire.<\/p>\n\n\n\n<p>Selon lui, cette d\u00e9march\u00e9 entre dans le cadre d\u2019une alliance \u00e9lectorale devant offrir une tribune pour d\u00e9fendre les pr\u00e9occupations des S\u00e9n\u00e9galais.<\/p>\n\n\n\n<p>\u2018\u2019Il n\u2019y a aucune envie de faire mal, aucune envie de faire sombrer le travail de qui que ce soit. Nous avons entrepris cette d\u00e9marche uniquement pour avoir cette repr\u00e9sentation et avoir la possibilit\u00e9 de donner notre point de vue \u00e0 l\u2019Assembl\u00e9e nationale\u2019\u2019, a tenu \u00e0 faire savoir D\u00e9thi\u00e9 Fall.<\/p>\n\n\n\n<p>FD\/AKS<\/p>\n","protected":false},"excerpt":{"rendered":"<p>Dakar, 27 sept (APS) \u2013 Le pr\u00e9sident du Parti r\u00e9publicain pour le progr\u00e8s (PRP), D\u00e9thi\u00e9 Fall, a d\u00e9clar\u00e9 vendredi avoir<\/p>\n","protected":false},"author":1,"featured_media":43066,"comment_status":"open","ping_status":"open","sticky":false,"template":"","format":"standard","meta":{"footnotes":""},"categories":[21],"tags":[],"class_list":["post-43065","post","type-post","status-publish","format-standard","has-post-thumbnail","hentry","category-societe"],"_links":{"self":[{"href":"https:\/\/dekkbi.com\/index.php?rest_route=\/wp\/v2\/posts\/43065","targetHints":{"allow":["GET"]}}],"collection":[{"href":"https:\/\/dekkbi.com\/index.php?rest_route=\/wp\/v2\/posts"}],"about":[{"href":"https:\/\/dekkbi.com\/index.php?rest_route=\/wp\/v2\/types\/post"}],"author":[{"embeddable":true,"href":"https:\/\/dekkbi.com\/index.php?rest_route=\/wp\/v2\/users\/1"}],"replies":[{"embeddable":true,"href":"https:\/\/dekkbi.com\/index.php?rest_route=%2Fwp%2Fv2%2Fcomments&post=43065"}],"version-history":[{"count":1,"href":"https:\/\/dekkbi.com\/index.php?rest_route=\/wp\/v2\/posts\/43065\/revisions"}],"predecessor-version":[{"id":43067,"href":"https:\/\/dekkbi.com\/index.php?rest_route=\/wp\/v2\/posts\/43065\/revisions\/43067"}],"wp:featuredmedia":[{"embeddable":true,"href":"https:\/\/dekkbi.com\/index.php?rest_route=\/wp\/v2\/media\/43066"}],"wp:attachment":[{"href":"https:\/\/dekkbi.com\/index.php?rest_route=%2Fwp%2Fv2%2Fmedia&parent=43065"}],"wp:term":[{"taxonomy":"category","embeddable":true,"href":"https:\/\/dekkbi.com\/index.php?rest_route=%2Fwp%2Fv2%2Fcategories&post=43065"},{"taxonomy":"post_tag","embeddable":true,"href":"https:\/\/dekkbi.com\/index.php?rest_route=%2Fwp%2Fv2%2Ftags&post=43065"}],"curies":[{"name":"wp","href":"https:\/\/api.w.org\/{rel}","templated":true}]}}