{"id":43059,"date":"2024-09-27T10:44:29","date_gmt":"2024-09-27T10:44:29","guid":{"rendered":"https:\/\/dekkbi.com\/?p=43059"},"modified":"2024-09-27T16:11:24","modified_gmt":"2024-09-27T16:11:24","slug":"perturbation-du-ter-trafic-limite-entre-dakar-et-yeumbeul-apres-de-fortes-pluies","status":"publish","type":"post","link":"https:\/\/dekkbi.com\/?p=43059","title":{"rendered":"TER : trafic limit\u00e9 entre Dakar et Yeumbeul apr\u00e8s de fortes pluies"},"content":{"rendered":"\n<p>Les fortes pluies de la nuit du mercredi 25 et la matin\u00e9e du jeudi 26 septembre 2024, n\u2019ont pas caus\u00e9 de dommages qu\u2019aux usagers de la route. Le chemin de fer, avec le Train express r\u00e9gional (TER) \u00e9galement en a fait les frais, entrainant une perturbation de ses services pour les usagers. En effet, dans une note, la Soci\u00e9t\u00e9 d\u2019exploitation du TER (SETER) a annonc\u00e9, en raison des fortes pluies tomb\u00e9es la nuit du mercredi dernier, la perturbation du service des trains, hier jeudi.<\/p>\n\n\n\n<p>La zone De Rufisque et environs \u00e9tant inond\u00e9e, la SETER, qui g\u00e8re le TER, a eu recours \u00e0 des restrictions, informant que les trains circuleront uniquement entre Dakar et Yeumbeul, avec un passage toutes les 20 minutes, au lieu des 10 habituelles.&nbsp;<em>\u00abA<\/em><em>&nbsp;compter de ce jour, le service sera limit\u00e9 au tron\u00e7on reliant les gares de Dakar et Yeumbeul, avec une fr\u00e9quence de passage toutes les 20 minutes\u00bb<\/em>, lit-on dans le texte de Direction g\u00e9n\u00e9rale de la SENTER.<\/p>\n\n\n\n<p>D\u00e8s lors, aucun train ne roulera entre Yeumbeul, Rufisque et Diamniadio, au grand dam de milliers d\u2019usagers de Thi\u00e8s, S\u00e9bikotane, Ngu\u00e9khok, Mbour et environnants qui, notamment les v\u00e9hicul\u00e9s, pr\u00e9f\u00e8rent prendre le TER \u00e0 partir de Diamniadio pour regagner le Centre-ville ou au travail. Toutefois, assure-t-on, des \u00e9quipes sont mobilis\u00e9es pour r\u00e9tablir la situation au plus vite. En attendant la reprise totale du trafic, les voyageurs sont invit\u00e9s \u00e0 prendre leurs dispositions et \u00e0 suivre les annonces officielles pour \u00eatre inform\u00e9s des \u00e9volutions.<\/p>\n\n\n\n<p><strong>ID<\/strong><br>SUDQUOTIDIEN<\/p>\n","protected":false},"excerpt":{"rendered":"<p>Les fortes pluies de la nuit du mercredi 25 et la matin\u00e9e du jeudi 26 septembre 2024, n\u2019ont pas caus\u00e9<\/p>\n","protected":false},"author":1,"featured_media":35752,"comment_status":"open","ping_status":"open","sticky":false,"template":"","format":"standard","meta":{"footnotes":""},"categories":[26],"tags":[],"class_list":["post-43059","post","type-post","status-publish","format-standard","has-post-thumbnail","hentry","category-fait-divers"],"_links":{"self":[{"href":"https:\/\/dekkbi.com\/index.php?rest_route=\/wp\/v2\/posts\/43059","targetHints":{"allow":["GET"]}}],"collection":[{"href":"https:\/\/dekkbi.com\/index.php?rest_route=\/wp\/v2\/posts"}],"about":[{"href":"https:\/\/dekkbi.com\/index.php?rest_route=\/wp\/v2\/types\/post"}],"author":[{"embeddable":true,"href":"https:\/\/dekkbi.com\/index.php?rest_route=\/wp\/v2\/users\/1"}],"replies":[{"embeddable":true,"href":"https:\/\/dekkbi.com\/index.php?rest_route=%2Fwp%2Fv2%2Fcomments&post=43059"}],"version-history":[{"count":2,"href":"https:\/\/dekkbi.com\/index.php?rest_route=\/wp\/v2\/posts\/43059\/revisions"}],"predecessor-version":[{"id":43103,"href":"https:\/\/dekkbi.com\/index.php?rest_route=\/wp\/v2\/posts\/43059\/revisions\/43103"}],"wp:featuredmedia":[{"embeddable":true,"href":"https:\/\/dekkbi.com\/index.php?rest_route=\/wp\/v2\/media\/35752"}],"wp:attachment":[{"href":"https:\/\/dekkbi.com\/index.php?rest_route=%2Fwp%2Fv2%2Fmedia&parent=43059"}],"wp:term":[{"taxonomy":"category","embeddable":true,"href":"https:\/\/dekkbi.com\/index.php?rest_route=%2Fwp%2Fv2%2Fcategories&post=43059"},{"taxonomy":"post_tag","embeddable":true,"href":"https:\/\/dekkbi.com\/index.php?rest_route=%2Fwp%2Fv2%2Ftags&post=43059"}],"curies":[{"name":"wp","href":"https:\/\/api.w.org\/{rel}","templated":true}]}}