{"id":43031,"date":"2024-09-26T14:56:10","date_gmt":"2024-09-26T14:56:10","guid":{"rendered":"https:\/\/dekkbi.com\/?p=43031"},"modified":"2024-09-26T14:56:11","modified_gmt":"2024-09-26T14:56:11","slug":"foot-raphael-varane-avance-lage-de-la-retraite","status":"publish","type":"post","link":"https:\/\/dekkbi.com\/?p=43031","title":{"rendered":"Foot: Rapha\u00ebl Varane avance l&rsquo;\u00e2ge de la retraite"},"content":{"rendered":"\n<p>La retraite \u00e0 31 ans pour les footballeurs internationaux lessiv\u00e9s, c&rsquo;est le programme de Rapha\u00ebl Varane, champion du monde 2018 qui raccroche les crampons au moment m\u00eame o\u00f9 les voix des joueurs s&rsquo;\u00e9l\u00e8vent contre un calendrier trop charg\u00e9.<\/p>\n\n\n\n<p>Le foot \u00ab\u00a0au plus haut niveau (&#8230;) met \u00e0 l&rsquo;\u00e9preuve tous les degr\u00e9s de votre corps et de votre esprit\u00a0\u00bb, a \u00e9crit le joueur aux 93 s\u00e9lections en \u00e9quipe de France (5 buts) au moment d&rsquo;annoncer sa \u00ab\u00a0retraite de ce jeu que nous aimons tous\u00a0\u00bb.<\/p>\n\n\n\n<p>Le d\u00e9fenseur central n&rsquo;a disput\u00e9 qu&rsquo;un d\u00e9but de match avec le club italien de C\u00f4me, qu&rsquo;il avait rejoint cet \u00e9t\u00e9, avant de sortir bless\u00e9. Il pr\u00e9f\u00e8re retenir qu&rsquo;il s&rsquo;en va comme un prince, sur un \u00ab\u00a0dernier match o\u00f9 j&rsquo;ai remport\u00e9 un troph\u00e9e \u00e0 Wembley\u00a0\u00bb, la prestigieuse \u00ab\u00a0Cup\u00a0\u00bb, le plus vieux tournoi du foot du monde dans le temple londonien, avec Manchester United.<\/p>\n\n\n\n<p>Pour arr\u00eater en pleine gloire, \u00ab\u00a0il faut une bonne dose de courage pour \u00e9couter votre c\u0153ur et votre instinct\u00a0\u00bb, ajoute Varane. Mais il faut aussi une bonne dose de fatigue. Le capitaine des Bleus \u00e0 20 reprises avait d\u00e9j\u00e0 pris une pr\u00e9coce retraite internationale apr\u00e8s la finale de la Coupe du monde perdue contre l&rsquo;Argentine (3-3, 4 t.a.b. \u00e0 2) en 2022.<\/p>\n\n\n\n<p>\u00ab\u00a0Le haut niveau est comme une machine \u00e0 laver, vous jouez tout le temps et ne vous arr\u00eatez jamais\u00a0\u00bb, expliquait-il au moment de remiser le maillot frapp\u00e9 du coq, \u00e0 seulement 29 ans.<\/p>\n\n\n\n<h2 class=\"wp-block-heading\">\u00ab\u00a0Le footballeur avale l&rsquo;homme\u00a0\u00bb<\/h2>\n\n\n\n<p>\u00ab\u00a0Nous avons des emplois du temps surcharg\u00e9s et nous jouons non-stop. En ce moment j&rsquo;ai l&rsquo;impression d&rsquo;\u00e9touffer et que le footballeur avale l&rsquo;homme\u00a0\u00bb, soupirait-il.<\/p>\n\n\n\n<p>Le m\u00e9decin de la Fifpro, le syndicat des joueurs, Vincent Gouttebarge, comprend le choix de Varane, \u00e9rod\u00e9 \u00ab\u00a0surtout au niveau \u00e9motionnel et mental et cognitif\u00a0\u00bb par \u00ab\u00a0une carri\u00e8re commenc\u00e9e \u00e0 14 ans en centre de formation\u00a0\u00bb \u00e0 Lens, \u00ab\u00a0jusqu&rsquo;\u00e0 31 ans dans des clubs de foot de l&rsquo;\u00e9lite (Real Madrid, Man Utd) et en \u00e9quipe nationale. Forc\u00e9ment, \u00e7a use. Physiquement, les articulations ne s&rsquo;arrangent pas lors d&rsquo;une carri\u00e8re dans le sport de haut niveau\u00a0\u00bb.<\/p>\n\n\n\n<p>Son annonce surprise vient strier un ciel d\u00e9j\u00e0 lourd apr\u00e8s les blessures longues dur\u00e9es de joueurs majeurs comme Rodri ou Ter Stegen et l&rsquo;hypoth\u00e8se d&rsquo;une gr\u00e8ve des joueurs, \u00e9voqu\u00e9e par Jules Kound\u00e9.<\/p>\n\n\n\n<p>Star de l&rsquo;Espagne et de Manchester City, Rodri s&rsquo;est gravement bless\u00e9 \u00e0 un genou &#8211; son club l&rsquo;a confirm\u00e9 mercredi &#8211; quelques jours avoir tonn\u00e9 en conf\u00e9rence de presse contre le calendrier.<\/p>\n\n\n\n<p>\u00ab\u00a0Nous devons prendre soin de nous, nous sommes les personnages principaux de ce sport, ou de ce business, peu importe comment vous l&rsquo;appelez\u00a0\u00bb, pestait Rodri.<\/p>\n\n\n\n<p>Selon une \u00e9tude men\u00e9e par la Fifpro sur la saison 2023-2024, 30% des joueurs ont manqu\u00e9 au moins six matches d&rsquo;affil\u00e9e en raisons de blessures.<\/p>\n\n\n\n<h2 class=\"wp-block-heading\">\u00ab\u00a0Nombre croissant de matches\u00a0\u00bb<\/h2>\n\n\n\n<p>Elle cite \u00e9galement comme excessifs les 162.978 km parcourus en 12 mois par Cristian Romero, les 75 matches d&rsquo;un autre international argentin Julian Alvarez ou le fait que Takumi Minamino a d\u00fb jouer avec Monaco 24 heures apr\u00e8s l&rsquo;\u00e9limination du Japon en Coupe d&rsquo;Asie, en f\u00e9vrier.<\/p>\n\n\n\n<p>Il y a \u00ab\u00a0un nombre croissant de comp\u00e9titions et de matches par comp\u00e9tition\u00a0\u00bb, note le docteur Gouttebarge. \u00ab\u00a0Notre avis est le m\u00eame que celui des joueurs qui se sont exprim\u00e9s ces derniers temps: \u00e7a commence \u00e0 faire beaucoup\u00a0\u00bb.<\/p>\n\n\n\n<p>\u00ab\u00a0Il va falloir trouver une solution avant que ce ne soit encore plus catastrophique\u00a0\u00bb, ajoute le m\u00e9decin, mais il n&rsquo;est \u00ab\u00a0pas trop na\u00eff\u00a0\u00bb face au poids de \u00ab\u00a0l&rsquo;\u00e9conomie\u00a0\u00bb.<\/p>\n\n\n\n<p>Varane, qui va continuer \u00e0 travailler \u00e0 C\u00f4me dans un r\u00f4le qu&rsquo;il n&rsquo;a pas pr\u00e9cis\u00e9, pourra peut-\u00eatre peser sur les d\u00e9bats autour du calendrier.Rapha\u00ebl Varane sous le maillot du RC Lens, lors d&rsquo;un match de Ligue 1 \u00e0 Nancy, le 29 mai 2011<\/p>\n\n\n\n<p>Le Real, avec qui il a gagn\u00e9 quatre Ligue des champions, lui souhaite \u00ab\u00a0bonne chance dans cette nouvelle \u00e9tape\u00a0\u00bb, comme United, qui souligne son \u00ab\u00a0humilit\u00e9, son leadership et son engagement. Que ces qualit\u00e9s te servent bien dans ta prochaine entreprise\u00a0\u00bb.<\/p>\n\n\n\n<p>Son s\u00e9lectionneur Didier Deschamps \u00ab\u00a0sai(t) que cette d\u00e9cision, toujours difficile \u00e0 prendre, est le fruit d&rsquo;une m\u00fbre r\u00e9flexion\u00a0\u00bb et gardera \u00ab\u00a0l&rsquo;image d&rsquo;un joueur tourn\u00e9 vers les autres, le collectif\u00a0\u00bb. Maintenant \u00ab\u00a0il va pouvoir se consacrer aussi \u00e0 sa famille\u00a0\u00bb.<\/p>\n\n\n\n<p>\u00ab\u00a0Je n&rsquo;ai aucun regret, je ne changerais rien, j&rsquo;ai gagn\u00e9 plus que je ne l&rsquo;aurais jamais r\u00eav\u00e9\u00a0\u00bb, conclut Varane.<\/p>\n\n\n\n<p>SOURCE TV5.ORG<\/p>\n","protected":false},"excerpt":{"rendered":"<p>La retraite \u00e0 31 ans pour les footballeurs internationaux lessiv\u00e9s, c&rsquo;est le programme de Rapha\u00ebl Varane, champion du monde 2018<\/p>\n","protected":false},"author":1,"featured_media":43032,"comment_status":"open","ping_status":"open","sticky":false,"template":"","format":"standard","meta":{"footnotes":""},"categories":[9],"tags":[],"class_list":["post-43031","post","type-post","status-publish","format-standard","has-post-thumbnail","hentry","category-sports"],"_links":{"self":[{"href":"https:\/\/dekkbi.com\/index.php?rest_route=\/wp\/v2\/posts\/43031","targetHints":{"allow":["GET"]}}],"collection":[{"href":"https:\/\/dekkbi.com\/index.php?rest_route=\/wp\/v2\/posts"}],"about":[{"href":"https:\/\/dekkbi.com\/index.php?rest_route=\/wp\/v2\/types\/post"}],"author":[{"embeddable":true,"href":"https:\/\/dekkbi.com\/index.php?rest_route=\/wp\/v2\/users\/1"}],"replies":[{"embeddable":true,"href":"https:\/\/dekkbi.com\/index.php?rest_route=%2Fwp%2Fv2%2Fcomments&post=43031"}],"version-history":[{"count":1,"href":"https:\/\/dekkbi.com\/index.php?rest_route=\/wp\/v2\/posts\/43031\/revisions"}],"predecessor-version":[{"id":43033,"href":"https:\/\/dekkbi.com\/index.php?rest_route=\/wp\/v2\/posts\/43031\/revisions\/43033"}],"wp:featuredmedia":[{"embeddable":true,"href":"https:\/\/dekkbi.com\/index.php?rest_route=\/wp\/v2\/media\/43032"}],"wp:attachment":[{"href":"https:\/\/dekkbi.com\/index.php?rest_route=%2Fwp%2Fv2%2Fmedia&parent=43031"}],"wp:term":[{"taxonomy":"category","embeddable":true,"href":"https:\/\/dekkbi.com\/index.php?rest_route=%2Fwp%2Fv2%2Fcategories&post=43031"},{"taxonomy":"post_tag","embeddable":true,"href":"https:\/\/dekkbi.com\/index.php?rest_route=%2Fwp%2Fv2%2Ftags&post=43031"}],"curies":[{"name":"wp","href":"https:\/\/api.w.org\/{rel}","templated":true}]}}