{"id":43024,"date":"2024-09-26T12:58:21","date_gmt":"2024-09-26T12:58:21","guid":{"rendered":"https:\/\/dekkbi.com\/?p=43024"},"modified":"2024-09-26T12:58:21","modified_gmt":"2024-09-26T12:58:21","slug":"le-prochain-sommet-afrique-france-aura-lieu-en-2026-au-kenya-un-pays-non-francophone","status":"publish","type":"post","link":"https:\/\/dekkbi.com\/?p=43024","title":{"rendered":"Le prochain Sommet Afrique-France aura lieu en 2026 au Kenya, un pays non-francophone"},"content":{"rendered":"\n<p>Le prochain Sommet Afrique-France aura lieu en 2026 \u00e0 Nairobi, pour la premi\u00e8re fois dans un pays non-francophone, ont annonc\u00e9 ce 25 septembre 2024 les pr\u00e9sidents fran\u00e7ais et k\u00e9nyan Emmanuel Macron et William Ruto en marge de l&rsquo;Assembl\u00e9e g\u00e9n\u00e9rale de l&rsquo;ONU \u00e0 New York.<\/p>\n\n\n\n<p><em>Avec Ga\u00eblle Laleix correspondante, RFI  \u00e0 Nairobi,\u00a0<\/em><\/p>\n\n\n\n<p>Le prochain\u00a0<strong>Sommet Afrique-France<\/strong>\u00a0se tiendra au\u00a0<strong>Kenya<\/strong>, en 2026. L\u2019annonce a \u00e9t\u00e9 faite mercredi, par un communiqu\u00e9 conjoint des pr\u00e9sidences des deux pays. <strong>Emmanuel Macron<\/strong>\u00a0a rencontr\u00e9 son homologue k\u00e9nyan\u00a0<strong>William Ruto<\/strong>, en marge de l\u2019Assembl\u00e9e g\u00e9n\u00e9rale de l\u2019ONU \u00e0 New York.<\/p>\n\n\n\n<p>Il aura fallu attendre 53 ans pour que le Sommet Afrique-France se tienne dans un pays anglophone. Cette \u00e9dition abordera notamment \u00ab&nbsp;<em>les questions climatiques et la r\u00e9forme de l\u2019architecture financi\u00e8re internationale<\/em>&nbsp;\u00bb, explique le communiqu\u00e9 conjoint.<\/p>\n\n\n\n<p>William Ruto et Emmanuel Macron militent notamment pour l\u2019instauration d\u2019une taxe climatique internationale sur les \u00e9missions de carbone. \u00ab&nbsp;<em>Aucun pays ne devrait \u00eatre contraint de choisir entre l\u2019\u00e9radication de la pauvret\u00e9 et la protection de la plan\u00e8te<\/em>&nbsp;\u00bb, \u00e9crit sur X, le pr\u00e9sident k\u00e9nyan.<\/p>\n\n\n\n<h2 class=\"wp-block-heading\">\u00ab&nbsp;<em>William Ruto et Emmanuel Macron ont besoin de redorer leur blason<\/em>&nbsp;\u00bb<\/h2>\n\n\n\n<p>\u00ab&nbsp;<em>William Ruto et Emmanuel Macron sont deux pr\u00e9sidents en crise de l\u00e9gitimit\u00e9, qui ont besoin de redorer leur blason<\/em>&nbsp;\u00bb, commente le Dr Njoki Wamai, professeur en g\u00e9opolitique et chercheuse \u00e0 l\u2019Institut d\u2019\u00e9tudes avanc\u00e9es de Stellenbosch en Afrique du Sud. La France est de plus en plus contest\u00e9e en Afrique francophone et William Ruto a r\u00e9prim\u00e9 dans le sang les manifestations anti-gouvernementales des mois de juin et juillet.<\/p>\n\n\n\n<p>\u00ab&nbsp;<em>Or, les sommets sont toujours une bonne occasion de briller<\/em>&nbsp;\u00bb, conclut la chercheuse, qui rappelle que le Sommet africain pour le climat, organis\u00e9 \u00e0 Nairobi en septembre 2023, avait fait de William Ruto, l\u2019ambassadeur du continent pour l\u2019environnement.<\/p>\n\n\n\n<p>SOURCE RFI<\/p>\n","protected":false},"excerpt":{"rendered":"<p>Le prochain Sommet Afrique-France aura lieu en 2026 \u00e0 Nairobi, pour la premi\u00e8re fois dans un pays non-francophone, ont annonc\u00e9<\/p>\n","protected":false},"author":1,"featured_media":43025,"comment_status":"open","ping_status":"open","sticky":false,"template":"","format":"standard","meta":{"footnotes":""},"categories":[51],"tags":[],"class_list":["post-43024","post","type-post","status-publish","format-standard","has-post-thumbnail","hentry","category-general"],"_links":{"self":[{"href":"https:\/\/dekkbi.com\/index.php?rest_route=\/wp\/v2\/posts\/43024","targetHints":{"allow":["GET"]}}],"collection":[{"href":"https:\/\/dekkbi.com\/index.php?rest_route=\/wp\/v2\/posts"}],"about":[{"href":"https:\/\/dekkbi.com\/index.php?rest_route=\/wp\/v2\/types\/post"}],"author":[{"embeddable":true,"href":"https:\/\/dekkbi.com\/index.php?rest_route=\/wp\/v2\/users\/1"}],"replies":[{"embeddable":true,"href":"https:\/\/dekkbi.com\/index.php?rest_route=%2Fwp%2Fv2%2Fcomments&post=43024"}],"version-history":[{"count":1,"href":"https:\/\/dekkbi.com\/index.php?rest_route=\/wp\/v2\/posts\/43024\/revisions"}],"predecessor-version":[{"id":43026,"href":"https:\/\/dekkbi.com\/index.php?rest_route=\/wp\/v2\/posts\/43024\/revisions\/43026"}],"wp:featuredmedia":[{"embeddable":true,"href":"https:\/\/dekkbi.com\/index.php?rest_route=\/wp\/v2\/media\/43025"}],"wp:attachment":[{"href":"https:\/\/dekkbi.com\/index.php?rest_route=%2Fwp%2Fv2%2Fmedia&parent=43024"}],"wp:term":[{"taxonomy":"category","embeddable":true,"href":"https:\/\/dekkbi.com\/index.php?rest_route=%2Fwp%2Fv2%2Fcategories&post=43024"},{"taxonomy":"post_tag","embeddable":true,"href":"https:\/\/dekkbi.com\/index.php?rest_route=%2Fwp%2Fv2%2Ftags&post=43024"}],"curies":[{"name":"wp","href":"https:\/\/api.w.org\/{rel}","templated":true}]}}