{"id":43022,"date":"2024-09-26T12:49:52","date_gmt":"2024-09-26T12:49:52","guid":{"rendered":"https:\/\/dekkbi.com\/?p=43022"},"modified":"2024-09-26T12:50:41","modified_gmt":"2024-09-26T12:50:41","slug":"liban-benyamin-netanyahu-demande-a-son-armee-de-poursuivre-les-combats-avec-toute-la-force-necessaire","status":"publish","type":"post","link":"https:\/\/dekkbi.com\/?p=43022","title":{"rendered":"Liban: Benyamin Netanyahu demande \u00e0 son arm\u00e9e de poursuivre les combats \u00abavec toute la force n\u00e9cessaire\u00bb"},"content":{"rendered":"\n<p>La France et les \u00c9tats-Unis&nbsp;\u2013 suivis de pays occidentaux et arabes&nbsp;\u2013 ont appel\u00e9 \u00e0 un cessez-le-feu temporaire de 21 jours, \u00e0 l&rsquo;occasion d&rsquo;une r\u00e9union d&rsquo;urgence du Conseil de s\u00e9curit\u00e9 de l&rsquo;ONU.<\/p>\n\n\n\n<h2 class=\"wp-block-heading\">Ce qu&rsquo;il faut retenir<\/h2>\n\n\n\n<p>\u25ba Lors d&rsquo;une r\u00e9union d&rsquo;urgence du Conseil de s\u00e9curit\u00e9 de l&rsquo;ONU, la France, les \u00c9tats-Unis et d&rsquo;autres pays europ\u00e9ens et arabes ont appel\u00e9 \u00e0 un cessez-le-feu temporaire de 21 jours entre\u00a0<strong>Isra\u00ebl<\/strong>\u00a0et le Hezbollah. L&rsquo;Union europ\u00e9enne, l&rsquo;Australie, le Canada, l&rsquo;Allemagne, l&rsquo;Italie, le Japon, l&rsquo;Arabie saoudite, les \u00c9mirats arabes unis et le Qatar figurent notamment parmi les signataires de cette d\u00e9claration.<\/p>\n\n\n\n<p>\u25ba L&rsquo;ambassadeur isra\u00e9lien \u00e0 l&rsquo;ONU Danny Danon a d\u00e9clar\u00e9 que son pays pr\u00e9f\u00e8rerait utiliser la voie diplomatique pour s\u00e9curiser sa fronti\u00e8re nord avec le\u00a0<strong>Liba<\/strong><\/p>\n\n\n\n<p><\/p>\n\n\n\n<p><strong>n<\/strong>, mais qu&rsquo;il utiliserait \u00ab\u00a0<em>tous les moyens\u00a0<\/em>\u00bb \u00e0 sa disposition si la diplomatie venait \u00e0 \u00e9chouer.<\/p>\n\n\n\n<p>\u25ba L&rsquo;arm\u00e9e isra\u00e9lienne a affirm\u00e9 qu&rsquo;elle se pr\u00e9pare \u00e0 \u00ab\u00a0<em>une possible entr\u00e9e<\/em>\u00a0\u00bb sur le territoire libanais pour y frapper le\u00a0<strong>Hezbollah<\/strong>.<\/p>\n\n\n\n<p>\u25ba Mercredi, les frappes isra\u00e9liennes ont fait&nbsp;72 morts au Liban, selon un bilan du minist\u00e8re de la Sant\u00e9.&nbsp;Des frappes a\u00e9riennes isra\u00e9liennes ont caus\u00e9 la mort de 38 personnes dans le sud du Liban, 12 dans la r\u00e9gion de la B\u00e9kaa (est) et 22 dans trois villes au nord et au sud de Beyrouth, d&rsquo;apr\u00e8s le minist\u00e8re, qui ajoute que pr\u00e8s de 400 personnes ont \u00e9t\u00e9 bless\u00e9es.<\/p>\n\n\n\n<p>\u25ba Plus de 90 000 Libanais ont \u00e9t\u00e9 jet\u00e9s sur les routes, selon l&rsquo;ONU, fuyant vers Beyrouth ou la Syrie.<\/p>\n\n\n\n<hr class=\"wp-block-separator has-alpha-channel-opacity\"\/>\n\n\n\n<p><em>Les horaires sont en temps universel TU.<\/em><\/p>\n\n\n\n<p><strong>12h : Les Beyrouthins r\u00e9gissent \u00e0 la proposition franco-am\u00e9ricaine de cessez-le-feu<\/strong><\/p>\n\n\n\n<p>\u00c0 Beyrouth, la capitale libanaise, les habitants rencontr\u00e9s par nos envoy\u00e9s sp\u00e9ciaux accueillent la nouvelle des n\u00e9gociations pour parvenir \u00e0 un cessez-le-feu avec un certain fatalisme.&nbsp;Difficile de reprendre espoir pour ces habitants, qui voient le sort du pays leur \u00e9chapper plus que jamais.<\/p>\n\n\n\n<p><strong>11h41 :&nbsp;Le Liban annonce 20 morts, presque tous Syriens, dans une frappe isra\u00e9lienne dans l&rsquo;est<\/strong><\/p>\n\n\n\n<p>Une \u00ab&nbsp;<em>frappe isra\u00e9lienne<\/em>&nbsp;\u00bb sur le village de Younine, une localit\u00e9 proche de Baalbeck \u00e0 l&rsquo;est du Liban, a \u00ab&nbsp;<em>tu\u00e9 20 personnes, dont 19 Syriens<\/em>&nbsp;\u00bb dans la nuit de mercredi \u00e0 jeudi, d&rsquo;apr\u00e8s le minist\u00e8re libanais de la Sant\u00e9, qui avait fait \u00e9tat de neuf morts dans un pr\u00e9c\u00e9dent bilan.<\/p>\n\n\n\n<p><strong>11h36 :&nbsp;L\u2019arm\u00e9e de l\u2019air isra\u00e9lienne continue de frapper des cibles au Liban<\/strong><\/p>\n\n\n\n<p>\u00ab&nbsp;<em>Des avions de combat de l\u2019arm\u00e9e de l\u2019air isra\u00e9lienne ont frapp\u00e9 des infrastructures le long de la fronti\u00e8re syro-libanaise utilis\u00e9es par le Hezbollah pour transf\u00e9rer des armes de Syrie au Hezbollah au Liban, que l\u2019arm\u00e9e terroriste a utilis\u00e9es contre des civils isra\u00e9liens&nbsp;<\/em>\u00bb, \u00e9crit Tsahal sur son compte X, ajoutant que l&rsquo;arm\u00e9e \u00ab&nbsp;<em>continuera&nbsp;<\/em>\u00bb ces attaques.<\/p>\n\n\n\n<p>Pour afficher ce contenu X (Twitter), il est n\u00e9cessaire d&rsquo;autoriser les cookies de mesure d&rsquo;audience et de publicit\u00e9.AccepterG\u00e9rer mes choix<\/p>\n\n\n\n<p><strong>11h17 : Plus de 22 000 personnes d\u00e9plac\u00e9es sont entr\u00e9es en Syrie<\/strong><\/p>\n\n\n\n<p>Plus de 22 000 personnes fuyant les bombardements isra\u00e9liens au Liban sont entr\u00e9es en&nbsp;<strong><a href=\"https:\/\/www.rfi.fr\/fr\/tag\/syrie\/\">Syrie<\/a><\/strong>&nbsp;depuis lundi, ont indiqu\u00e9 des sources de s\u00e9curit\u00e9 syriennes. \u00ab<em>&nbsp;Le nombre total de personnes entr\u00e9es via le point de passage de Jdeidet Yabbous au cours des trois derniers jours et jusqu&rsquo;\u00e0 jeudi matin est de plus de 6 000 Libanais et environ 15 000 Syriens&nbsp;<\/em>\u00bb, a pr\u00e9cis\u00e9 une source sous couvert de l&rsquo;anonymat. Une deuxi\u00e8me a indiqu\u00e9 que 1 000 Libanais et 500 Syriens \u00e9taient pass\u00e9s par un autre point de passage, Jusiyah.<\/p>\n\n\n\n<p><strong>09h53 : Le Liban se mobilise pour aider les personnes d\u00e9plac\u00e9es<\/strong><\/p>\n\n\n\n<p>Selon le ministre des Affaires \u00e9trang\u00e8res libanais, les bombardements isra\u00e9liens ont entra\u00een\u00e9 le d\u00e9placement d&rsquo;au moins un demi million de personnes. Ces personnes arrivent souvent sans bagages ou vivres, et d\u00e9pendent de l&rsquo;aide des associations. Le nombre de d\u00e9plac\u00e9s va certainement augmenter dans les prochains jours.&nbsp;<\/p>\n\n\n\n<p><strong>09h34 :&nbsp;L&rsquo;arm\u00e9e isra\u00e9lienne annonce de nouvelles frappes contre le Hezbollah<\/strong><\/p>\n\n\n\n<p>L&rsquo;arm\u00e9e isra\u00e9lienne a annonc\u00e9 mener de nouvelles frappes contre le Hezbollah au Liban, apr\u00e8s avoir rejet\u00e9 la proposition franco-am\u00e9ricaine de cessez-le-feu de 21 jours pour mettre fin aux combats. \u00ab&nbsp;<em>Les Forces de d\u00e9fense isra\u00e9liennes (l&rsquo;arm\u00e9e, NDLR) frappent actuellement des cibles terroristes du Hezbollah au Liban. D\u00e9tails \u00e0 suivre<\/em>&nbsp;\u00bb, a d\u00e9clar\u00e9 l&rsquo;arm\u00e9e dans un communiqu\u00e9.<\/p>\n\n\n\n<p><strong>09h23 :&nbsp;Netanyahu n&rsquo;a pas r\u00e9pondu \u00e0 la proposition de cessez-le-feu et ordonne de continuer de combattre le Hezbollah avec \u00ab&nbsp;<em>force&nbsp;<\/em>\u00bb<\/strong><\/p>\n\n\n\n<p>Le Premier ministre isra\u00e9lien Benyamin Netanyahu a d\u00e9clar\u00e9 que son gouvernement n&rsquo;a pas donn\u00e9 suite \u00e0 la demande de la France, des\u00a0<strong>\u00c9tats-Unis<\/strong>\u00a0et de leurs alli\u00e9s en faveur d&rsquo;un cessez-le-feu de 21 jours. \u00ab\u00a0<em>Il s&rsquo;agit d&rsquo;une proposition am\u00e9ricano-fran\u00e7aise \u00e0 laquelle le Premier ministre n&rsquo;a m\u00eame pas r\u00e9pondu\u00a0<\/em>\u00bb, indique un communiqu\u00e9 du bureau de Netanyahu, ajoutant que celui-ci avait ordonn\u00e9 \u00e0 l&rsquo;arm\u00e9e \u00ab\u00a0<em>poursuivre les combats avec toute la force n\u00e9cessaire\u00a0<\/em>\u00bb.<\/p>\n\n\n\n<p>Le ministre isra\u00e9lien des Affaires \u00e9trang\u00e8res a \u00e9galement rejet\u00e9 la proposition de cessez-le-feu. \u00ab&nbsp;<em>Il n&rsquo;y aura pas de cessez-le-feu dans le Nord. Nous&nbsp;continuerons \u00e0 lutter contre l&rsquo;organisation terroriste du&nbsp;Hezbollah de toutes nos forces jusqu&rsquo;\u00e0 la victoire et au retour&nbsp;en toute s\u00e9curit\u00e9 des habitants du Nord dans leurs foyers<\/em>&nbsp;\u00bb, \u00e9crit Isra\u00ebl Katz sur son compte X.<\/p>\n\n\n\n<p>Pour afficher ce contenu X (Twitter), il est n\u00e9cessaire d&rsquo;autoriser les cookies de mesure d&rsquo;audience et de publicit\u00e9.AccepterG\u00e9rer mes choix<\/p>\n\n\n\n<p><strong>08h50 :&nbsp;L&rsquo;arm\u00e9e isra\u00e9lienne affirme que 45 \u00ab&nbsp;<em>projectiles&nbsp;<\/em>\u00bb ont \u00e9t\u00e9 tir\u00e9s depuis le Liban, dont une partie a \u00e9t\u00e9 intercept\u00e9e<\/strong><\/p>\n\n\n\n<p>L&rsquo;arm\u00e9e isra\u00e9lienne a d\u00e9clar\u00e9 jeudi qu&rsquo;environ 45&nbsp;\u00ab&nbsp;<em>projectiles ont \u00e9t\u00e9 identifi\u00e9s en provenance du Liban, certains ont \u00e9t\u00e9 intercept\u00e9s et les autres sont tomb\u00e9s dans des zones d\u00e9gag\u00e9es<\/em>&nbsp;\u00bb, a-t-elle indiqu\u00e9 dans un communiqu\u00e9 qui pr\u00e9cise que les avions militaires isra\u00e9liens continuent \u00e0 frapper des cibles du mouvement chiite libanais du Hezbollah \u00ab&nbsp;<em>dans plusieurs zones du Sud-Liban<\/em>&nbsp;\u00bb.<\/p>\n\n\n\n<p>Le Hezbollah a lui affirm\u00e9 avoir tir\u00e9 des roquettes sur des sites d&rsquo;industrie de d\u00e9fense pr\u00e8s de la ville de Ha\u00effa, dans le nord d&rsquo;Isra\u00ebl, alors que d&rsquo;intenses frappes isra\u00e9liennes ont frapp\u00e9 l&rsquo;est du Liban dans la nuit. Le mouvement islamiste libanais a affirm\u00e9 dans un communiqu\u00e9 avoir \u00ab&nbsp;<em>bombard\u00e9 des complexes<\/em>&nbsp;\u00bb du groupe d&rsquo;armement public Rafael, dans le nord d&rsquo;Isra\u00ebl, avec \u00ab&nbsp;<em>des salves de roquettes<\/em>&nbsp;\u00bb.<\/p>\n\n\n\n<p><strong>07h58 : Le ministre isra\u00e9lien des Finances rejette tout cessez-le-feu avec le Hezbollah<\/strong><\/p>\n\n\n\n<p>Le ministre des Finances isra\u00e9lien, Bezalel Smotrich, alli\u00e9 d&rsquo;extr\u00eame droite clef pour la coalition du Premier ministre&nbsp;<strong><a href=\"https:\/\/www.rfi.fr\/fr\/tag\/benyamin-netanyahu\/\">Benyamin Netanyahu<\/a><\/strong>, a rejet\u00e9 jeudi toute id\u00e9e d&rsquo;un cessez-le-feu avec le Hezbollah libanais apr\u00e8s un appel international \u00e0 une tr\u00eave de 21 jours parrain\u00e9 par Paris et Washington.<\/p>\n\n\n\n<p>\u00ab&nbsp;<em>La campagne [militaire au] nord ne doit se terminer que d&rsquo;une seule fa\u00e7on : l&rsquo;\u00e9crasement du Hezbollah et l&rsquo;\u00e9limination de sa capacit\u00e9 \u00e0 nuire aux habitants du nord&nbsp;<\/em>\u00bb d&rsquo;Isra\u00ebl, \u00e9crit-il sur son compte X. \u00ab&nbsp;<em>Il ne faut pas laisser \u00e0 l&rsquo;ennemi le temps de se remettre des coups violents qu&rsquo;il a re\u00e7us et de se r\u00e9organiser pour poursuivre la guerre apr\u00e8s 21 jours&nbsp;<\/em>\u00bb.<\/p>\n\n\n\n<p>Pour afficher ce contenu X (Twitter), il est n\u00e9cessaire d&rsquo;autoriser les cookies de mesure d&rsquo;audience et de publicit\u00e9.AccepterG\u00e9rer mes choix<\/p>\n\n\n\n<p><strong>07h14 :&nbsp;Isra\u00ebl annonce avoir frapp\u00e9 75 objectifs militaires du Hezbollah dans la nuit<\/strong><\/p>\n\n\n\n<p>Dans la nuit de mercredi 25 \u00e0 jeudi 26 septembre, des avions de combat isra\u00e9liens \u00ab&nbsp;<em>ont attaqu\u00e9 environ 75 cibles terroristes du Hezbollah dans la r\u00e9gion de la Bekaa et dans le sud du Liban, dont des d\u00e9p\u00f4ts de munitions, des lanceurs pr\u00eats \u00e0 tirer [sur le territoire isra\u00e9lien], des b\u00e2timents militaires, des terroristes et des infrastructures terroristes<\/em>&nbsp;\u00bb, selon un communiqu\u00e9 militaire de l\u2019arm\u00e9e isra\u00e9lienne.<\/p>\n\n\n\n<p><strong>07h08 : Le chef de l&rsquo;opposition isra\u00e9lienne appelle le pays \u00e0 accepter la proposition du cessez-le-feu, mais pour sept jours<\/strong><\/p>\n\n\n\n<p>\u00ab&nbsp;<em>L\u2019\u00c9tat d\u2019Isra\u00ebl devrait annoncer ce matin qu\u2019il accepte la proposition de cessez-le-feu de Biden et Macron, mais seulement pour sept jours, afin de ne pas permettre au Hezbollah de restaurer ses syst\u00e8mes de commandement et de contr\u00f4le. Nous n\u2019accepterons aucune proposition qui n\u2019inclut pas le retrait du Hezbollah de notre fronti\u00e8re nord<\/em>&nbsp;\u00bb, \u00e9crit Yair Lapid sur son compte X.&nbsp;<\/p>\n\n\n\n<p>\u00ab&nbsp;<em>Toute proposition avanc\u00e9e doit permettre aux habitants du nord de rentrer imm\u00e9diatement chez eux en toute s\u00e9curit\u00e9 et conduire \u00e0 la reprise des n\u00e9gociations sur l\u2019accord sur les enl\u00e8vements. Toute violation \u2013 m\u00eame la plus l\u00e9g\u00e8re \u2013 du cessez-le-feu entra\u00eenera une nouvelle attaque isra\u00e9lienne de toutes ses forces et dans toutes les r\u00e9gions du Liban&nbsp;<\/em>\u00bb, ajoute-t-il.<\/p>\n\n\n\n<p>Pour afficher ce contenu X (Twitter), il est n\u00e9cessaire d&rsquo;autoriser les cookies de mesure d&rsquo;audience et de publicit\u00e9.AccepterG\u00e9rer mes choix<\/p>\n\n\n\n<p><strong>05h53 : Peu de r\u00e9actions en Isra\u00ebl concernant la proposition de cessez-le-feu<\/strong><\/p>\n\n\n\n<p>C\u2019est probablement \u00e0 New York que cette proposition sera examin\u00e9e, note notre correspondant \u00e0 Jerusalem,&nbsp;<strong>Michel Paul.&nbsp;<\/strong>Si Benyamin Netanyahu doit prononcer vendredi son allocution devant l\u2019Assembl\u00e9e g\u00e9n\u00e9rale des Nations unies, c\u2019est lors des rencontres du Premier ministre isra\u00e9lien en marge de cette r\u00e9union internationale que les choses vont probablement se jouer.<\/p>\n\n\n\n<p>Avant son d\u00e9part, il a pr\u00e9sid\u00e9 pendant 4 heures son cabinet de s\u00e9curit\u00e9 \u00e0 Tel Aviv. \u00ab&nbsp;<em>Je ne peux pas d\u00e9tailler tout ce que nous faisons, mais je peux vous dire une chose : nous sommes d\u00e9termin\u00e9s \u00e0 ramener nos r\u00e9sidents du nord chez eux en toute s\u00e9curit\u00e9<\/em>&nbsp;\u00bb, a notamment affirm\u00e9 le chef du gouvernement isra\u00e9lien.<\/p>\n\n\n\n<p>De son c\u00f4t\u00e9, le chef d\u2019\u00e9tat-major Halevi a indiqu\u00e9 que les pr\u00e9paratifs \u00e0 une incursion terrestre sur le territoire libanais se poursuivait. Il a \u00e9galement promis une r\u00e9ponse tr\u00e8s forte au tir de missile sur le centre d&rsquo;Isra\u00ebl revendiqu\u00e9 par le Hezbollah. Une s\u00e9rie de d\u00e9clarations qui s\u2019ajoute \u00e0 la d\u00e9cision tr\u00e8s m\u00e9diatis\u00e9e, elle aussi, de mobiliser deux brigades d\u2019infanterie de r\u00e9serve pour \u00eatre d\u00e9ploy\u00e9s le long de la fronti\u00e8re avec le Liban. Les maires de plusieurs villes situ\u00e9es \u00e0 proximit\u00e9 de cette fronti\u00e8re rejettent par avance toute forme de compromis avec le Hezbollah.<\/p>\n\n\n\n<p><strong>05h20 : Au S\u00e9n\u00e9gal, la diaspora libanaise s&rsquo;inqui\u00e8te et se mobilise<\/strong><\/p>\n\n\n\n<p>La situation au Liban est scrut\u00e9e de pr\u00e8s partout dans le monde, y compris par sa diaspora. Au S\u00e9n\u00e9gal, la communaut\u00e9 libanaise compterait quelque 30&nbsp;000 membres. Ces derni\u00e8res semaines, ces ressortissants suivent donc dans l\u2019angoisse les attaques isra\u00e9liennes qui visent leur pays d\u2019origine.<\/p>\n\n\n\n<p><strong>05h13 :&nbsp;L&rsquo;\u00e9conomie libanaise plomb\u00e9e par la guerre<\/strong><\/p>\n\n\n\n<p>La guerre au Proche-Orient, dont le front s&rsquo;est \u00e9tendu vers le Liban, devrait plomber davantage l&rsquo;\u00e9conomie d\u00e9j\u00e0 fragile du pays, a pr\u00e9venu jeudi la Banque europ\u00e9enne pour la reconstruction et le d\u00e9veloppement (Berd) dans des pr\u00e9visions \u00e9conomiques r\u00e9vis\u00e9es.<\/p>\n\n\n\n<p>Apr\u00e8s une contraction de 0,2% en 2023, le produit int\u00e9rieur brut (PIB) libanais devrait reculer de 1% cette ann\u00e9e, selon les projections de la Berd, qui anticipait jusqu&rsquo;ici une l\u00e9g\u00e8re croissance en 2024.\u00a0Le\u00a0<strong>Liban<\/strong>, plong\u00e9 dans l&rsquo;impasse politique et plomb\u00e9 par la stagnation de r\u00e9formes essentielles, a vu son PIB reculer en cumul\u00e9 de plus de 40% depuis 2018. Les projections devraient encore s&rsquo;assombrir car \u00ab\u00a0<em>toute escalade p\u00e8sera certainement sur la croissance\u00a0<\/em>\u00bb du pays, a comment\u00e9 aupr\u00e8s de l&rsquo;AFP Beata Javorcik, cheffe \u00e9conomiste de la Berd.<\/p>\n\n\n\n<p><strong>05h10 : Des \u00e9coles ferment et accueillent les nouvelles vagues de d\u00e9plac\u00e9s<\/strong><\/p>\n\n\n\n<p>Les bombardements isra\u00e9liens au Liban ont d\u00e9plac\u00e9 au moins 500 000 personnes, selon le ministre des Affaires \u00e9trang\u00e8res libanais. Ceux qui fuient les villages pr\u00e8s de la fronti\u00e8re sud trouvent refuge dans les grandes villes, comme Beyrouth, mais aussi Sa\u00efda, \u00e0 une quarantaine de kilom\u00e8tres de la capitale libanaise. Les \u00e9coles ont \u00e9t\u00e9 ferm\u00e9es et certaines accueillent les nouvelles vagues de d\u00e9plac\u00e9s.<\/p>\n\n\n\n<p><strong>05h00 : Accalmie relative pendant la nuit \u00e0 Beyrouth<\/strong><\/p>\n\n\n\n<p>Les Libanais ont pass\u00e9 la nuit la plus calme depuis le d\u00e9but de l\u2019offensive a\u00e9rienne isra\u00e9lienne contre leur pays, lundi. Le survol des chasseurs-bombardiers et des drones a repris au petit matin apr\u00e8s une baisse sensible ces derni\u00e8res heures, pr\u00e9cise notre correspondant \u00e0 Beyrouth,&nbsp;<strong>Paul Khalifeh<\/strong>.<\/p>\n\n\n\n<p>Cette accalmie relative avait \u00e9t\u00e9 pr\u00e9c\u00e9d\u00e9e, apr\u00e8s minuit, par une nouvelle vague de raids intenses qui s\u2019est concentr\u00e9e sur le nord de la plaine de la B\u00e9kaa et autour de la ville de Baalbek. Une dizaine de localit\u00e9s ont \u00e9t\u00e9 attaqu\u00e9es par les avions isra\u00e9liens, qui ont \u00e9galement vis\u00e9 pour la premi\u00e8re fois les alentours de la ville \u00e0 majorit\u00e9 chr\u00e9tienne de Zahl\u00e9, chef-lieu de la B\u00e9kaa.<\/p>\n\n\n\n<p>L\u2019arm\u00e9e isra\u00e9lienne a proc\u00e9d\u00e9 \u00e0 une op\u00e9ration de ratissage \u00e0 la fronti\u00e8re avec le Liban apr\u00e8s une fausse alerte sur une op\u00e9ration d\u2019infiltration pr\u00e8s d\u2019une localit\u00e9 en Galil\u00e9e.\u00a0Aucun tir de roquettes de la part du\u00a0<strong>Hezbollah<\/strong>\u00a0n\u2019a \u00e9t\u00e9 signal\u00e9 durant la nuit.<\/p>\n\n\n\n<p>Depuis mercredi en fin d\u2019apr\u00e8s-midi, le parti de Hassan Nasrallah est rest\u00e9 silencieux, apr\u00e8s avoir revendiqu\u00e9 dix op\u00e9rations militaires, dont le tir d\u2019un missile balistique en direction de Tel-Aviv, le matin.&nbsp;Ce r\u00e9pit co\u00efncide avec des tractations diplomatiques \u00e0 New York, o\u00f9 se trouve le Premier ministre libanais Nagib Mikati, pour un cessez-le-feu provisoire.<\/p>\n\n\n\n<p><strong>04h45 :&nbsp;Au sud de Beyrouth, reportage sur le lieu d&rsquo;une frappe<\/strong><\/p>\n\n\n\n<p>Ces derniers jours, des avions de chasse isra\u00e9liens ont men\u00e9 une s\u00e9rie de frappes sur des cibles du Hezbollah, d&rsquo;apr\u00e8s l&rsquo;arm\u00e9e isra\u00e9lienne, y compris aux abords de la capitale Beyrouth. \u00c0 Saadiyat, sur la route c\u00f4ti\u00e8re reliant la capitale libanaise au nord et au sud du pays, une frappe a fait d&rsquo;\u00e9normes d\u00e9g\u00e2ts, constatent nos envoy\u00e9s sp\u00e9ciaux au Liban,&nbsp;<strong>Aabla Jouna\u00efdi<\/strong>&nbsp;et&nbsp;<strong>Jad El Khoury<\/strong>.<\/p>\n\n\n\n<p>Le crat\u00e8re est large de pr\u00e8s de huit m\u00e8tres et le b\u00e2timent tout proche n&rsquo;est que d\u00e9bris. Il est une heure du matin ce mercredi 25 septembre lorsqu&rsquo;un avion de chasse frappe un hangar en bord de la route c\u00f4ti\u00e8re. Des sources s\u00e9curitaires libanaises attribuent la frappe \u00e0 l&rsquo;aviation isra\u00e9lienne.<\/p>\n\n\n\n<p>\u00ab&nbsp;<em>Au d\u00e9but, je pensais qu&rsquo;une voiture avait pris feu pr\u00e8s de la station service. Mais j&rsquo;ai compris ensuite qu&rsquo;ils avaient frapp\u00e9 le garage auto. On a pr\u00e9tendu dans les m\u00e9dias qu&rsquo;il y avait ici un entrep\u00f4t d&rsquo;armes\u202f; ce qui justifierait l&rsquo;action de l&rsquo;ennemi isra\u00e9lien. Tout \u00e7a est faux, et tous les gens qui passent ici savent que nous sommes un garage&nbsp;<\/em>\u00bb, d\u00e9plore Abu Issam Abdallah, un entrepreneur chiite et le propri\u00e9taire du hangar.<\/p>\n\n\n\n<p>Dans cette zone, qui n&rsquo;est pas sous contr\u00f4le du Hezbollah et o\u00f9 cohabitent sunnites, chr\u00e9tiens et druzes, on s&rsquo;\u00e9tonne de ces accusations.&nbsp;\u00ab&nbsp;<em>Il est possible qu&rsquo;on ait de plus en plus d&rsquo;agents, d&rsquo;espions qui font circuler de fausses informations. Et que de loin, le hangar puisse passer pour un entrep\u00f4t d&rsquo;armes, surtout que son propri\u00e9taire \u2013 et j&rsquo;ai un peu honte de le dire&nbsp;\u2013 est de confession chiite<\/em>&nbsp;\u00bb, t\u00e9moigne&nbsp;l&rsquo;imam sunnite Ali Al Hussaini, un ancien client dont la mosqu\u00e9e fait face au garage.<\/p>\n\n\n\n<p><strong>04h30 : L&rsquo;appel international \u00e0 un cessez-le-feu est \u00ab&nbsp;<em>une perc\u00e9e importante&nbsp;<\/em>\u00bb, selon un haut responsable am\u00e9ricain<\/strong><\/p>\n\n\n\n<p>Un haut responsable am\u00e9ricain a assur\u00e9 jeudi que l&rsquo;appel international \u00e0 un cessez-le-feu au Liban, lanc\u00e9 par les \u00c9tats-Unis, la France, l&rsquo;<strong>Union europ\u00e9enne<\/strong>\u00a0et plusieurs pays arabes, \u00e9tait une \u00ab\u00a0<em>perc\u00e9e importante\u00a0<\/em>\u00bb.\u00a0Il a esp\u00e9r\u00e9 que cet appel, qui concerne la situation au Liban, permette aussi de \u00ab\u00a0<em>stimuler\u00a0<\/em>\u00bb les discussions pour une tr\u00eave et une lib\u00e9ration des otages dans la bande de Gaza.<\/p>\n\n\n\n<p>00:45<\/p>\n\n\n\n<p>Jean-No\u00ebl Barrot, ministre des Affaires \u00e9trang\u00e8res fran\u00e7ais<\/p>\n\n\n\n<p><strong>04h10 : Plusieurs pays dont la France et les \u00c9tats-Unis proposent un cessez-le-feu de 21 jours<\/strong><\/p>\n\n\n\n<p>\u00c0 l&rsquo;issue d&rsquo;une r\u00e9union d&rsquo;urgence du Conseil de s\u00e9curit\u00e9 de l&rsquo;<strong>ONU<\/strong>\u00a0consacr\u00e9e \u00e0 la situation au Liban, une proposition de cessez-le-feu a \u00e9t\u00e9 mise sur la table. Apr\u00e8s l&rsquo;annonce faite par la France, les \u00c9tats-Unis ont pr\u00e9cis\u00e9 que plusieurs pays avaient particip\u00e9 \u00e0 son \u00e9laboration. Reste \u00e0 savoir maintenant si les parties prenantes au conflit sont pr\u00eates \u00e0 faire taire les armes.<\/p>\n\n\n\n<p>\u00ab&nbsp;<em>Nous appelons toutes les parties, y compris les gouvernements d&rsquo;Isra\u00ebl et du Liban, \u00e0 approuver imm\u00e9diatement le cessez-le-feu temporaire (&#8230;) et \u00e0 donner une r\u00e9elle chance \u00e0 un r\u00e8glement diplomatique&nbsp;<\/em>\u00bb, est-il indiqu\u00e9 dans un communiqu\u00e9 commun.<\/p>\n","protected":false},"excerpt":{"rendered":"<p>La France et les \u00c9tats-Unis&nbsp;\u2013 suivis de pays occidentaux et arabes&nbsp;\u2013 ont appel\u00e9 \u00e0 un cessez-le-feu temporaire de 21 jours,<\/p>\n","protected":false},"author":1,"featured_media":28712,"comment_status":"open","ping_status":"open","sticky":false,"template":"","format":"standard","meta":{"footnotes":""},"categories":[51],"tags":[],"class_list":["post-43022","post","type-post","status-publish","format-standard","has-post-thumbnail","hentry","category-general"],"_links":{"self":[{"href":"https:\/\/dekkbi.com\/index.php?rest_route=\/wp\/v2\/posts\/43022","targetHints":{"allow":["GET"]}}],"collection":[{"href":"https:\/\/dekkbi.com\/index.php?rest_route=\/wp\/v2\/posts"}],"about":[{"href":"https:\/\/dekkbi.com\/index.php?rest_route=\/wp\/v2\/types\/post"}],"author":[{"embeddable":true,"href":"https:\/\/dekkbi.com\/index.php?rest_route=\/wp\/v2\/users\/1"}],"replies":[{"embeddable":true,"href":"https:\/\/dekkbi.com\/index.php?rest_route=%2Fwp%2Fv2%2Fcomments&post=43022"}],"version-history":[{"count":1,"href":"https:\/\/dekkbi.com\/index.php?rest_route=\/wp\/v2\/posts\/43022\/revisions"}],"predecessor-version":[{"id":43023,"href":"https:\/\/dekkbi.com\/index.php?rest_route=\/wp\/v2\/posts\/43022\/revisions\/43023"}],"wp:featuredmedia":[{"embeddable":true,"href":"https:\/\/dekkbi.com\/index.php?rest_route=\/wp\/v2\/media\/28712"}],"wp:attachment":[{"href":"https:\/\/dekkbi.com\/index.php?rest_route=%2Fwp%2Fv2%2Fmedia&parent=43022"}],"wp:term":[{"taxonomy":"category","embeddable":true,"href":"https:\/\/dekkbi.com\/index.php?rest_route=%2Fwp%2Fv2%2Fcategories&post=43022"},{"taxonomy":"post_tag","embeddable":true,"href":"https:\/\/dekkbi.com\/index.php?rest_route=%2Fwp%2Fv2%2Ftags&post=43022"}],"curies":[{"name":"wp","href":"https:\/\/api.w.org\/{rel}","templated":true}]}}