{"id":42979,"date":"2024-09-26T10:30:42","date_gmt":"2024-09-26T10:30:42","guid":{"rendered":"https:\/\/dekkbi.com\/?p=42979"},"modified":"2024-09-26T10:30:43","modified_gmt":"2024-09-26T10:30:43","slug":"eloges-emotion-et-recueillement-a-la-levee-du-corps-damadou-mahtar-mbow","status":"publish","type":"post","link":"https:\/\/dekkbi.com\/?p=42979","title":{"rendered":"Eloges, \u00e9motion et recueillement \u00e0 la lev\u00e9e du corps d\u2019Amadou Mahtar Mbow"},"content":{"rendered":"\n<p>(APS) \u2013 Des hommages appuy\u00e9s ont \u00e9t\u00e9 prononc\u00e9s, mercredi, \u00e0 la mosqu\u00e9e omarienne de Dakar, pour saluer la vie et l\u2019\u0153uvre d\u2019Amadou Mahtar Mbow, ancien directeur g\u00e9n\u00e9ral de l\u2019UNESCO, d\u00e9c\u00e9d\u00e9 la veille, dans la capitale s\u00e9n\u00e9galaise, \u00e0 l\u2019\u00e2ge de 103 ans. Il a \u00e9t\u00e9 inhum\u00e9 mercredi en fin de matin\u00e9e au cimeti\u00e8re musulman de Yoff.<\/p>\n\n\n\n<p>Le Premier ministre du S\u00e9n\u00e9gal, Ousmane Sonko, accompagn\u00e9 des ministres Birame Diop (Forces arm\u00e9es), Ousmane Diagne (Justice), Jean-Baptiste Tine (Int\u00e9rieur et S\u00e9curit\u00e9 publique), Cheikh Tidiane Di\u00e8ye (Hydraulique et de l\u2019Assainissement), a assist\u00e9 \u00e0 la c\u00e9r\u00e9monie au nom du chef de l\u2019Etat.&nbsp;De m\u00eame que d\u2019anciens ministres et d\u00e9put\u00e9s \u00e0 l\u2019image de Mamadou Lamine Loum, le dernier chef du gouvernement sous la pr\u00e9sidence d\u2019Abdou Diouf (1981-2000), et de Cheikh Hadjibou Soumar\u00e9, ancien Premier ministre sous le magist\u00e8re d\u2019Abdoulaye Wade (2000-2012).<\/p>\n\n\n\n<p>\u2018\u2019Je suis l\u00e0 pour repr\u00e9senter le pr\u00e9sident de la R\u00e9publique qui comme vous le savez est hors du pays. Mais il m\u2019a charg\u00e9 de transmettre ses sinc\u00e8res condol\u00e9ances \u00e0 la famille \u00e9plor\u00e9e et surtout de l\u2019informer de son intention de venir pr\u00e9senter ses condol\u00e9ances \u00e0 la maison\u2019\u2019, a dit M. Sonko, relevant qu\u2019avec le d\u00e9c\u00e8s d\u2019Amadou Mahtar Mbow, \u201dle S\u00e9n\u00e9gal perd un de ses plus dignes fils, lequel, a consacr\u00e9 toute sa vie \u00e0 se battre pour la construction de mod\u00e8le aussi bien de d\u00e9veloppement que de mod\u00e8le soci\u00e9tal pour son pays le S\u00e9n\u00e9gal, et qui s\u2019est battu toute sa vie pour faire rayonner l\u2019image du son pays et de l\u2019Afrique \u00e0 travers le monde.\u2019\u2019<\/p>\n\n\n\n<p>La pri\u00e8re mortuaire a \u00e9t\u00e9 dirig\u00e9e par l\u2019mam de la mosqu\u00e9e, Seydou Nourou Tall, en pr\u00e9sence Thierno Madani Tall,&nbsp; khalife de la famille Thierno Mountaga Ahmad Tall, conform\u00e9ment aux derni\u00e8res volont\u00e9s du disparu.<\/p>\n\n\n\n<p>Amadou Mahtar Mbow \u00e9tait \u2019\u2019un homme rassurant, un homme apaisant, qui a donn\u00e9 du S\u00e9n\u00e9gal l\u2019une des meilleures images au monde. Il a brill\u00e9 \u00e0 la t\u00eate de l\u2019UNESCO, mais surtout, il nous aura honor\u00e9s par sa fermet\u00e9 face \u00e0 des puissances qui voulaient \u00e9crire l\u2019histoire du monde \u00e0 leur mani\u00e8re\u2019\u2019, a t\u00e9moign\u00e9 Amadou Tidiane Wone, ancien ministre de la Culture, qui s\u2019est exprim\u00e9 au nom de la famille d\u2019Alpha Cir\u00e9 Kane.&nbsp;\u2019\u2019Il a r\u00e9sist\u00e9, il a produit de l\u2019intelligence et du sens pour l\u2019humanit\u00e9 dans cette organisation qui appartient \u00e0 tous, et notamment aux pays les plus d\u00e9munis, qui ont tant de choses \u00e0 \u00e9crire, mais qui n\u2019ont pas l\u2019occasion de le faire\u2019\u2019, a-t-il ajout\u00e9<\/p>\n\n\n\n<p>\u2019\u2019Premier Africain \u00e0 diriger une organisation internationale d\u2019envergure, humaniste convaincu, intellectuel complet, il a profond\u00e9ment marqu\u00e9 l\u2019histoire de notre institution en d\u00e9fendant avec force l\u2019exigence de solidarit\u00e9 et d\u2019\u00e9gale dignit\u00e9 entre les peuples et entre les cultures\u2019\u2019, a pour sa part d\u00e9clar\u00e9 le directeur r\u00e9gional de l\u2019UNESCO, Dimitri Songa, qui lisait le message de la directrice g\u00e9n\u00e9rale de l\u2019UNESCO, Audrey Azoulay.<\/p>\n\n\n\n<p>\u2019\u2019Nous lui devons \u00e9galement l\u2019\u0153uvre scientifique monumentale qu\u2019est \u2018L\u2019Histoire g\u00e9n\u00e9rale de l\u2019Afrique\u2019, laquelle a donn\u00e9 non seulement au monde, mais surtout aux Africains et aux Africaines, un moyen de s\u2019approprier leur histoire et de se projeter vers l\u2019avenir\u2019\u2019, a-t-il ajout\u00e9.<\/p>\n\n\n\n<p>Membre d\u2019honneur de l\u2019Acad\u00e9mie nationale des sciences et techniques du S\u00e9n\u00e9gal, Amadou Mahtar Mbow a non seulement marqu\u00e9 le paysage scientifique de notre pays, mais a laiss\u00e9 une empreinte ind\u00e9libile sur la sc\u00e8ne internationale, de par son parcours exceptionnel d\u2019\u00e9ducateur et de leader intellectuel, social et politique\u2019\u2019, a de son c\u00f4t\u00e9 soulign\u00e9 son pr\u00e9sident, Moctar Tour\u00e9.<\/p>\n\n\n\n<p>\u2019\u2019Je voudrais donc tout juste t\u00e9moigner ici, devant vous et devant l\u2019\u00e9ternel, de son caract\u00e8re humain hors du commun, de son \u00e2me, de son esprit infatigable et de sa passion pour la science. Nous exprimons notre gratitude au Seigneur de nous l\u2019avoir laiss\u00e9 longtemps b\u00e9n\u00e9ficier de sa sagesse, de sa bienveillance et de ses conseils qui ont toujours \u00e9t\u00e9 tr\u00e8s judicieux\u2019\u2019, a-t-il ajout\u00e9.<\/p>\n\n\n\n<p>Il a assur\u00e9 que l\u2019h\u00e9ritage d\u2019Amadou Mahtar Mbow continuera d\u2019inspirer les g\u00e9n\u00e9rations futures et contribuera au rayonnement et \u00e0 l\u2019impact de la science et au progr\u00e8s de l\u2019humanit\u00e9.\u2019\u2019<\/p>\n\n\n\n<p>\u201d\u00c0 l\u2019occasion de la c\u00e9l\u00e9bration de son centenaire au Mus\u00e9e des civilisations noires, Amadou Mahtar Mbow disait \u00e0 ceux qui \u00e9taient venus le f\u00eater, je cite : \u201cJe ne sais pas combien de temps j\u2019ai encore \u00e0 vivre, mais j\u2019ai consacr\u00e9 toute ma vie \u00e0 essayer de faire du bien avec cette \u00e9pouse-l\u00e0 \u00e0 ma droite\u2019\u2019, a rappel\u00e9 sa fille, Dr Awa Mbow, qui a parl\u00e9 \u00e0 la suite du Premier Ministre.<\/p>\n\n\n\n<p>\u2019\u2019Son \u00e9pouse, ses enfants, petits-enfants et arri\u00e8re-petits-enfants, ainsi que toute sa famille et tous ses proches, peuvent attester qu\u2019il a \u00e9t\u00e9 un homme bon et aimant dont la vie riche et exaltante fut d\u00e9di\u00e9e \u00e0 penser et \u00e0 faire du bien\u2019\u2019, a-t-elle relev\u00e9, ajoutant que \u2019\u2019sa disparition marque la perte pour l\u2019humanit\u00e9 d\u2019un \u00eatre lumineux qui a dignement marqu\u00e9 son \u00e9poque et durablement influenc\u00e9 le monde.\u2019\u2019<\/p>\n\n\n\n<p>Amadou Mahtar Mbow, d\u00e9c\u00e9d\u00e9 dans la nuit de lundi \u00e0 mardi \u00e0 Dakar, \u00e0 l\u2019\u00e2ge de 103 ans, a consacr\u00e9 toute sa vie aux combats pour le triomphe des valeurs humanistes. Homme de culture, leader \u00e9clair\u00e9, universitaire, intellectuel et tr\u00e9sor humain vivant, il est le premier Africain \u00e0 diriger cette institution&nbsp; de 1974 \u00e0 1987.<\/p>\n\n\n\n<p>Membre fondateur de la c\u00e9l\u00e8bre F\u00e9d\u00e9ration des \u00e9tudiants d\u2019Afrique noire en France et du Parti du regroupement africain-S\u00e9n\u00e9gal, il a fr\u00e9quent\u00e9 les plus grands cercles intellectuels et militants de la diaspora africaine \u00e0 Paris, avec Abdoulaye Ly, Assane Seck, Cheikh Anta Diop, Alioune Diop, Joseph Ki-Zerbo, Amady Aly Dieng\u2026 Nous sommes dans les ann\u00e9es 1950 et 1960. Amadou Mahtar Mbow et ses camarades sont sur tous les fronts pour d\u00e9monter les id\u00e9ologies et th\u00e8ses supr\u00e9macistes ou racistes de l\u2019\u00e9poque.<\/p>\n\n\n\n<p>Le S\u00e9n\u00e9gal \u00e9tait \u00e0 l\u2019or\u00e9e de son ind\u00e9pendance, qui lui sera octroy\u00e9e par la France en 1960. Amadou Mahtar Mbow sera plus tard ministre de l\u2019Education nationale (1966-1968), puis de la Culture et de la Jeunesse (1968-1970). Il fut \u00e9galement d\u00e9put\u00e9, membre du conseil ex\u00e9cutif et du conseil municipal de Saint-Louis (nord).<\/p>\n\n\n\n<p>Quelques ann\u00e9es plus tard, en 1974, arrive la cons\u00e9cration. Amadou Mahtar Mbow devient directeur g\u00e9n\u00e9ral de l\u2019UNESCO, l\u2019Organisation des Nations unies pour l\u2019\u00e9ducation, la science et la culture. Pour la premi\u00e8re fois, avec M. Mbow, un Africain dirige une institution sp\u00e9cialis\u00e9e des Nations unies.<\/p>\n\n\n\n<p>Amadou Mahtar Mbow \u00e9tait \u00e9galement un visionnaire aux id\u00e9es et aux combats avant-gardistes. Septi\u00e8me directeur g\u00e9n\u00e9ral de l\u2019UNESCO, il a lanc\u00e9 avant tout le monde, d\u00e8s 1978, le d\u00e9bat sur la restitution des biens culturels des peuples anciennement colonis\u00e9s. C\u2019est dire que l\u2019actuel pr\u00e9sident fran\u00e7ais, Emmanuel Macron, en commanditant le rapport \u2018\u2019Restituer le patrimoine africain\u2019\u2019 (2018) \u00e0 B\u00e9n\u00e9dicte Savoy, professeure d\u2019histoire de l\u2019art, et \u00e0 Felwine Sarr, universitaire s\u00e9n\u00e9galais, n\u2019a fait qu\u2019emprunter le sillon trac\u00e9 par le fonctionnaire international s\u00e9n\u00e9galais, quarante ans plus t\u00f4t.<\/p>\n\n\n\n<p>Et ce n\u2019est pas tout. Le nouvel ordre mondial de l\u2019information et de la communication, le fameux NOMIC, porte \u00e9galement son empreinte. De m\u00eame, les questions d\u2019acc\u00e8s universel \u00e0 l\u2019information et aux technologies de la communication, la r\u00e9sorption du gap technologique (la fracture num\u00e9rique) entre le Nord et le Sud demeurent plus que jamais des pr\u00e9occupations actuelles.<\/p>\n\n\n\n<p>T\u00e9moin de son temps et acteur majeur de la vie nationale s\u00e9n\u00e9galaise, Amadou Mahtar Mbow n\u2019a jamais rechign\u00e9 \u00e0 servir la nation chaque fois que l\u2019on faisait appel \u00e0 lui, m\u00eame s\u2019il devait b\u00e9n\u00e9ficier d\u2019un repos bien m\u00e9rit\u00e9.<\/p>\n\n\n\n<p>Citoyen engag\u00e9, il avait accept\u00e9 de pr\u00e9sider les Assises nationales (1\u1d49\u02b3 juin 2008-24 mai 2009). Une&nbsp;\u2018\u2019parodie de conf\u00e9rence nationale\u2019\u2019, avait raill\u00e9 le pr\u00e9sident s\u00e9n\u00e9galais, Abdoulaye Wade, qui n\u2019avait pas du tout accept\u00e9 la tenue de cet \u00e9v\u00e8nement.<\/p>\n","protected":false},"excerpt":{"rendered":"<p>(APS) \u2013 Des hommages appuy\u00e9s ont \u00e9t\u00e9 prononc\u00e9s, mercredi, \u00e0 la mosqu\u00e9e omarienne de Dakar, pour saluer la vie et<\/p>\n","protected":false},"author":1,"featured_media":42980,"comment_status":"open","ping_status":"open","sticky":false,"template":"","format":"standard","meta":{"footnotes":""},"categories":[21],"tags":[],"class_list":["post-42979","post","type-post","status-publish","format-standard","has-post-thumbnail","hentry","category-societe"],"_links":{"self":[{"href":"https:\/\/dekkbi.com\/index.php?rest_route=\/wp\/v2\/posts\/42979","targetHints":{"allow":["GET"]}}],"collection":[{"href":"https:\/\/dekkbi.com\/index.php?rest_route=\/wp\/v2\/posts"}],"about":[{"href":"https:\/\/dekkbi.com\/index.php?rest_route=\/wp\/v2\/types\/post"}],"author":[{"embeddable":true,"href":"https:\/\/dekkbi.com\/index.php?rest_route=\/wp\/v2\/users\/1"}],"replies":[{"embeddable":true,"href":"https:\/\/dekkbi.com\/index.php?rest_route=%2Fwp%2Fv2%2Fcomments&post=42979"}],"version-history":[{"count":1,"href":"https:\/\/dekkbi.com\/index.php?rest_route=\/wp\/v2\/posts\/42979\/revisions"}],"predecessor-version":[{"id":42981,"href":"https:\/\/dekkbi.com\/index.php?rest_route=\/wp\/v2\/posts\/42979\/revisions\/42981"}],"wp:featuredmedia":[{"embeddable":true,"href":"https:\/\/dekkbi.com\/index.php?rest_route=\/wp\/v2\/media\/42980"}],"wp:attachment":[{"href":"https:\/\/dekkbi.com\/index.php?rest_route=%2Fwp%2Fv2%2Fmedia&parent=42979"}],"wp:term":[{"taxonomy":"category","embeddable":true,"href":"https:\/\/dekkbi.com\/index.php?rest_route=%2Fwp%2Fv2%2Fcategories&post=42979"},{"taxonomy":"post_tag","embeddable":true,"href":"https:\/\/dekkbi.com\/index.php?rest_route=%2Fwp%2Fv2%2Ftags&post=42979"}],"curies":[{"name":"wp","href":"https:\/\/api.w.org\/{rel}","templated":true}]}}