{"id":42976,"date":"2024-09-26T10:25:54","date_gmt":"2024-09-26T10:25:54","guid":{"rendered":"https:\/\/dekkbi.com\/?p=42976"},"modified":"2024-09-26T10:25:55","modified_gmt":"2024-09-26T10:25:55","slug":"a-la-tribune-de-lonu-felix-tshisekedi-appelle-a-des-sanctions-contre-le-rwanda-et-reaffirme-lengagement-de-la-rdc-pour-la-paix","status":"publish","type":"post","link":"https:\/\/dekkbi.com\/?p=42976","title":{"rendered":"\u00c0 la tribune de l\u2019ONU, F\u00e9lix Tshisekedi appelle \u00e0 des sanctions contre le Rwanda et r\u00e9affirme l\u2019engagement de la RDC pour la paix"},"content":{"rendered":"\n<p>Le mercredi 25 septembre 2024, lors de la 79e Assembl\u00e9e g\u00e9n\u00e9rale des Nations Unies, le Pr\u00e9sident F\u00e9lix Antoine Tshisekedi Tshilombo a prononc\u00e9 un discours puissant, mettant en lumi\u00e8re la crise s\u00e9curitaire qui s\u00e9vit dans l&rsquo;est de la R\u00e9publique D\u00e9mocratique du Congo (RDC). Il a fermement d\u00e9nonc\u00e9 la r\u00e9surgence du groupe terroriste M23, qu&rsquo;il accuse d&rsquo;\u00eatre soutenu par le Rwanda, et a exhort\u00e9 la communaut\u00e9 internationale \u00e0 imposer des sanctions cibl\u00e9es contre ce dernier. \u00ab La r\u00e9surgence du groupe terroriste M23, soutenu par le Rwanda, a provoqu\u00e9 une crise humanitaire sans pr\u00e9c\u00e9dent, avec pr\u00e8s de 7 millions de d\u00e9plac\u00e9s internes&#8230; Nous appelons la communaut\u00e9 internationale \u00e0 condamner fermement ces actes et \u00e0 imposer des sanctions cibl\u00e9es contre le Rwanda pour son r\u00f4le d\u00e9stabilisateur \u00bb, a d\u00e9clar\u00e9 le Pr\u00e9sident Tshisekedi. <\/p>\n\n\n\n<p>Dans son discours, il a \u00e9galement r\u00e9affirm\u00e9 l&rsquo;engagement de la RDC \u00e0 prot\u00e9ger ses ressources naturelles, en appelant \u00e0 un renforcement de la tra\u00e7abilit\u00e9 des minerais strat\u00e9giques indispensables aux \u00e9quipements technologiques. Le chef de l\u2019\u00c9tat a aussi soulign\u00e9 l\u2019importance du processus de paix de Luanda, visant \u00e0 restaurer la confiance entre la RDC et le Rwanda, tout en minimisant les risques de voir la crise s\u00e9curitaire d\u00e9g\u00e9n\u00e9rer en conflit r\u00e9gional.<\/p>\n\n\n\n<p>Par ailleurs, F\u00e9lix Tshisekedi a profit\u00e9 de cette tribune internationale pour annoncer la candidature de la RDC au poste de membre non-permanent du Conseil de s\u00e9curit\u00e9 de l&rsquo;ONU pour la p\u00e9riode 2026-2027, affirmant que son pays jouerait un r\u00f4le proactif au sein de cette instance. La RDC, riche en ressources naturelles et en biodiversit\u00e9, se positionne \u00e9galement comme un acteur cl\u00e9 dans la lutte contre le changement climatique. \u00a0<\/p>\n\n\n\n<p>The post\u00a0\u00c0 la tribune de l\u2019ONU, F\u00e9lix Tshisekedi appelle \u00e0 des sanctions contre le Rwanda et r\u00e9affirme l\u2019engagement de la RDC pour la paix\u00a0appeared first on\u00a0Journal de Kinshasa.<\/p>\n\n\n\n<p>SOURCE MSN.COM<\/p>\n","protected":false},"excerpt":{"rendered":"<p>Le mercredi 25 septembre 2024, lors de la 79e Assembl\u00e9e g\u00e9n\u00e9rale des Nations Unies, le Pr\u00e9sident F\u00e9lix Antoine Tshisekedi Tshilombo<\/p>\n","protected":false},"author":1,"featured_media":42977,"comment_status":"open","ping_status":"open","sticky":false,"template":"","format":"standard","meta":{"footnotes":""},"categories":[51],"tags":[],"class_list":["post-42976","post","type-post","status-publish","format-standard","has-post-thumbnail","hentry","category-general"],"_links":{"self":[{"href":"https:\/\/dekkbi.com\/index.php?rest_route=\/wp\/v2\/posts\/42976","targetHints":{"allow":["GET"]}}],"collection":[{"href":"https:\/\/dekkbi.com\/index.php?rest_route=\/wp\/v2\/posts"}],"about":[{"href":"https:\/\/dekkbi.com\/index.php?rest_route=\/wp\/v2\/types\/post"}],"author":[{"embeddable":true,"href":"https:\/\/dekkbi.com\/index.php?rest_route=\/wp\/v2\/users\/1"}],"replies":[{"embeddable":true,"href":"https:\/\/dekkbi.com\/index.php?rest_route=%2Fwp%2Fv2%2Fcomments&post=42976"}],"version-history":[{"count":1,"href":"https:\/\/dekkbi.com\/index.php?rest_route=\/wp\/v2\/posts\/42976\/revisions"}],"predecessor-version":[{"id":42978,"href":"https:\/\/dekkbi.com\/index.php?rest_route=\/wp\/v2\/posts\/42976\/revisions\/42978"}],"wp:featuredmedia":[{"embeddable":true,"href":"https:\/\/dekkbi.com\/index.php?rest_route=\/wp\/v2\/media\/42977"}],"wp:attachment":[{"href":"https:\/\/dekkbi.com\/index.php?rest_route=%2Fwp%2Fv2%2Fmedia&parent=42976"}],"wp:term":[{"taxonomy":"category","embeddable":true,"href":"https:\/\/dekkbi.com\/index.php?rest_route=%2Fwp%2Fv2%2Fcategories&post=42976"},{"taxonomy":"post_tag","embeddable":true,"href":"https:\/\/dekkbi.com\/index.php?rest_route=%2Fwp%2Fv2%2Ftags&post=42976"}],"curies":[{"name":"wp","href":"https:\/\/api.w.org\/{rel}","templated":true}]}}