{"id":42961,"date":"2024-09-26T10:02:32","date_gmt":"2024-09-26T10:02:32","guid":{"rendered":"https:\/\/dekkbi.com\/?p=42961"},"modified":"2024-09-26T12:16:42","modified_gmt":"2024-09-26T12:16:42","slug":"commemoration-musee-le-joola-autorites-et-acteurs-planchent-sur-les-orientations-et-contenus-du-memorial","status":"publish","type":"post","link":"https:\/\/dekkbi.com\/?p=42961","title":{"rendered":"Mus\u00e9e le Joola : autorit\u00e9s et acteurs planchent sur les orientations et contenus du m\u00e9morial"},"content":{"rendered":"\n<p>Ziguinchor, (APS) \u2013 La ministre de la Jeunesse, des Sports et de la Culture, Khady Di\u00e8ne Gaye, a pr\u00e9sid\u00e9 mercredi, \u00e0 Ziguinchor (sud), un panel sur le th\u00e8me \u2018\u2019M\u00e9morial du Mus\u00e9e le bateau le Joola : orientations et contenus\u2019\u2019, en pr\u00e9lude de la comm\u00e9moration du 22eme anniversaire du naufrage du Bateau le Joola pr\u00e9vue ce jeudi, a constat\u00e9 l\u2019APS.<\/p>\n\n\n\n<p>\u2018\u2019Notre rencontre de ce jour a pour objectif principal de partager le contenu et le discours mus\u00e9ographique d\u2019une part et de recueillir vos observations et contribution visant \u00e0 am\u00e9liorer les propositions initiales du comit\u00e9 technique et scientifique d\u2019autre part\u2019\u2019, a-t-elle dit<\/p>\n\n\n\n<p>Le ministre secr\u00e9taire d\u2019Etat en charge des industries culturelles et cr\u00e9atives, Bakary Sarr, le gouverneur de la r\u00e9gion de Ziguinchor, Mor Talla Tine, les repr\u00e9sentants des associations des familles des victimes du Joola, les membres du comit\u00e9 scientifique, des proches et amis, etc., ont pris part \u00e0 ce panel.<\/p>\n\n\n\n<p>La rencontre rev\u00eat un int\u00e9r\u00eat particulier, puisqu\u2019il s\u2019agit de finaliser en passant au peigne fin avec les parties prenantes toutes les propositions de pr\u00e9figuration du m\u00e9morial du mus\u00e9e bateau le Joola \u00e9labor\u00e9 par le comit\u00e9 technique et scientifique, a expliqu\u00e9 la ministre de la Culture.<\/p>\n\n\n\n<p>\u2018\u2019Ce panel en pr\u00e9lude \u00e0 la comm\u00e9moration du 22eme anniversaire du naufrage du bateau le Joola constitue un bon pr\u00e9sage pour amorcer une parfaite connexion entre le m\u00e9morial et les potentiels usagers voire les acteurs cl\u00e9s que sont les familles des victimes, les rescap\u00e9s, les chercheurs scientifiques, les diff\u00e9rents visiteurs\u2019\u2019, a soulign\u00e9 Khady Di\u00e8ne Gaye.<\/p>\n\n\n\n<figure class=\"wp-block-image size-full\"><img loading=\"lazy\" decoding=\"async\" width=\"701\" height=\"392\" src=\"https:\/\/dekkbi.com\/wp-content\/uploads\/2024\/09\/Joola-H-TAG.png\" alt=\"\" class=\"wp-image-42962\" srcset=\"https:\/\/dekkbi.com\/wp-content\/uploads\/2024\/09\/Joola-H-TAG.png 701w, https:\/\/dekkbi.com\/wp-content\/uploads\/2024\/09\/Joola-H-TAG-300x168.png 300w\" sizes=\"auto, (max-width: 701px) 100vw, 701px\" \/><\/figure>\n\n\n\n<p>Une \u00e9tape de socialisation qui permet aussi d\u2019avancer, \u00e0 l\u2019en croire, sur la sc\u00e9nographie ainsi que sur les proc\u00e9dures d\u2019organisation et de fonctionnement du m\u00e9morial.<\/p>\n\n\n\n<p>Mme Gaye dit avoir \u2018\u2019la ferme conviction\u2019\u2019 que le m\u00e9morial bateau le Joola devra \u00eatre un mod\u00e8le de r\u00e9ussite, d\u2019innovation et qu\u2019il laissera un h\u00e9ritage durable aux g\u00e9n\u00e9rations pr\u00e9sentes et futures.<\/p>\n\n\n\n<p>Une \u00e9tude en 2022 sur l\u2019acceptabilit\u00e9 et l\u2019appropriation du mus\u00e9e m\u00e9morial bateau le Joola a \u00e9t\u00e9 r\u00e9alis\u00e9e, a fait savoir le sociologue, enseignant-chercheur et ma\u00eetre de conf\u00e9rence \u00e0 l\u2019Universit\u00e9 Cheikh Anta Diop (UCAD) de Dakar, Dr Mohamed Ahmed Badji.<\/p>\n\n\n\n<p>Cette \u00e9tude a \u00e9t\u00e9 men\u00e9e dans tous les quartiers de la ville de Ziguinchor et a touch\u00e9 toutes les personnes ressources, les acteurs cl\u00e9s, les rescap\u00e9s, les orphelins, les proches parents, etc., a-t-il d\u00e9taill\u00e9.<\/p>\n\n\n\n<p>\u2018\u2019Dans l\u2019ensemble, il y a une tr\u00e8s bonne perception de ce mus\u00e9e m\u00e9morial dans la mesure o\u00f9 cela correspond \u00e0 une demande sociale\u2019\u2019, a assur\u00e9 l\u2019enseignant-chercheur.<\/p>\n\n\n\n<p>Ce mus\u00e9e va avoir un r\u00f4le vraiment utile sur le plan du recueillement et sur le plan socioculturel et religieux, a-t-il fait valoir, reconnaissant qu\u2019il y a toutefois des avis qui sont contre.<\/p>\n\n\n\n<p>\u2018\u2019Ceux qui n\u2019ont pas soutenu le projet dans sa conception telle que envisag\u00e9e sont revenus sur les aspects religieux\u2019\u2019, a-t-il expliqu\u00e9, citant \u00e0 titre d\u2019exemple, \u2018\u2019l\u2019id\u00e9e de r\u00e9cup\u00e9rer des ossements, du mat\u00e9riel du bateau et vouloir les enterrer ou les exposer \u00e9ventuellement\u2019\u2019.<\/p>\n\n\n\n<p>L\u2019autre fait, a ajout\u00e9 le sociologue, c\u2019est peut-\u00eatre, la crainte par rapport au lieu qui sera multidimensionnel o\u00f9 il y aurait peut-\u00eatre des activit\u00e9s avec des caract\u00e8res festifs.<\/p>\n\n\n\n<p>\u2018\u2019Ce serait vu comme une profanation d\u2019un lieu sacr\u00e9 et d\u2019un lieu de m\u00e9moire parce que c\u2019est un \u00e9v\u00e8nement douloureux que l\u2019on s\u2019appr\u00eate \u00e0 comm\u00e9morer dans cet endroit\u2019\u2019, a-t-il argu\u00e9.<\/p>\n\n\n\n<p>Mais, selon lui, \u2018\u2019la majorit\u00e9, environ 62%, est favorable et 92% de la population trouvent que l\u2019initiative est tr\u00e8s importante pour les communaut\u00e9s, les proches des victimes et les rescap\u00e9s\u2019\u2019.<\/p>\n\n\n\n<figure class=\"wp-block-image size-full\"><img loading=\"lazy\" decoding=\"async\" width=\"701\" height=\"392\" src=\"https:\/\/dekkbi.com\/wp-content\/uploads\/2024\/09\/Joola-Memorial-1.png\" alt=\"\" class=\"wp-image-42964\" srcset=\"https:\/\/dekkbi.com\/wp-content\/uploads\/2024\/09\/Joola-Memorial-1.png 701w, https:\/\/dekkbi.com\/wp-content\/uploads\/2024\/09\/Joola-Memorial-1-300x168.png 300w\" sizes=\"auto, (max-width: 701px) 100vw, 701px\" \/><\/figure>\n","protected":false},"excerpt":{"rendered":"<p>Ziguinchor, (APS) \u2013 La ministre de la Jeunesse, des Sports et de la Culture, Khady Di\u00e8ne Gaye, a pr\u00e9sid\u00e9 mercredi,<\/p>\n","protected":false},"author":1,"featured_media":42966,"comment_status":"open","ping_status":"open","sticky":false,"template":"","format":"standard","meta":{"footnotes":""},"categories":[21],"tags":[],"class_list":["post-42961","post","type-post","status-publish","format-standard","has-post-thumbnail","hentry","category-societe"],"_links":{"self":[{"href":"https:\/\/dekkbi.com\/index.php?rest_route=\/wp\/v2\/posts\/42961","targetHints":{"allow":["GET"]}}],"collection":[{"href":"https:\/\/dekkbi.com\/index.php?rest_route=\/wp\/v2\/posts"}],"about":[{"href":"https:\/\/dekkbi.com\/index.php?rest_route=\/wp\/v2\/types\/post"}],"author":[{"embeddable":true,"href":"https:\/\/dekkbi.com\/index.php?rest_route=\/wp\/v2\/users\/1"}],"replies":[{"embeddable":true,"href":"https:\/\/dekkbi.com\/index.php?rest_route=%2Fwp%2Fv2%2Fcomments&post=42961"}],"version-history":[{"count":2,"href":"https:\/\/dekkbi.com\/index.php?rest_route=\/wp\/v2\/posts\/42961\/revisions"}],"predecessor-version":[{"id":43021,"href":"https:\/\/dekkbi.com\/index.php?rest_route=\/wp\/v2\/posts\/42961\/revisions\/43021"}],"wp:featuredmedia":[{"embeddable":true,"href":"https:\/\/dekkbi.com\/index.php?rest_route=\/wp\/v2\/media\/42966"}],"wp:attachment":[{"href":"https:\/\/dekkbi.com\/index.php?rest_route=%2Fwp%2Fv2%2Fmedia&parent=42961"}],"wp:term":[{"taxonomy":"category","embeddable":true,"href":"https:\/\/dekkbi.com\/index.php?rest_route=%2Fwp%2Fv2%2Fcategories&post=42961"},{"taxonomy":"post_tag","embeddable":true,"href":"https:\/\/dekkbi.com\/index.php?rest_route=%2Fwp%2Fv2%2Ftags&post=42961"}],"curies":[{"name":"wp","href":"https:\/\/api.w.org\/{rel}","templated":true}]}}