{"id":42956,"date":"2024-09-26T09:50:51","date_gmt":"2024-09-26T09:50:51","guid":{"rendered":"https:\/\/dekkbi.com\/?p=42956"},"modified":"2024-09-26T09:50:52","modified_gmt":"2024-09-26T09:50:52","slug":"legislatives-anticipees-des-opposants-mettent-en-place-la-coalition-senegaal-kesse","status":"publish","type":"post","link":"https:\/\/dekkbi.com\/?p=42956","title":{"rendered":"L\u00e9gislatives anticip\u00e9es\u00a0: des opposants mettent en place la coalition \u201dSenegaal Kesse\u201d"},"content":{"rendered":"\n<p>Dakar,  (APS) \u2013 Des personnalit\u00e9s politiques, dont Thierno Alassane Sall, candidats \u00e0 l\u2019\u00e9lection pr\u00e9sidentielle du 24 mars dernier, et l\u2019ancien Premier ministre, Abdoul Mbaye, ont mis en place une coalition \u00e9lectorale d\u00e9nomm\u00e9e \u201dSenegaal Kesse\u201d (S\u00e9n\u00e9gal seulement) pour aller \u00e0 l\u2019assaut des suffrages des S\u00e9n\u00e9galais \u00e0 l\u2019occasion des \u00e9lections l\u00e9gislatives anticip\u00e9es du 17 novembre prochain, ont-ils annonc\u00e9 dans un communiqu\u00e9.<\/p>\n\n\n\n<p>Ils ont notamment \u00e0 travers un communiqu\u00e9 rendu public mercredi assur\u00e9 de leur d\u00e9termination \u00e0 \u201dd\u00e9fendre les int\u00e9r\u00eats vitaux du S\u00e9n\u00e9gal et de ses citoyens\u201d dans la perspective des \u00e9lections l\u00e9gislatives \u00e0 venir.<\/p>\n\n\n\n<p>Ces leaders expliquent que leur vision politique est celle \u201dd\u2019un engagement au service du S\u00e9n\u00e9gal et de son peuple, loin des ambitions personnelles et des gains mat\u00e9riels\u201d.<\/p>\n\n\n\n<p>S\u2019inscrivant dans la logique d\u2019une \u201dopposition dite r\u00e9publicaine et constructive\u201d, les membres de cette coalition entendent travailler \u00e0 \u201dunir les forces citoyennes et politiques pour assurer un \u00e9quilibre des pouvoirs, essentiel \u00e0 la solidit\u00e9 de la d\u00e9mocratie\u201d.<\/p>\n\n\n\n<p>Parmi les entit\u00e9s de cette coalition figurent l\u2019Alliance pour la citoyennet\u00e9 et le travail dirig\u00e9e par Abdoul Mbaye, la R\u00e9publique des valeurs de Thierno Alassane Sall et d\u2019autres mouvements et partis politiques dont Senegaal Ca Kanam, l\u2019Alliance des Verts, Mouvement un autre avenir.<\/p>\n\n\n\n<p>AKS\/OID<\/p>\n","protected":false},"excerpt":{"rendered":"<p>Dakar, (APS) \u2013 Des personnalit\u00e9s politiques, dont Thierno Alassane Sall, candidats \u00e0 l\u2019\u00e9lection pr\u00e9sidentielle du 24 mars dernier, et l\u2019ancien<\/p>\n","protected":false},"author":1,"featured_media":42957,"comment_status":"open","ping_status":"open","sticky":false,"template":"","format":"standard","meta":{"footnotes":""},"categories":[6],"tags":[],"class_list":["post-42956","post","type-post","status-publish","format-standard","has-post-thumbnail","hentry","category-politics"],"_links":{"self":[{"href":"https:\/\/dekkbi.com\/index.php?rest_route=\/wp\/v2\/posts\/42956","targetHints":{"allow":["GET"]}}],"collection":[{"href":"https:\/\/dekkbi.com\/index.php?rest_route=\/wp\/v2\/posts"}],"about":[{"href":"https:\/\/dekkbi.com\/index.php?rest_route=\/wp\/v2\/types\/post"}],"author":[{"embeddable":true,"href":"https:\/\/dekkbi.com\/index.php?rest_route=\/wp\/v2\/users\/1"}],"replies":[{"embeddable":true,"href":"https:\/\/dekkbi.com\/index.php?rest_route=%2Fwp%2Fv2%2Fcomments&post=42956"}],"version-history":[{"count":1,"href":"https:\/\/dekkbi.com\/index.php?rest_route=\/wp\/v2\/posts\/42956\/revisions"}],"predecessor-version":[{"id":42958,"href":"https:\/\/dekkbi.com\/index.php?rest_route=\/wp\/v2\/posts\/42956\/revisions\/42958"}],"wp:featuredmedia":[{"embeddable":true,"href":"https:\/\/dekkbi.com\/index.php?rest_route=\/wp\/v2\/media\/42957"}],"wp:attachment":[{"href":"https:\/\/dekkbi.com\/index.php?rest_route=%2Fwp%2Fv2%2Fmedia&parent=42956"}],"wp:term":[{"taxonomy":"category","embeddable":true,"href":"https:\/\/dekkbi.com\/index.php?rest_route=%2Fwp%2Fv2%2Fcategories&post=42956"},{"taxonomy":"post_tag","embeddable":true,"href":"https:\/\/dekkbi.com\/index.php?rest_route=%2Fwp%2Fv2%2Ftags&post=42956"}],"curies":[{"name":"wp","href":"https:\/\/api.w.org\/{rel}","templated":true}]}}