{"id":42902,"date":"2024-09-25T10:42:28","date_gmt":"2024-09-25T10:42:28","guid":{"rendered":"https:\/\/dekkbi.com\/?p=42902"},"modified":"2024-09-25T10:42:29","modified_gmt":"2024-09-25T10:42:29","slug":"assange-attendu-a-strasbourg-pour-son-premier-discours-public-depuis-sa-sortie-de-prison","status":"publish","type":"post","link":"https:\/\/dekkbi.com\/?p=42902","title":{"rendered":"Assange attendu \u00e0 Strasbourg pour son premier discours public depuis sa sortie de prison"},"content":{"rendered":"\n<p>L&rsquo;Assembl\u00e9e parlementaire du Conseil de l&rsquo;Europe doit d\u00e9battre de ce rapport le 2 octobre, qui \u00ab\u00a0confirme qu&rsquo;Assange est un prisonnier politique\u00a0\u00bb et qui \u00ab\u00a0appelle le Royaume-Uni \u00e0 mener une enqu\u00eate ind\u00e9pendante pour d\u00e9terminer s&rsquo;il a \u00e9t\u00e9 expos\u00e9 \u00e0 des traitements inhumains ou d\u00e9gradants\u00a0\u00bb en d\u00e9tention, selon l&rsquo;ONG.<\/p>\n\n\n\n<p>Cette audience sera le \u00ab\u00a0premier t\u00e9moignage officiel d&rsquo;Assange sur son affaire\u00a0\u00bb depuis son arrestation par la police britannique en avril 2019, apr\u00e8s sept ans pass\u00e9s dans l&rsquo;ambassade d&rsquo;Equateur \u00e0 Londres pour \u00e9viter son extradition vers la Su\u00e8de dans une enqu\u00eate pour viol, class\u00e9e sans suite la m\u00eame ann\u00e9e.<\/p>\n\n\n\n<p>L&rsquo;Australien a ensuite pass\u00e9 cinq ans dans la prison de haute s\u00e9curit\u00e9 de Belmarsh (\u00e0 l&rsquo;est de Londres) \u00e0 se battre contre son extradition vers les Etats-Unis o\u00f9 il \u00e9tait inculp\u00e9 en vertu d&rsquo;une loi sur l&rsquo;espionnage datant de 1917.<\/p>\n\n\n\n<p>A partir de 2010, M. Assange avait publi\u00e9 sur la plateforme WikiLeaks plus de 700.000 documents concernant les activit\u00e9s militaires et diplomatiques de Washington, notamment en Irak et Afghanistan, ce qui lui vaut d&rsquo;\u00eatre pr\u00e9sent\u00e9 comme un champion de la libert\u00e9 d&rsquo;informer.<\/p>\n\n\n\n<p>Ces documents concernaient notamment les activit\u00e9s militaires et diplomatiques am\u00e9ricaines, en particulier en Irak et en Afghanistan, ainsi que des r\u00e9cits d\u2019ex\u00e9cutions extrajudiciaires et de collecte de renseignements contre les alli\u00e9s.<\/p>\n\n\n\n<h2 class=\"wp-block-heading\">\u00ab\u00a0Toujours en convalescence\u00a0\u00bb<\/h2>\n\n\n\n<p>Un accord de plaider-coupable avec la justice am\u00e9ricaine lui a finalement permis, fin juin, de quitter le Royaume-Uni en direction de Saipan, un territoire am\u00e9ricain du Pacifique, o\u00f9 une juge l&rsquo;a condamn\u00e9 \u00e0 une peine de prison couvrant sa d\u00e9tention provisoire. Il a alors \u00e9t\u00e9 lib\u00e9r\u00e9 et a regagn\u00e9 l&rsquo;Australie.<\/p>\n\n\n\n<p>Le lanceur d&rsquo;alerte ne s&rsquo;est pas exprim\u00e9 en public depuis, son \u00e9pouse expliquant qu&rsquo;il avait besoin d&rsquo;intimit\u00e9 et de temps pour se r\u00e9tablir.<\/p>\n\n\n\n<p>\u00ab\u00a0Julian Assange est toujours en convalescence apr\u00e8s sa sortie de prison\u00a0\u00bb, a d\u00e9clar\u00e9 mercredi l&rsquo;organisation.<\/p>\n\n\n\n<p>Le groupe a indiqu\u00e9 que Julian Assange assisterait \u00e0 la \u00ab\u00a0session du Conseil de l&rsquo;Europe en personne en raison du caract\u00e8re exceptionnel de l&rsquo;invitation\u00a0\u00bb.<\/p>\n\n\n\n<h2 class=\"wp-block-heading\">Gr\u00e2ce pr\u00e9sidentielle menac\u00e9e?<\/h2>\n\n\n\n<p>\u00ab\u00a0Ce n&rsquo;\u00e9tait qu&rsquo;une question de temps avant qu&rsquo;il ne rel\u00e8ve la t\u00eate pour s&rsquo;exprimer publiquement sur des questions qui lui tiennent \u00e0 c\u0153ur\u00a0\u00bb, a estim\u00e9 Matthew Ricketson, professeur de communication \u00e0 l&rsquo;universit\u00e9 australienne Deakin.<\/p>\n\n\n\n<p>Mais plusieurs experts juridiques s&rsquo;interrogent sur l&rsquo;opportunit\u00e9 du moment choisi pour le faire ainsi que sur le lieu.<\/p>\n\n\n\n<p>Le Conseil de l&rsquo;Europe est une organisation internationale qui rassemble les 46 Etats signataires de la Convention europ\u00e9enne des droits de l&rsquo;homme, qui n&rsquo;a que peu de pouvoir sur le sort judiciaire de Julian Assange.<\/p>\n\n\n\n<p>Aussi, certains experts estiment que le discours de l&rsquo;Australien pourrait mettre en p\u00e9ril sa demande de gr\u00e2ce pr\u00e9sidentielle aux Etats-Unis.<\/p>\n\n\n\n<p>Julian Assange \u00ab\u00a0sera in\u00e9vitablement critique \u00e0 un certain niveau envers le gouvernement am\u00e9ricain et je ne vois pas cela comme quelque chose qui puisse \u00eatre consid\u00e9r\u00e9 comme utile\u00a0\u00bb, a d\u00e9clar\u00e9 \u00e0 l&rsquo;AFP Holly Cullen, professeur de droit \u00e0 l&rsquo;Universit\u00e9 d&rsquo;Australie-Occidentale.<\/p>\n\n\n\n<p>\u00ab\u00a0M\u00eame s&rsquo;il pense personnellement qu&rsquo;il s&rsquo;en fiche, ses conseillers juridiques pourraient lui dire +peut-\u00eatre devriez-vous faire preuve d&rsquo;un peu plus de retenue jusqu&rsquo;\u00e0 ce que la question de la gr\u00e2ce soit r\u00e9solue+\u00a0\u00bb, a-t-il dit.<\/p>\n\n\n\n<p>Chelsea Manning, l&rsquo;analyste du renseignement militaire qui a divulgu\u00e9 les documents \u00e0 Julian Assange, a vu sa peine de 35 ans commu\u00e9e par le pr\u00e9sident de l&rsquo;\u00e9poque, Barack Obama, en 2017.<\/p>\n\n\n\n<p>Le cas Assange demeure profond\u00e9ment controvers\u00e9.<\/p>\n\n\n\n<p>Ses partisans, qui r\u00e9clament depuis longtemps une gr\u00e2ce pr\u00e9sidentielle am\u00e9ricaine compl\u00e8te, le saluent comme un champion de la libert\u00e9 d&rsquo;expression et du journalisme d&rsquo;investigation, pers\u00e9cut\u00e9 par les autorit\u00e9s et injustement emprisonn\u00e9.-<\/p>\n\n\n\n<p>Ses d\u00e9tracteurs, eux, le voient comme un blogueur imprudent dont la d\u00e9cision de publier des documents ultrasensibles a mis des vies en danger et a gravement compromis la s\u00e9curit\u00e9 des Etats-Unis.<\/p>\n\n\n\n<p>Le pr\u00e9sident Joe Biden, qui devrait accorder une s\u00e9rie de gr\u00e2ces avant de quitter ses fonctions en janvier prochain, a d\u00e9j\u00e0 qualifi\u00e9 Julian Assange de \u00ab\u00a0terroriste\u00a0\u00bb.<\/p>\n","protected":false},"excerpt":{"rendered":"<p>L&rsquo;Assembl\u00e9e parlementaire du Conseil de l&rsquo;Europe doit d\u00e9battre de ce rapport le 2 octobre, qui \u00ab\u00a0confirme qu&rsquo;Assange est un prisonnier<\/p>\n","protected":false},"author":1,"featured_media":42903,"comment_status":"open","ping_status":"open","sticky":false,"template":"","format":"standard","meta":{"footnotes":""},"categories":[51],"tags":[],"class_list":["post-42902","post","type-post","status-publish","format-standard","has-post-thumbnail","hentry","category-general"],"_links":{"self":[{"href":"https:\/\/dekkbi.com\/index.php?rest_route=\/wp\/v2\/posts\/42902","targetHints":{"allow":["GET"]}}],"collection":[{"href":"https:\/\/dekkbi.com\/index.php?rest_route=\/wp\/v2\/posts"}],"about":[{"href":"https:\/\/dekkbi.com\/index.php?rest_route=\/wp\/v2\/types\/post"}],"author":[{"embeddable":true,"href":"https:\/\/dekkbi.com\/index.php?rest_route=\/wp\/v2\/users\/1"}],"replies":[{"embeddable":true,"href":"https:\/\/dekkbi.com\/index.php?rest_route=%2Fwp%2Fv2%2Fcomments&post=42902"}],"version-history":[{"count":1,"href":"https:\/\/dekkbi.com\/index.php?rest_route=\/wp\/v2\/posts\/42902\/revisions"}],"predecessor-version":[{"id":42904,"href":"https:\/\/dekkbi.com\/index.php?rest_route=\/wp\/v2\/posts\/42902\/revisions\/42904"}],"wp:featuredmedia":[{"embeddable":true,"href":"https:\/\/dekkbi.com\/index.php?rest_route=\/wp\/v2\/media\/42903"}],"wp:attachment":[{"href":"https:\/\/dekkbi.com\/index.php?rest_route=%2Fwp%2Fv2%2Fmedia&parent=42902"}],"wp:term":[{"taxonomy":"category","embeddable":true,"href":"https:\/\/dekkbi.com\/index.php?rest_route=%2Fwp%2Fv2%2Fcategories&post=42902"},{"taxonomy":"post_tag","embeddable":true,"href":"https:\/\/dekkbi.com\/index.php?rest_route=%2Fwp%2Fv2%2Ftags&post=42902"}],"curies":[{"name":"wp","href":"https:\/\/api.w.org\/{rel}","templated":true}]}}