{"id":42888,"date":"2024-09-25T10:22:13","date_gmt":"2024-09-25T10:22:13","guid":{"rendered":"https:\/\/dekkbi.com\/?p=42888"},"modified":"2024-09-25T10:22:13","modified_gmt":"2024-09-25T10:22:13","slug":"emigration-irreguliere-le-drame-de-trop","status":"publish","type":"post","link":"https:\/\/dekkbi.com\/?p=42888","title":{"rendered":"\u00c9MIGRATION IRR\u00c9GULI\u00c8RE &#8211; Le drame de trop !"},"content":{"rendered":"\n<p><em><strong>Chaque jour, des dizaines de jeunes S\u00e9n\u00e9galais risquent leur vie en tentant la travers\u00e9e de l&rsquo;Atlantique. La derni\u00e8re trag\u00e9die en date, avec la d\u00e9couverte d&rsquo;une pirogue \u00e0 la d\u00e9rive transportant 30 corps sans vie, vient rappeler l&rsquo;urgence d&rsquo;agir face \u00e0 ce ph\u00e9nom\u00e8ne qui ne cesse de s&rsquo;aggraver.<\/strong><\/em><\/p>\n\n\n\n<p>Le lundi 23 septembre 2024, le minist\u00e8re des Forces arm\u00e9es a rendu public un communiqu\u00e9 alarmant : une pirogue \u00e0 la d\u00e9rive a \u00e9t\u00e9 d\u00e9couverte avec \u00e0 son bord 30 corps en \u00e9tat de d\u00e9composition avanc\u00e9e. Les op\u00e9rations de r\u00e9cup\u00e9ration, d&rsquo;identification et de transfert sont d\u00e9licates, en raison de l&rsquo;\u00e9tat des corps. Selon le journaliste s\u00e9n\u00e9galais Ayoba Faye qui s\u2019int\u00e9resse \u00e0 la question, \u2018\u2019la pirogue s\u2019est probablement perdue en mer pendant plusieurs jours, laissant ses occupants mourir \u00e0 bord avant d\u2019\u00e9chouer sur les c\u00f4tes\u2019\u2019.<\/p>\n\n\n\n<p>Cette trag\u00e9die, comme tant d&rsquo;autres, illustre la r\u00e9alit\u00e9 accablante de l\u2019\u00e9migration irr\u00e9guli\u00e8re au S\u00e9n\u00e9gal o\u00f9 des centaines de jeunes continuent de risquer leur vie en qu\u00eate d&rsquo;un avenir meilleur.<\/p>\n\n\n\n<p><strong>Un ph\u00e9nom\u00e8ne tragique et r\u00e9current<\/strong><\/p>\n\n\n\n<p>Les chiffres parlent d&rsquo;eux-m\u00eames. Du 1er janvier au 15 septembre 2024, 26 758 migrants ont atteint les c\u00f4tes des \u00eeles Canaries \u00e0 bord de&nbsp;<strong>394 pirogues<\/strong>, selon les chiffres du minist\u00e8re espagnol de l\u2019Int\u00e9rieur. C\u2019est presque le double par rapport \u00e0 la m\u00eame p\u00e9riode en 2023, o\u00f9 il a \u00e9t\u00e9 enregistr\u00e9 14 454 migrants pour 258 embarcations, soit une augmentation de 85,1 % en 2024, selon les chiffres du gouvernement espagnol. Parall\u00e8lement, le nombre de morts et de disparus a \u00e9galement sensiblement augment\u00e9, avec leurs lots de r\u00eaves bris\u00e9s, de familles d\u00e9vast\u00e9es et une jeunesse qui choisit l&rsquo;exil, faute de perspectives viables.<\/p>\n\n\n\n<p>Selon de nombreux acteurs et rapports, la baisse de la p\u00eache artisanale dans les zones c\u00f4ti\u00e8res du S\u00e9n\u00e9gal contribue directement \u00e0 cette \u00e9migration. Les p\u00eacheurs, de plus en plus priv\u00e9s de ressources, se tournent vers le transport de migrants, t\u00e9moignant d&rsquo;une crise \u00e9conomique et structurelle profonde. En r\u00e9ponse, le pr\u00e9sident Bassirou Diomaye Faye a exprim\u00e9 sa volont\u00e9 de combattre ce fl\u00e9au, appelant \u00e0 renforcer les dispositifs de lutte contre les d\u00e9parts de migrants et une plus grande collaboration avec les populations.<\/p>\n\n\n\n<p><strong>Une lutte contre des r\u00e9seaux bien organis\u00e9s<\/strong><\/p>\n\n\n\n<p>La trag\u00e9die de Mbour, survenue la semaine derni\u00e8re, met en lumi\u00e8re la complexit\u00e9 de l\u2019\u00e9migration clandestine qui est aliment\u00e9e par des r\u00e9seaux de trafiquants d\u2019\u00eatres humains bien organis\u00e9s. Ces individus, v\u00e9ritables marchands d\u2019illusions, doivent \u00eatre sanctionn\u00e9s par la justice pour leurs actes inhumains. Le chef de l\u2019\u00c9tat a soulign\u00e9 l&rsquo;urgence de mettre en place une supervision strat\u00e9gique des dispositifs de lutte contre la migration irr\u00e9guli\u00e8re, tout en r\u00e9visant le cadre national de pilotage et de coordination des activit\u00e9s de pr\u00e9vention.<\/p>\n\n\n\n<p>Cependant, le chercheur Aly Tandian met en lumi\u00e8re les limites de la r\u00e9ponse s\u00e9curitaire \u00e0 la migration irr\u00e9guli\u00e8re. \u00ab\u00a0Les causes de la migration sont avant tout sociales. Les \u00c9tats doivent chercher des r\u00e9ponses au niveau social plut\u00f4t qu&rsquo;au niveau s\u00e9curitaire\u00a0\u00bb, insiste-t-il. Malgr\u00e9 le changement d\u2019acteurs politiques, la population juv\u00e9nile continue de faire face \u00e0 un manque de perspectives, intensifiant ainsi le ph\u00e9nom\u00e8ne de la migration irr\u00e9guli\u00e8re.<\/p>\n\n\n\n<p><strong>Une mobilisation citoyenne n\u00e9cessaire<\/strong><\/p>\n\n\n\n<p>Dans la nuit du 21 au 22 septembre, la gendarmerie de Rufisque a men\u00e9 une op\u00e9ration \u00e0 Mb\u00e8ye, dans la commune de Bambilor, aboutissant \u00e0 l&rsquo;arrestation de plusieurs candidats \u00e0 l\u2019\u00e9migration irr\u00e9guli\u00e8re. L'\u00a0\u00bbop\u00e9ration Djoko\u00a0\u00bb, lanc\u00e9e le 15 ao\u00fbt pour lutter contre ce fl\u00e9au, a d\u00e9j\u00e0 conduit \u00e0 l&rsquo;interpellation de 453 personnes, dont une majorit\u00e9 de nationalit\u00e9s s\u00e9n\u00e9galaises. Ces efforts, bien que louables, doivent s&rsquo;accompagner d&rsquo;une mobilisation des citoyens.<\/p>\n\n\n\n<p>Le samedi pr\u00e9c\u00e9dent, des associations de divers secteurs ont organis\u00e9 une marche silencieuse \u00e0 Mbour pour sensibiliser sur les drames en mer. Cette procession, qui a rassembl\u00e9 des autorit\u00e9s locales, t\u00e9moigne de l&rsquo;indignation croissante face \u00e0 un fl\u00e9au qui d\u00e9cime la jeunesse.<\/p>\n\n\n\n<p>Selon Dame Seck, membre du mouvement Na Doy, la population de Mbour s&rsquo;unit pour s&rsquo;opposer \u00e0 cette trag\u00e9die.<\/p>\n\n\n\n<p>Malgr\u00e9 des initiatives gouvernementales telles que le FNPJ, le plan Reva et le programme Kheuyou Ndaw Gni, les politiques d&#8217;emploi et d&rsquo;insertion des jeunes ont \u00e9chou\u00e9 \u00e0 r\u00e9soudre le probl\u00e8me du ch\u00f4mage, poussant ainsi les jeunes vers l&rsquo;\u00e9migration \u00e0 tout prix.<\/p>\n\n\n\n<p><strong>Un appel \u00e0 l&rsquo;action<\/strong><\/p>\n\n\n\n<p>La section du Forum civil de Mbour d\u00e9plore la lenteur des autorit\u00e9s \u00e0 r\u00e9agir face \u00e0 cette crise. Elle appelle \u00e0 des mesures urgentes, telles que la criminalisation de l&rsquo;\u00e9migration clandestine pour les trafiquants et des audits des politiques d&rsquo;insertion. Un deuil national a \u00e9galement \u00e9t\u00e9 demand\u00e9 en hommage aux victimes.<\/p>\n\n\n\n<p>Pour sa part, le Forum du justiciable souligne l&rsquo;urgence d&rsquo;organiser des assises nationales sur l&rsquo;\u00e9migration irr\u00e9guli\u00e8re afin de diagnostiquer ses causes multiples et de proposer des solutions durables.<\/p>\n\n\n\n<p>Le dirigeant espagnol, en visite \u00e0 Dakar pour d\u00e9courager les d\u00e9parts vers les \u00eeles Canaries, a constat\u00e9 que le mal est profond. Malgr\u00e9 ses efforts, le manque de perspectives au S\u00e9n\u00e9gal continue de nourrir la d\u00e9termination des jeunes \u00e0 tenter leurs chances en Europe, souvent au p\u00e9ril de leur vie.<\/p>\n\n\n\n<p><strong>Vers une r\u00e9ponse r\u00e9gionale<\/strong><\/p>\n\n\n\n<p>De l\u2019avis d\u2019Aly Tandian, \u2018\u2019ces jeunes ne veulent pas \u00eatre des victimes de la mondialisation. Ils aspirent \u00e0 en \u00eatre les acteurs\u00a0\u00bb. Il plaide ainsi pour une mobilisation des \u00c9tats afin de trouver une r\u00e9ponse r\u00e9gionale au ph\u00e9nom\u00e8ne migratoire, plut\u00f4t qu&rsquo;une approche isol\u00e9e.<\/p>\n\n\n\n<p>Face \u00e0 cette trag\u00e9die humaine, le S\u00e9n\u00e9gal doit imp\u00e9rativement adopter une approche multidimensionnelle, alliant des politiques de d\u00e9veloppement \u00e0 une sensibilisation accrue des jeunes, pour enfin apporter l&rsquo;espoir n\u00e9cessaire \u00e0 une g\u00e9n\u00e9ration d\u00e9senchant\u00e9e. Les \u00e9v\u00e9nements tragiques qui secouent le pays ne sont que des manifestations d&rsquo;un mal plus profond, et seule une r\u00e9ponse collective et engag\u00e9e pourra apporter une lueur d&rsquo;espoir dans l&rsquo;obscurit\u00e9.<\/p>\n\n\n\n<p><strong>Objet politique<\/strong><\/p>\n\n\n\n<p>L\u2019\u00e9migration irr\u00e9guli\u00e8re au S\u00e9n\u00e9gal est devenue un enjeu politique, \u00e0 la fois pour le r\u00e9gime en place et pour l\u2019opposition qui l\u2019instrumentalisent sans offrir de r\u00e9ponses ni de solutions concr\u00e8tes. Cette surench\u00e8re politicienne a contribu\u00e9 \u00e0 amplifier le ph\u00e9nom\u00e8ne, alors que peu d\u2019acteurs s\u2019engagent r\u00e9ellement \u00e0 trouver des solutions structurelles.<\/p>\n\n\n\n<p>Ce constat met en lumi\u00e8re une triste r\u00e9alit\u00e9 : le d\u00e9bat sur l\u2019\u00e9migration irr\u00e9guli\u00e8re est souvent r\u00e9cup\u00e9r\u00e9 \u00e0 des fins partisanes, d\u00e9tournant l\u2019attention des v\u00e9ritables causes de ce ph\u00e9nom\u00e8ne. Alors que les jeunes continuent de risquer leur vie en qu\u00eate de meilleures opportunit\u00e9s, les discours politiques se concentrent davantage sur des critiques mutuelles que sur des actions concr\u00e8tes.<\/p>\n\n\n\n<p>Il est essentiel que l\u2019\u00c9tat et les acteurs politiques transcendent les rivalit\u00e9s pour aborder la question de l\u2019\u00e9migration avec une approche holistique. Cela implique non seulement des mesures s\u00e9curitaires, mais aussi des politiques de d\u00e9veloppement socio\u00e9conomique visant \u00e0 cr\u00e9er des perspectives pour la jeunesse. L&rsquo;absence de solutions durables, face \u00e0 une crise si aigu\u00eb, pourrait conduire \u00e0 une aggravation des trag\u00e9dies humaines en mer et \u00e0 un sentiment de d\u00e9sespoir croissant parmi la population.<\/p>\n\n\n\n<p><em><strong>Amadou Camara Gueye<\/strong><\/em><\/p>\n\n\n\n<p>SOURCE ENQUETEPLUS<\/p>\n","protected":false},"excerpt":{"rendered":"<p>Chaque jour, des dizaines de jeunes S\u00e9n\u00e9galais risquent leur vie en tentant la travers\u00e9e de l&rsquo;Atlantique. La derni\u00e8re trag\u00e9die en<\/p>\n","protected":false},"author":1,"featured_media":42889,"comment_status":"open","ping_status":"open","sticky":false,"template":"","format":"standard","meta":{"footnotes":""},"categories":[26],"tags":[],"class_list":["post-42888","post","type-post","status-publish","format-standard","has-post-thumbnail","hentry","category-fait-divers"],"_links":{"self":[{"href":"https:\/\/dekkbi.com\/index.php?rest_route=\/wp\/v2\/posts\/42888","targetHints":{"allow":["GET"]}}],"collection":[{"href":"https:\/\/dekkbi.com\/index.php?rest_route=\/wp\/v2\/posts"}],"about":[{"href":"https:\/\/dekkbi.com\/index.php?rest_route=\/wp\/v2\/types\/post"}],"author":[{"embeddable":true,"href":"https:\/\/dekkbi.com\/index.php?rest_route=\/wp\/v2\/users\/1"}],"replies":[{"embeddable":true,"href":"https:\/\/dekkbi.com\/index.php?rest_route=%2Fwp%2Fv2%2Fcomments&post=42888"}],"version-history":[{"count":1,"href":"https:\/\/dekkbi.com\/index.php?rest_route=\/wp\/v2\/posts\/42888\/revisions"}],"predecessor-version":[{"id":42890,"href":"https:\/\/dekkbi.com\/index.php?rest_route=\/wp\/v2\/posts\/42888\/revisions\/42890"}],"wp:featuredmedia":[{"embeddable":true,"href":"https:\/\/dekkbi.com\/index.php?rest_route=\/wp\/v2\/media\/42889"}],"wp:attachment":[{"href":"https:\/\/dekkbi.com\/index.php?rest_route=%2Fwp%2Fv2%2Fmedia&parent=42888"}],"wp:term":[{"taxonomy":"category","embeddable":true,"href":"https:\/\/dekkbi.com\/index.php?rest_route=%2Fwp%2Fv2%2Fcategories&post=42888"},{"taxonomy":"post_tag","embeddable":true,"href":"https:\/\/dekkbi.com\/index.php?rest_route=%2Fwp%2Fv2%2Ftags&post=42888"}],"curies":[{"name":"wp","href":"https:\/\/api.w.org\/{rel}","templated":true}]}}