{"id":42860,"date":"2024-09-25T09:35:30","date_gmt":"2024-09-25T09:35:30","guid":{"rendered":"https:\/\/dekkbi.com\/?p=42860"},"modified":"2024-09-25T09:35:52","modified_gmt":"2024-09-25T09:35:52","slug":"legislatives-anticipees-rose-wardini-decline-son-choix","status":"publish","type":"post","link":"https:\/\/dekkbi.com\/?p=42860","title":{"rendered":"L\u00e9gislatives anticip\u00e9es: Rose Wardini d\u00e9cline son choix"},"content":{"rendered":"\n<p>Chers militants et militantes, \u00e0 moins de deux mois de la tenue des \u00e9lections l\u00e9gislatives anticip\u00e9es, vous \u00eates nombreux \u00e0 m\u2019interpeller sur la position officielle de notre Mouvement Citoyen S\u00e9n\u00e9gal Nouveau. Je vous ai entendu et vous remercie pour votre engagement, votre d\u00e9termination, votre confiance et votre constance.<\/p>\n\n\n\n<p>Notre mouvement, fid\u00e8le \u00e0 ses principes et \u00e0 son id\u00e9ologie, vous le savez, n\u2019a jamais quitt\u00e9 le terrain. Votre mobilisation permanente montre \u00e0 quel point vous tenez \u00e0 ce projet d\u2019un \u00ab S\u00e9n\u00e9gal Nouveau \u00bb que nous partageons. Et votre adh\u00e9sion aux diff\u00e9rents choix que j\u2019ai toujours eus \u00e0 faire le d\u00e9montre \u00e0 suffisance. Nous avons d\u00e9cid\u00e9 de faire de la politique pour un \u00ab S\u00e9n\u00e9gal nouveau \u00bb, consolider nos actions de toujours.<\/p>\n\n\n\n<p>S\u00e9n\u00e9gal Nouveau est en train de d\u00e9rouler depuis plusieurs mois, des activit\u00e9s dans les domaines de la sant\u00e9, de l\u2019agriculture et de l\u2019\u00e9ducation. Et nous saluons l\u2019adh\u00e9sion massive des populations \u00e0 ces projets. Nous avons opt\u00e9 d\u2019\u00eatre des partisans d\u2019un S\u00e9n\u00e9gal de progr\u00e8s et de justice. Et c\u2019est ce qui justifie notre choix de soutenir les politiques publiques d\u00e9finies par les autorit\u00e9s \u00e9tatiques visant \u00e0 am\u00e9liorer le bien-\u00eatre des populations. Notre priorit\u00e9 c\u2019est le S\u00e9n\u00e9gal ! Bien que je sois approch\u00e9e par plusieurs coalitions politiques, j\u2019estime que ma d\u00e9marche doit reposer sur nos principes qui exigent de nous une certaine constance.<\/p>\n","protected":false},"excerpt":{"rendered":"<p>Chers militants et militantes, \u00e0 moins de deux mois de la tenue des \u00e9lections l\u00e9gislatives anticip\u00e9es, vous \u00eates nombreux \u00e0<\/p>\n","protected":false},"author":1,"featured_media":16041,"comment_status":"open","ping_status":"open","sticky":false,"template":"","format":"standard","meta":{"footnotes":""},"categories":[6],"tags":[],"class_list":["post-42860","post","type-post","status-publish","format-standard","has-post-thumbnail","hentry","category-politics"],"_links":{"self":[{"href":"https:\/\/dekkbi.com\/index.php?rest_route=\/wp\/v2\/posts\/42860","targetHints":{"allow":["GET"]}}],"collection":[{"href":"https:\/\/dekkbi.com\/index.php?rest_route=\/wp\/v2\/posts"}],"about":[{"href":"https:\/\/dekkbi.com\/index.php?rest_route=\/wp\/v2\/types\/post"}],"author":[{"embeddable":true,"href":"https:\/\/dekkbi.com\/index.php?rest_route=\/wp\/v2\/users\/1"}],"replies":[{"embeddable":true,"href":"https:\/\/dekkbi.com\/index.php?rest_route=%2Fwp%2Fv2%2Fcomments&post=42860"}],"version-history":[{"count":1,"href":"https:\/\/dekkbi.com\/index.php?rest_route=\/wp\/v2\/posts\/42860\/revisions"}],"predecessor-version":[{"id":42861,"href":"https:\/\/dekkbi.com\/index.php?rest_route=\/wp\/v2\/posts\/42860\/revisions\/42861"}],"wp:featuredmedia":[{"embeddable":true,"href":"https:\/\/dekkbi.com\/index.php?rest_route=\/wp\/v2\/media\/16041"}],"wp:attachment":[{"href":"https:\/\/dekkbi.com\/index.php?rest_route=%2Fwp%2Fv2%2Fmedia&parent=42860"}],"wp:term":[{"taxonomy":"category","embeddable":true,"href":"https:\/\/dekkbi.com\/index.php?rest_route=%2Fwp%2Fv2%2Fcategories&post=42860"},{"taxonomy":"post_tag","embeddable":true,"href":"https:\/\/dekkbi.com\/index.php?rest_route=%2Fwp%2Fv2%2Ftags&post=42860"}],"curies":[{"name":"wp","href":"https:\/\/api.w.org\/{rel}","templated":true}]}}