{"id":42857,"date":"2024-09-25T09:30:29","date_gmt":"2024-09-25T09:30:29","guid":{"rendered":"https:\/\/dekkbi.com\/?p=42857"},"modified":"2024-09-25T09:30:29","modified_gmt":"2024-09-25T09:30:29","slug":"dakar-et-banjul-veulent-renforcer-leur-cooperation-militaire","status":"publish","type":"post","link":"https:\/\/dekkbi.com\/?p=42857","title":{"rendered":"Dakar et Banjul veulent renforcer leur coop\u00e9ration militaire"},"content":{"rendered":"\n<p>Le G\u00e9n\u00e9ral de corps d&rsquo;arm\u00e9e Mamath Cham, Chef d&rsquo;\u00e9tat-major g\u00e9n\u00e9ral des Forces arm\u00e9es gambiennes, a entam\u00e9 mardi une visite officielle au S\u00e9n\u00e9gal.<\/p>\n\n\n\n<p>Accueilli par le G\u00e9n\u00e9ral de corps d&rsquo;arm\u00e9e Mbaye Ciss\u00e9, Chef d&rsquo;\u00e9tat-major g\u00e9n\u00e9ral des Arm\u00e9es s\u00e9n\u00e9galaises, il a \u00e9t\u00e9 honor\u00e9 par une c\u00e9r\u00e9monie solennelle au quartier g\u00e9n\u00e9ral Dial-Diop. Apr\u00e8s les honneurs militaires, le G\u00e9n\u00e9ral Cham a d\u00e9pos\u00e9 une gerbe au monument aux morts, en pr\u00e9sence de hauts responsables militaires s\u00e9n\u00e9galais.<\/p>\n\n\n\n<p>Accompagn\u00e9 d&rsquo;une d\u00e9l\u00e9gation gambienne, le G\u00e9n\u00e9ral Cham a tenu une rencontre bilat\u00e9rale avec le G\u00e9n\u00e9ral Ciss\u00e9, o\u00f9 ils ont discut\u00e9 de la coop\u00e9ration militaire et des enjeux s\u00e9curitaires communs aux deux nations. La visite s\u2019est poursuivie avec une d\u00e9couverte des mus\u00e9es retra\u00e7ant l&rsquo;histoire militaire du S\u00e9n\u00e9gal, notamment le mus\u00e9e des op\u00e9rations ext\u00e9rieures et celui de l\u2019Arm\u00e9e-Nation.<\/p>\n\n\n\n<p>Pr\u00e9vue pour s\u2019\u00e9tendre sur quatre jours, cette visite vise \u00e0 approfondir les liens strat\u00e9giques entre les deux pays. Durant son s\u00e9jour, le G\u00e9n\u00e9ral Cham rencontrera \u00e9galement le Ministre des Forces arm\u00e9es et se rendra dans plusieurs installations militaires s\u00e9n\u00e9galaises, incluant des centres de formation et des infrastructures d\u2019entra\u00eenement. L\u2019objectif principal de cette visite est de renforcer la coop\u00e9ration militaire pour mieux r\u00e9pondre aux d\u00e9fis s\u00e9curitaires de la r\u00e9gion.<\/p>\n\n\n\n<p>SOURCE NDARINFO<\/p>\n","protected":false},"excerpt":{"rendered":"<p>Le G\u00e9n\u00e9ral de corps d&rsquo;arm\u00e9e Mamath Cham, Chef d&rsquo;\u00e9tat-major g\u00e9n\u00e9ral des Forces arm\u00e9es gambiennes, a entam\u00e9 mardi une visite officielle<\/p>\n","protected":false},"author":1,"featured_media":42858,"comment_status":"open","ping_status":"open","sticky":false,"template":"","format":"standard","meta":{"footnotes":""},"categories":[21],"tags":[],"class_list":["post-42857","post","type-post","status-publish","format-standard","has-post-thumbnail","hentry","category-societe"],"_links":{"self":[{"href":"https:\/\/dekkbi.com\/index.php?rest_route=\/wp\/v2\/posts\/42857","targetHints":{"allow":["GET"]}}],"collection":[{"href":"https:\/\/dekkbi.com\/index.php?rest_route=\/wp\/v2\/posts"}],"about":[{"href":"https:\/\/dekkbi.com\/index.php?rest_route=\/wp\/v2\/types\/post"}],"author":[{"embeddable":true,"href":"https:\/\/dekkbi.com\/index.php?rest_route=\/wp\/v2\/users\/1"}],"replies":[{"embeddable":true,"href":"https:\/\/dekkbi.com\/index.php?rest_route=%2Fwp%2Fv2%2Fcomments&post=42857"}],"version-history":[{"count":1,"href":"https:\/\/dekkbi.com\/index.php?rest_route=\/wp\/v2\/posts\/42857\/revisions"}],"predecessor-version":[{"id":42859,"href":"https:\/\/dekkbi.com\/index.php?rest_route=\/wp\/v2\/posts\/42857\/revisions\/42859"}],"wp:featuredmedia":[{"embeddable":true,"href":"https:\/\/dekkbi.com\/index.php?rest_route=\/wp\/v2\/media\/42858"}],"wp:attachment":[{"href":"https:\/\/dekkbi.com\/index.php?rest_route=%2Fwp%2Fv2%2Fmedia&parent=42857"}],"wp:term":[{"taxonomy":"category","embeddable":true,"href":"https:\/\/dekkbi.com\/index.php?rest_route=%2Fwp%2Fv2%2Fcategories&post=42857"},{"taxonomy":"post_tag","embeddable":true,"href":"https:\/\/dekkbi.com\/index.php?rest_route=%2Fwp%2Fv2%2Ftags&post=42857"}],"curies":[{"name":"wp","href":"https:\/\/api.w.org\/{rel}","templated":true}]}}