{"id":42801,"date":"2024-09-24T15:14:28","date_gmt":"2024-09-24T15:14:28","guid":{"rendered":"https:\/\/dekkbi.com\/?p=42801"},"modified":"2024-09-24T15:14:29","modified_gmt":"2024-09-24T15:14:29","slug":"setal-sunu-reew-la-prochaine-edition-exclusivement-consacree-a-lecole-ministre","status":"publish","type":"post","link":"https:\/\/dekkbi.com\/?p=42801","title":{"rendered":"\u201dS\u00e9tal Sunu Reew\u201d : la prochaine \u00e9dition exclusivement consacr\u00e9e \u00e0 l\u2019\u00e9cole (ministre)"},"content":{"rendered":"\n<p>(APS) \u2013 La prochaine \u00e9dition de la journ\u00e9e de nettoiement \u201dS\u00e9tal Sunu Reew\u201d, pr\u00e9vue le 5 octobre, sera exclusivement consacr\u00e9e aux \u00e9coles, a annonc\u00e9, lundi, \u00e0 Matam, Moustapha Guirassy, le ministre de l\u2019Education nationale.<\/p>\n\n\n\n<p>\u201dLe Premier ministre a annonc\u00e9 que le 5 octobre prochain, la journ\u00e9e de nettoiement S\u00e9tal Sunu Reew sera exclusivement orient\u00e9e vers le +S\u00e9tal Sunu Ecole+. L\u00e0 aussi, c\u2019est pour montrer la volont\u00e9 du gouvernement du S\u00e9n\u00e9gal \u00e0 faire de l\u2019\u00e9cole le socle le plus important pour la transformation de ce pays\u201d, a-t-il dit au cours d\u2019une r\u00e9union du Comit\u00e9 r\u00e9gional de d\u00e9veloppement (CRD).<\/p>\n\n\n\n<p>La rencontre a port\u00e9 sur deux sujets notamment les pr\u00e9paratifs pour la rentr\u00e9e scolaire 2024-2025 et la c\u00e9l\u00e9bration du \u201dMois national de l\u2019alphab\u00e9tisation\u201d, en pr\u00e9sence des acteurs de l\u2019\u00e9ducation, des autorit\u00e9s administratives et des \u00e9lus locaux.<\/p>\n\n\n\n<p>La Journ\u00e9e nationale \u2018\u2019S\u00e9tal Sunu Reew\u201d est une initiative de mobilisation sociale lanc\u00e9e par le pr\u00e9sident de la R\u00e9publique Bassirou Diomaye Faye depuis le mois de juin pour \u2018\u2019amener les populations \u00e0 participer \u00e0 la prise en charge de la propret\u00e9 et du cadre de vie dans leurs quartiers\u201d.<\/p>\n\n\n\n<p>Elle vise aussi \u00e0 impliquer activement les communaut\u00e9s aux activit\u00e9s de d\u00e9veloppement locales et d\u2019int\u00e9r\u00eat public en rapport avec les services de l\u2019Etat.<\/p>\n\n\n\n<p>Apr\u00e8s son lancement \u00e0 Thiaroye Gare \u00e0 Dakar en juin, la journ\u00e9e nationale de \u2018\u2019S\u00e9tal Sunu Reew\u2019\u2019 s\u2019est d\u00e9roul\u00e9e \u00e0 Saint louis, le premier week-end du mois de juillet, \u00e0 Touba au d\u00e9but du mois d\u2019ao\u00fbt et \u00e0 Matam, d\u00e9but septembre.<\/p>\n\n\n\n<p>Dans le contexte d\u2019hivernage, les trois premi\u00e8res \u00e9ditions \u00e9taient ax\u00e9es sur la gestion et la pr\u00e9vention des inondations, ainsi que sur le reboisement.<\/p>\n","protected":false},"excerpt":{"rendered":"<p>(APS) \u2013 La prochaine \u00e9dition de la journ\u00e9e de nettoiement \u201dS\u00e9tal Sunu Reew\u201d, pr\u00e9vue le 5 octobre, sera exclusivement consacr\u00e9e<\/p>\n","protected":false},"author":1,"featured_media":39656,"comment_status":"open","ping_status":"open","sticky":false,"template":"","format":"standard","meta":{"footnotes":""},"categories":[21],"tags":[],"class_list":["post-42801","post","type-post","status-publish","format-standard","has-post-thumbnail","hentry","category-societe"],"_links":{"self":[{"href":"https:\/\/dekkbi.com\/index.php?rest_route=\/wp\/v2\/posts\/42801","targetHints":{"allow":["GET"]}}],"collection":[{"href":"https:\/\/dekkbi.com\/index.php?rest_route=\/wp\/v2\/posts"}],"about":[{"href":"https:\/\/dekkbi.com\/index.php?rest_route=\/wp\/v2\/types\/post"}],"author":[{"embeddable":true,"href":"https:\/\/dekkbi.com\/index.php?rest_route=\/wp\/v2\/users\/1"}],"replies":[{"embeddable":true,"href":"https:\/\/dekkbi.com\/index.php?rest_route=%2Fwp%2Fv2%2Fcomments&post=42801"}],"version-history":[{"count":1,"href":"https:\/\/dekkbi.com\/index.php?rest_route=\/wp\/v2\/posts\/42801\/revisions"}],"predecessor-version":[{"id":42802,"href":"https:\/\/dekkbi.com\/index.php?rest_route=\/wp\/v2\/posts\/42801\/revisions\/42802"}],"wp:featuredmedia":[{"embeddable":true,"href":"https:\/\/dekkbi.com\/index.php?rest_route=\/wp\/v2\/media\/39656"}],"wp:attachment":[{"href":"https:\/\/dekkbi.com\/index.php?rest_route=%2Fwp%2Fv2%2Fmedia&parent=42801"}],"wp:term":[{"taxonomy":"category","embeddable":true,"href":"https:\/\/dekkbi.com\/index.php?rest_route=%2Fwp%2Fv2%2Fcategories&post=42801"},{"taxonomy":"post_tag","embeddable":true,"href":"https:\/\/dekkbi.com\/index.php?rest_route=%2Fwp%2Fv2%2Ftags&post=42801"}],"curies":[{"name":"wp","href":"https:\/\/api.w.org\/{rel}","templated":true}]}}