{"id":42771,"date":"2024-09-24T11:28:13","date_gmt":"2024-09-24T11:28:13","guid":{"rendered":"https:\/\/dekkbi.com\/?p=42771"},"modified":"2024-09-24T11:28:13","modified_gmt":"2024-09-24T11:28:13","slug":"entreprenariat-rapide-des-femmes-et-des-jeunes-aida-mbodj-engage-la-decentralisation-des-interventions-de-la-der-fj","status":"publish","type":"post","link":"https:\/\/dekkbi.com\/?p=42771","title":{"rendered":"Entreprenariat rapide des femmes et des jeunes: Aida Mbodj engage la d\u00e9centralisation des interventions de la DER\/FJ"},"content":{"rendered":"\n<p><strong>La d\u00e9l\u00e9gu\u00e9e g\u00e9n\u00e9rale&nbsp; \u00e0 l\u2019entreprenariat rapide des femmes et des jeunes Aida Mbodj a entrepris&nbsp; depuis hier,&nbsp; lundi 23 septembre, une tourn\u00e9e d\u2019une semaine dans la partie Nord du pays. L\u2019objectif de cette tourn\u00e9e est&nbsp;<em>d\u2019informer les&nbsp; populations sur les m\u00e9canismes de financement de la DER et recueillir leurs attentes et pr\u00e9occupations par rapport \u00e0 l\u2019action de sa structure.<\/em><\/strong><\/p>\n\n\n\n<p>A la t\u00eate d\u2019une forte d\u00e9l\u00e9gation compos\u00e9e de ses collaborateurs, la d\u00e9l\u00e9gu\u00e9e g\u00e9n\u00e9rale \u00e0 l\u2019entreprenariat rapide des femmes et\u00a0 des jeunes Aida Mbodj va \u00e0 la rencontre des populations des r\u00e9gions de Louga, Saint-Louis et Matam afin de les informer sur les m\u00e9canismes de financement de la DER et recueillir leurs attentes et pr\u00e9occupations par rapport \u00e0 l\u2019action de la DER.\u00a0<em>\u00ab\u00a0Cette tourn\u00e9e est la preuve que la d\u00e9centralisation des interventions de la DER est d\u00e9sormais une r\u00e9alit\u00e9.<\/em>\u00a0<em>En t\u00e9moignent les \u00e9tapes de Thi\u00e8s et de K\u00e9b\u00e9mer marqu\u00e9es par la visite des antennes d\u00e9partementales, nouvellement install\u00e9es, pour se rapprocher des populations cibles<\/em>\u00bb, rapporte un communiqu\u00e9 qui nous est parvenu.\u00a0<em>\u00a0<\/em><\/p>\n\n\n\n<p>Selon la source, cette d\u00e9centralisation des services de la DER, accompagn\u00e9e par le renforcement de sa digitalisation, concourt \u00e0 une plus grande accessibilit\u00e9 des offres de financement de la structure. \u00ab\u00a0<em>Apr\u00e8s Thi\u00e8s et K\u00e9b\u00e9mer, l\u2019\u00e9tape de Louga a \u00e9t\u00e9 marqu\u00e9e par la tenue d\u2019un Comit\u00e9 r\u00e9gional de d\u00e9veloppement (CRD) pr\u00e9sid\u00e9 par Mme Le Gouverneur, en pr\u00e9sence de tous les pr\u00e9fets et sous-pr\u00e9fets des trois d\u00e9partements (Louga, K\u00e9b\u00e9mer et Lingu\u00e8re) et des chefs de services r\u00e9gionaux et d\u00e9partementaux<\/em>\u00a0\u00bb, lit-on dans le document. Il ressort des informations livr\u00e9es \u00e0 l\u2019occasion de ce CRD que pr\u00e8s de 4,9 milliards ont \u00e9t\u00e9 d\u00e9gag\u00e9s par la DER pour plus de 13 400 b\u00e9n\u00e9ficiaires. <\/p>\n\n\n\n<p>Sur cette enveloppe, le d\u00e9partement de Lingu\u00e8re a \u00e9t\u00e9 le mieux loti en raison de l\u2019activit\u00e9 sylvo-pastorale et du fort taux de b\u00e9n\u00e9ficiaires en nano cr\u00e9dit, une formule de financement d\u2019un montant de 50 \u00e0 500 mille francs pour des activit\u00e9s courantes. Le d\u00e9partement de K\u00e9b\u00e9mer arrive en deuxi\u00e8me position, suivi de celui de Louga o\u00f9 le passage de la D\u00e9l\u00e9gu\u00e9e G\u00e9n\u00e9rale Aida Mbodj s\u2019est accompagn\u00e9 d\u2019une bonne nouvelle. A savoir, la mise \u00e0 disposition d\u2019une enveloppe de 275 millions pour tous les porteurs de projet qui souhaitent disposer d\u2019un financement et qui peuvent d\u00e8s \u00e0 pr\u00e9sent en faire la demande \u00e0 travers une plate-forme ouverte \u00e0 cet effet. Mettant \u00e0 profit la forte pr\u00e9sence de l\u2019administration territoriale au CRD, Aida Mbodj et son \u00e9quipe ont formul\u00e9 deux demandes fortes. En l\u2019occurrence, la mise \u00e0 disposition de surfaces cultivables dont l\u2019exploitation pourrait \u00eatre financ\u00e9e enti\u00e8rement par la DER au profit de producteurs, qu\u2019il s\u2019agisse de femmes ou de jeunes. La deuxi\u00e8me demande a trait \u00e0 l\u2019imp\u00e9ratif du remboursement pour garantir la p\u00e9rennit\u00e9 des pr\u00eats et satisfaire le maximum de demandeurs.<\/p>\n\n\n\n<p><strong>NDEYE AMINATA CISSE<\/strong><br>SUDQUOTIDIRN<\/p>\n","protected":false},"excerpt":{"rendered":"<p>La d\u00e9l\u00e9gu\u00e9e g\u00e9n\u00e9rale&nbsp; \u00e0 l\u2019entreprenariat rapide des femmes et des jeunes Aida Mbodj a entrepris&nbsp; depuis hier,&nbsp; lundi 23 septembre,<\/p>\n","protected":false},"author":1,"featured_media":42772,"comment_status":"open","ping_status":"open","sticky":false,"template":"","format":"standard","meta":{"footnotes":""},"categories":[3],"tags":[],"class_list":["post-42771","post","type-post","status-publish","format-standard","has-post-thumbnail","hentry","category-event-more-news"],"_links":{"self":[{"href":"https:\/\/dekkbi.com\/index.php?rest_route=\/wp\/v2\/posts\/42771","targetHints":{"allow":["GET"]}}],"collection":[{"href":"https:\/\/dekkbi.com\/index.php?rest_route=\/wp\/v2\/posts"}],"about":[{"href":"https:\/\/dekkbi.com\/index.php?rest_route=\/wp\/v2\/types\/post"}],"author":[{"embeddable":true,"href":"https:\/\/dekkbi.com\/index.php?rest_route=\/wp\/v2\/users\/1"}],"replies":[{"embeddable":true,"href":"https:\/\/dekkbi.com\/index.php?rest_route=%2Fwp%2Fv2%2Fcomments&post=42771"}],"version-history":[{"count":1,"href":"https:\/\/dekkbi.com\/index.php?rest_route=\/wp\/v2\/posts\/42771\/revisions"}],"predecessor-version":[{"id":42773,"href":"https:\/\/dekkbi.com\/index.php?rest_route=\/wp\/v2\/posts\/42771\/revisions\/42773"}],"wp:featuredmedia":[{"embeddable":true,"href":"https:\/\/dekkbi.com\/index.php?rest_route=\/wp\/v2\/media\/42772"}],"wp:attachment":[{"href":"https:\/\/dekkbi.com\/index.php?rest_route=%2Fwp%2Fv2%2Fmedia&parent=42771"}],"wp:term":[{"taxonomy":"category","embeddable":true,"href":"https:\/\/dekkbi.com\/index.php?rest_route=%2Fwp%2Fv2%2Fcategories&post=42771"},{"taxonomy":"post_tag","embeddable":true,"href":"https:\/\/dekkbi.com\/index.php?rest_route=%2Fwp%2Fv2%2Ftags&post=42771"}],"curies":[{"name":"wp","href":"https:\/\/api.w.org\/{rel}","templated":true}]}}