{"id":42767,"date":"2024-09-24T11:22:25","date_gmt":"2024-09-24T11:22:25","guid":{"rendered":"https:\/\/dekkbi.com\/?p=42767"},"modified":"2024-09-24T11:22:25","modified_gmt":"2024-09-24T11:22:25","slug":"rappel-a-dieu-de-amadou-mahtar-mbow","status":"publish","type":"post","link":"https:\/\/dekkbi.com\/?p=42767","title":{"rendered":"Rappel \u00e0 Dieu de Amadou Mahtar Mbow"},"content":{"rendered":"\n<p>L\u2019ancien Directeur g\u00e9n\u00e9ral de l\u2019Unesco de 1974 \u00e0 1987, Amadou Mahtar Mbow, est d\u00e9c\u00e9d\u00e9 mardi, \u00e0 l\u2019\u00e2ge de 103 ans, a-t-on appris du journaliste Mademba Ndiaye.<\/p>\n\n\n\n<p>\u201dAmadou Mahtar Mbow vient de quitter ce monde dont il \u00e9t\u00e9 le serviteur toute sa vie. Il fait partie de ceux et celles qui ont men\u00e9 une vie utile pour le genre humain. A 103 ans, il peut reposer en paix. Que le Firdaws (paradis) soit sa demeure (\u2026.)\u201d, \u00e9crit&nbsp;Mademba Ndiaye dans un hommage sur X.<\/p>\n\n\n\n<p>Universitaire et homme politique, Amadou Mahtar Mbow a fait ses \u00e9tudes sup\u00e9rieures en France. Il a enseign\u00e9 l\u2019histoire et la g\u00e9ographie et a \u00e9t\u00e9 ministre de l\u2019Education, puis de la Culture, entre 1966 et 1970. Il a \u00e9t\u00e9 directeur g\u00e9n\u00e9ral de l\u2019Unesco pendant treize ans.<\/p>\n\n\n\n<p>Amadou Mahtar Mbow a pr\u00e9sid\u00e9 en juin 2008 les Assises nationales du S\u00e9n\u00e9gal ainsi que la Commission nationale de r\u00e9formes des institutions (CNRI).<\/p>\n\n\n\n<p>Le S\u00e9n\u00e9gal a c\u00e9l\u00e9br\u00e9 en mars 2021 le Centenaire de&nbsp;Amadou Mahtar Mbow,&nbsp;sous le parrainage de l\u2019ancien chef de l\u2019Etat Macky Sall.<\/p>\n\n\n\n<p>L\u2019\u00e9v\u00e8nement a \u00e9t\u00e9 marqu\u00e9 par la tenue d\u2019un colloque international et d\u2019une exposition sur la vie et \u00e0 l\u2019\u0153uvre du professeur Amadou Mahtar Mbow.<\/p>\n\n\n\n<p>Les th\u00e8mes \u2018\u2019Amadou Mahtar Mbow, l\u2019\u00e9ducateur \u00e9m\u00e9rite\u2019\u2019, \u2018\u2019Amadou Mahtar Mbow, le visionnaire : actualit\u00e9 du Nouvel Ordre Mondial de l\u2019information et de la Communication (NOMIC) et du consensus\u2019\u2019 seront d\u00e9battus ainsi que \u2018\u2019Amadou Mahtar Mbow, permanence d\u2019un engagement politique et citoyen\u2019\u2019 \u00e9taient au menu des d\u00e9bats.<\/p>\n\n\n\n<p>Avec APS<\/p>\n","protected":false},"excerpt":{"rendered":"<p>L\u2019ancien Directeur g\u00e9n\u00e9ral de l\u2019Unesco de 1974 \u00e0 1987, Amadou Mahtar Mbow, est d\u00e9c\u00e9d\u00e9 mardi, \u00e0 l\u2019\u00e2ge de 103 ans,<\/p>\n","protected":false},"author":1,"featured_media":42768,"comment_status":"open","ping_status":"open","sticky":false,"template":"","format":"standard","meta":{"footnotes":""},"categories":[26],"tags":[],"class_list":["post-42767","post","type-post","status-publish","format-standard","has-post-thumbnail","hentry","category-fait-divers"],"_links":{"self":[{"href":"https:\/\/dekkbi.com\/index.php?rest_route=\/wp\/v2\/posts\/42767","targetHints":{"allow":["GET"]}}],"collection":[{"href":"https:\/\/dekkbi.com\/index.php?rest_route=\/wp\/v2\/posts"}],"about":[{"href":"https:\/\/dekkbi.com\/index.php?rest_route=\/wp\/v2\/types\/post"}],"author":[{"embeddable":true,"href":"https:\/\/dekkbi.com\/index.php?rest_route=\/wp\/v2\/users\/1"}],"replies":[{"embeddable":true,"href":"https:\/\/dekkbi.com\/index.php?rest_route=%2Fwp%2Fv2%2Fcomments&post=42767"}],"version-history":[{"count":1,"href":"https:\/\/dekkbi.com\/index.php?rest_route=\/wp\/v2\/posts\/42767\/revisions"}],"predecessor-version":[{"id":42769,"href":"https:\/\/dekkbi.com\/index.php?rest_route=\/wp\/v2\/posts\/42767\/revisions\/42769"}],"wp:featuredmedia":[{"embeddable":true,"href":"https:\/\/dekkbi.com\/index.php?rest_route=\/wp\/v2\/media\/42768"}],"wp:attachment":[{"href":"https:\/\/dekkbi.com\/index.php?rest_route=%2Fwp%2Fv2%2Fmedia&parent=42767"}],"wp:term":[{"taxonomy":"category","embeddable":true,"href":"https:\/\/dekkbi.com\/index.php?rest_route=%2Fwp%2Fv2%2Fcategories&post=42767"},{"taxonomy":"post_tag","embeddable":true,"href":"https:\/\/dekkbi.com\/index.php?rest_route=%2Fwp%2Fv2%2Ftags&post=42767"}],"curies":[{"name":"wp","href":"https:\/\/api.w.org\/{rel}","templated":true}]}}