{"id":42677,"date":"2024-09-23T10:48:09","date_gmt":"2024-09-23T10:48:09","guid":{"rendered":"https:\/\/dekkbi.com\/?p=42677"},"modified":"2024-09-23T10:48:10","modified_gmt":"2024-09-23T10:48:10","slug":"presidentielle-en-tunisie-des-tribunaux-instrumentalises-contre-lopposition-politique-denonce-amnesty","status":"publish","type":"post","link":"https:\/\/dekkbi.com\/?p=42677","title":{"rendered":"Pr\u00e9sidentielle en Tunisie: \u00abDes tribunaux instrumentalis\u00e9s contre l&rsquo;opposition politique\u00bb, d\u00e9nonce Amnesty"},"content":{"rendered":"\n<p>L\u2019\u00e9lection pr\u00e9sidentielle en Tunisie est pr\u00e9vue le dimanche 6 octobre 2024. Le chef de l\u2019\u00c9tat sortant Ka\u00efs Sa\u00efed brigue un nouveau mandat. Selon Amnesty International, les autorit\u00e9s tunisiennes ont intensifi\u00e9 leurs mesures de r\u00e9pression contre la libert\u00e9 d&rsquo;expression et d&rsquo;association. \u00ab&nbsp;<em>Les opposants politiques se sont vus arr\u00eat\u00e9s, d\u00e9tenus, et mis en examen pour des accusations de complot contre la s\u00e9curit\u00e9 de l&rsquo;\u00c9tat, avec des vagues d&rsquo;arrestations successives qui ont touch\u00e9 des partis politiques diff\u00e9rents<\/em>&nbsp;\u00bb, interpelle Fida Hammami, repr\u00e9sentante de cette ONG pour l&rsquo;Afrique du Nord.<\/p>\n\n\n\n<p>\u00c0 deux semaines de l\u2019\u00e9lection pr\u00e9sidentielle en\u00a0<strong>Tunisie\u00a0<\/strong>pr\u00e9vue le 6 octobre prochain, Amnesty International d\u00e9nonce la restriction des libert\u00e9s. Selon l&rsquo;ONG, les autorit\u00e9s tunisiennes ont intensifi\u00e9 leurs mesures de r\u00e9pression contre la libert\u00e9 d&rsquo;expression et d&rsquo;association.<\/p>\n\n\n\n<p>Elles harc\u00e8lent des opposants politiques, entravent le travail des journalistes, des d\u00e9fenseurs des droits humains et des ONG et elles prennent des mesures visant \u00e0 saper davantage l\u2019ind\u00e9pendance judiciaire, affirme Amnesty.<\/p>\n\n\n\n<p>Rien qu&rsquo;en septembre dernier, pr\u00e8s de 100 cadres du parti islamiste de l&rsquo;opposition Ennahda ont \u00e9t\u00e9 emprisonn\u00e9s. Ils ont \u00e9t\u00e9 conduits devant la brigade antiterroriste et sont arbitrairement d\u00e9tenus comme d&rsquo;autres responsables politiques et activistes, critiques du pr\u00e9sident tunisien.<\/p>\n\n\n\n<h2 class=\"wp-block-heading\">\u00ab&nbsp;<em>Le pr\u00e9sident a pris des d\u00e9cisions qui ont compromis l&rsquo;ind\u00e9pendance de la justice<\/em>&nbsp;\u00bb<\/h2>\n\n\n\n<p>\u00ab\u00a0<em>Les opposants politiques se sont vus arr\u00eat\u00e9s, d\u00e9tenus, et mis en examen pour des accusations de complot contre la s\u00e9curit\u00e9 de l&rsquo;\u00c9tat, avec des vagues d&rsquo;arrestations successives qui ont touch\u00e9 des partis politiques diff\u00e9rents<\/em>, souligne Fida Hammami, repr\u00e9sentante d&rsquo;Amnesty pour l&rsquo;Afrique du Nord, au micro d\u2019<strong>Houda Ibrahim<\/strong>.<em>\u00a0Nous avons aussi des chefs de parti comme\u00a0Abir Moussi ou comme\u00a0<strong>Rached Ghannouchi<\/strong>, qui sont en prison depuis plus d&rsquo;un an et qui font face \u00e0 des proc\u00e8s qui ne r\u00e9pondent pas aux conditions de proc\u00e8s \u00e9quitables, parce que les tribunaux ne sont plus ind\u00e9pendants. Et cela parce que le pr\u00e9sident a pris des d\u00e9cisions qui ont compromis l&rsquo;ind\u00e9pendance de la justice<\/em>\u00a0\u00bb.<\/p>\n\n\n\n<p>Fida Hammami insiste&nbsp;: \u00ab&nbsp;<em>Les tribunaux sont maintenant instrumentalis\u00e9s contre l&rsquo;opposition politique, contre les critiques du pouvoir en place et contre les journalistes d\u00e9fenseurs de droits humains, activistes et aussi le r\u00e9tr\u00e9cissement de l&rsquo;espace par rapport \u00e0 l&rsquo;activit\u00e9 des ONG. Pour la premi\u00e8re fois, l&rsquo;instance qui est responsable d&rsquo;organiser les \u00e9lections ne permet pas \u00e0 deux organisations phares dans les domaines d&rsquo;observation et de transparence d&rsquo;observer les \u00e9lections.<\/em>&nbsp;\u00bb<\/p>\n\n\n\n<p>SOURCE RFI<\/p>\n","protected":false},"excerpt":{"rendered":"<p>L\u2019\u00e9lection pr\u00e9sidentielle en Tunisie est pr\u00e9vue le dimanche 6 octobre 2024. Le chef de l\u2019\u00c9tat sortant Ka\u00efs Sa\u00efed brigue un<\/p>\n","protected":false},"author":1,"featured_media":42678,"comment_status":"open","ping_status":"open","sticky":false,"template":"","format":"standard","meta":{"footnotes":""},"categories":[51],"tags":[],"class_list":["post-42677","post","type-post","status-publish","format-standard","has-post-thumbnail","hentry","category-general"],"_links":{"self":[{"href":"https:\/\/dekkbi.com\/index.php?rest_route=\/wp\/v2\/posts\/42677","targetHints":{"allow":["GET"]}}],"collection":[{"href":"https:\/\/dekkbi.com\/index.php?rest_route=\/wp\/v2\/posts"}],"about":[{"href":"https:\/\/dekkbi.com\/index.php?rest_route=\/wp\/v2\/types\/post"}],"author":[{"embeddable":true,"href":"https:\/\/dekkbi.com\/index.php?rest_route=\/wp\/v2\/users\/1"}],"replies":[{"embeddable":true,"href":"https:\/\/dekkbi.com\/index.php?rest_route=%2Fwp%2Fv2%2Fcomments&post=42677"}],"version-history":[{"count":1,"href":"https:\/\/dekkbi.com\/index.php?rest_route=\/wp\/v2\/posts\/42677\/revisions"}],"predecessor-version":[{"id":42679,"href":"https:\/\/dekkbi.com\/index.php?rest_route=\/wp\/v2\/posts\/42677\/revisions\/42679"}],"wp:featuredmedia":[{"embeddable":true,"href":"https:\/\/dekkbi.com\/index.php?rest_route=\/wp\/v2\/media\/42678"}],"wp:attachment":[{"href":"https:\/\/dekkbi.com\/index.php?rest_route=%2Fwp%2Fv2%2Fmedia&parent=42677"}],"wp:term":[{"taxonomy":"category","embeddable":true,"href":"https:\/\/dekkbi.com\/index.php?rest_route=%2Fwp%2Fv2%2Fcategories&post=42677"},{"taxonomy":"post_tag","embeddable":true,"href":"https:\/\/dekkbi.com\/index.php?rest_route=%2Fwp%2Fv2%2Ftags&post=42677"}],"curies":[{"name":"wp","href":"https:\/\/api.w.org\/{rel}","templated":true}]}}